{"id":14750,"date":"2017-08-02T06:00:00","date_gmt":"2017-08-02T04:00:00","guid":{"rendered":"https:\/\/www.opinionpublica.tv\/portada\/2017\/08\/02\/dos-programas-comunes\/"},"modified":"2017-08-02T06:00:00","modified_gmt":"2017-08-02T04:00:00","slug":"dos-programas-comunes","status":"publish","type":"post","link":"https:\/\/www.opinionpublica.tv\/portada\/dos-programas-comunes\/","title":{"rendered":"Dos Programas Comunes"},"content":{"rendered":"<p style=\"text-align: justify;\">Uno de los dilemas m\u00e1s complejos de la construcci\u00f3n del llamado Frente Amplio Opositor o Democr\u00e1tico yace en la elaboraci\u00f3n de un programa com\u00fan, aceptado por el PAN, el PRD, MC y los eventuales sectores de la sociedad civil que se unir\u00edan bajo una misma bandera. Obviamente no es el \u00fanico obst\u00e1culo. Escoger a candidatos \u00fanicos a la presidencia, la jefatura de un gobierno de coalici\u00f3n, de la Ciudad de M\u00e9xico, y de sendas bancadas en el Senado y la C\u00e1mara de Diputados puede constituir una tarea tit\u00e1nica, o francamente imposible.<\/p>\n<p><!--more--><\/p>\n<p style=\"text-align: justify;\">Encontrar aspirantes que encabecen un frente tan antiPRI como antiAMLO, y a la vez enarbolen una propuesta innovadora, audaz y atractiva constituye asimismo un reto quiz\u00e1s insuperable. Pero el programa encierra sus propias dificultades, en algunos sentidos m\u00e1s interesantes.<\/p>\n<p style=\"text-align: justify;\">En discusiones con diversos interlocutores vinculados a la construcci\u00f3n del hipot\u00e9tico frente, he detectado una disyuntiva hasta cierto punto tajante a prop\u00f3sito del hilo conductor del programa posible. O bien se proceder\u00eda mediante la llamada triangulaci\u00f3n \u2013inventada por Bill Clinton a principios de los a\u00f1os 90\u2013 sumando posturas de todas las partes, o bien habr\u00eda que recurrir al mecanismo de los denominadores comunes m\u00ednimos de todas las partes. Ambas posturas encierran ventajas y desventajas.<\/p>\n<p style=\"text-align: justify;\">La triangulaci\u00f3n implicar\u00eda sumar, por ejemplo, las tesis liberales del PAN en materia econ\u00f3mica e internacional, a las definiciones progresistas del PRD, de los independientes y de parte de la sociedad civil en materia social y de vida cotidiana. As\u00ed, un programa com\u00fan incluir\u00eda la profundizaci\u00f3n de la reforma energ\u00e9tica, una mayor apertura econ\u00f3mica, una reforma fiscal basada en el aumento y la extensi\u00f3n del IVA, la reforma del sistema de procuraci\u00f3n de justicia y del r\u00e9gimen pol\u00edtico mexicano, y una posici\u00f3n internacional comprometida con los derechos humanos y la defensa colectiva de la democracia representativa y no con la no-intervenci\u00f3n.<\/p>\n<p style=\"text-align: justify;\">Pero tambi\u00e9n incorporar\u00eda el ingreso b\u00e1sico universal, el alza del salario m\u00ednimo, un sistema universal de protecci\u00f3n social, la interrupci\u00f3n voluntaria del embarazo, la legalizaci\u00f3n de la mariguana, y una activa promoci\u00f3n de la sustituci\u00f3n de importaciones de los insumos de las exportaciones.<\/p>\n<p style=\"text-align: justify;\">Este camino revestir\u00eda la ventaja de darle satisfacci\u00f3n a todos los integrantes del frente, a nivel cupular. Pero podr\u00eda traer como grave consecuencia enajenar a las bases: las del PAN, que no tolerar\u00edan temas como el aborto o los matrimonios igualitarios, o a las de la izquierda, que no aceptar\u00edan la privatizaci\u00f3n de parte de las hipot\u00e9ticas acciones de Pemex. Tal vez los intelectuales, activistas y militantes ver\u00edan con buenos ojos un esquema de esta naturaleza, pero los votantes se enfurecer\u00edan. Los del PAN se refugiar\u00edan en la abstenci\u00f3n o el voto \u00fatil por el PRI, como en 2012, y los del PRD se aventar\u00edan a los brazos de Morena.<\/p>\n<p style=\"text-align: justify;\">La otra opci\u00f3n es m\u00e1s prudente, pero quiz\u00e1s menos movilizadora. El programa incluir\u00eda, y s\u00f3lo incluir\u00eda, aquellas propuestas comunes a todos sectores: PAN, PRD, MC, sociedad civil e independientes. Empezar\u00eda posiblemente con la lucha contra la corrupci\u00f3n, tal vez un fin a la guerra del narco y la construcci\u00f3n de un estado de derecho funcional, una pol\u00edtica econ\u00f3mica que buscara un mayor crecimiento, un combate m\u00e1s imaginativo a la pobreza y la desigualdad, y algunas reformas pol\u00edtico-electorales (segunda vuelta, reducci\u00f3n del financiamiento a los partidos y del n\u00famero de diputados y senadores plurinominales).<\/p>\n<p style=\"text-align: justify;\">Existen suficientes convergencias para que no se tratara de una simple lista de lugares comunes o buenos deseos, y al mismo tiempo, los electores de base no se sentir\u00edan ofendidos. El problema aqu\u00ed es saber qu\u00e9 suceder\u00eda cuando, por una raz\u00f3n u otra, fuera preciso abordar temas espinosos excluidos del programa com\u00fan, y que la actualidad impusiera. Lo conveniente de este segundo enfoque consiste en que los pleitos vendr\u00edan despu\u00e9s; con el primero, vendr\u00edan antes.<\/p>\n<p style=\"text-align: justify;\">Supongo que los arquitectos del Frente han revisado estas opciones \u2013y otras, desde luego\u2013 y que van avanzando por buen camino. Eso esperamos muchos que ya no nos resignamos a votar por el mal menor, que tenemos una definici\u00f3n clara \u2013la m\u00eda es la candidatura independiente de R\u00edos Piter\u2013 pero que podr\u00edamos apoyar una v\u00eda que incluyera nuestra primera preferencia y la ampliara.<\/p>\n","protected":false},"excerpt":{"rendered":"<p>Uno de los dilemas m\u00e1s complejos de la construcci\u00f3n del llamado Frente Amplio Opositor o Democr\u00e1tico yace en la elaboraci\u00f3n de un programa com\u00fan, aceptado por el PAN, el PRD, MC y los eventuales sectores de la sociedad civil que se unir\u00edan bajo una misma bandera. Obviamente no es el \u00fanico obst\u00e1culo. Escoger a candidatos [&hellip;]<\/p>\n","protected":false},"author":6,"featured_media":0,"comment_status":"open","ping_status":"open","sticky":false,"template":"","format":"standard","meta":{"_acf_changed":false,"_monsterinsights_skip_tracking":false,"slim_seo":{"title":"Dos Programas Comunes - Opini\u00f3n P\u00fablica","description":"Uno de los dilemas m\u00e1s complejos de la construcci\u00f3n del llamado Frente Amplio Opositor o Democr\u00e1tico yace en la elaboraci\u00f3n de un programa com\u00fan, aceptado por e"},"footnotes":""},"categories":[18],"tags":[],"class_list":["post-14750","post","type-post","status-publish","format-standard","hentry","category-castaneda-opina"],"acf":[],"_links":{"self":[{"href":"https:\/\/www.opinionpublica.tv\/portada\/wp-json\/wp\/v2\/posts\/14750","targetHints":{"allow":["GET"]}}],"collection":[{"href":"https:\/\/www.opinionpublica.tv\/portada\/wp-json\/wp\/v2\/posts"}],"about":[{"href":"https:\/\/www.opinionpublica.tv\/portada\/wp-json\/wp\/v2\/types\/post"}],"author":[{"embeddable":true,"href":"https:\/\/www.opinionpublica.tv\/portada\/wp-json\/wp\/v2\/users\/6"}],"replies":[{"embeddable":true,"href":"https:\/\/www.opinionpublica.tv\/portada\/wp-json\/wp\/v2\/comments?post=14750"}],"version-history":[{"count":0,"href":"https:\/\/www.opinionpublica.tv\/portada\/wp-json\/wp\/v2\/posts\/14750\/revisions"}],"wp:attachment":[{"href":"https:\/\/www.opinionpublica.tv\/portada\/wp-json\/wp\/v2\/media?parent=14750"}],"wp:term":[{"taxonomy":"category","embeddable":true,"href":"https:\/\/www.opinionpublica.tv\/portada\/wp-json\/wp\/v2\/categories?post=14750"},{"taxonomy":"post_tag","embeddable":true,"href":"https:\/\/www.opinionpublica.tv\/portada\/wp-json\/wp\/v2\/tags?post=14750"}],"curies":[{"name":"wp","href":"https:\/\/api.w.org\/{rel}","templated":true}]}}