{"id":14745,"date":"2017-08-02T06:00:00","date_gmt":"2017-08-02T04:00:00","guid":{"rendered":"https:\/\/www.opinionpublica.tv\/portada\/2017\/08\/02\/inauguran-camellon-central-en-avenida-gomez-morin\/"},"modified":"2017-08-02T06:00:00","modified_gmt":"2017-08-02T04:00:00","slug":"inauguran-camellon-central-en-avenida-gomez-morin","status":"publish","type":"post","link":"https:\/\/www.opinionpublica.tv\/portada\/inauguran-camellon-central-en-avenida-gomez-morin\/","title":{"rendered":"Inauguran camell\u00f3n central en avenida G\u00f3mez Mor\u00edn"},"content":{"rendered":"<p><img fetchpriority=\"high\" decoding=\"async\" class=\" size-full wp-image-14744\" src=\"https:\/\/www.opinionpublica.tv\/portada\/wp-content\/uploads\/2017\/08\/932ff38b32d13f6df5861d5e5f6202f8.jpg\" alt=\"\" width=\"1024\" height=\"683\" srcset=\"https:\/\/www.opinionpublica.tv\/portada\/wp-content\/uploads\/2017\/08\/932ff38b32d13f6df5861d5e5f6202f8.jpg 1024w, https:\/\/www.opinionpublica.tv\/portada\/wp-content\/uploads\/2017\/08\/932ff38b32d13f6df5861d5e5f6202f8-300x200.jpg 300w, https:\/\/www.opinionpublica.tv\/portada\/wp-content\/uploads\/2017\/08\/932ff38b32d13f6df5861d5e5f6202f8-768x512.jpg 768w\" sizes=\"(max-width: 1024px) 100vw, 1024px\" \/><br \/>\n<!--more--><\/p>\n<p style=\"text-align: justify;\">Con la intenci\u00f3n de disminuir la estad\u00edstica de accidentes automovil\u00edsticos y mejorar la seguridad en la movilidad peatonal, ciclista y de transporte, el Gobierno Municipal Independiente puso en funcionamiento el camell\u00f3n central construido en la avenida Manuel G\u00f3mez Mor\u00edn.<\/p>\n<p style=\"text-align: justify;\">La obra consta de un sem\u00e1foro, un camell\u00f3n de 280 metros de longitud y 3.5 metros de ancho, construido entre las calles Faraday y Camperos como parte de una donaci\u00f3n hecha al Municipio por tres empresas que desarrollaron obras de drenaje en la zona y cuyos montos de inversi\u00f3n quedaron a reserva de los donadores.<\/p>\n<p style=\"text-align: justify;\">Al respecto, el Presidente Municipal Armando Cabada Alv\u00eddrez, explic\u00f3 que la creaci\u00f3n de este camell\u00f3n result\u00f3 de un estudio conjunto realizado por el Instituto Municipal de Investigaci\u00f3n y Planeaci\u00f3n (IMIP) y la Direcci\u00f3n General de Tr\u00e1nsito Municipal, con la intenci\u00f3n de organizar el flujo de veh\u00edculos que transitan por la vialidad ante el alto riesgo de incidentes viales en la zona.<\/p>\n<p style=\"text-align: justify;\">\u201cEstamos aqu\u00ed para poner en marcha la obra, el motivo principal es pedir la colaboraci\u00f3n de los conductores en este tramo en particular, confiamos en que bajar\u00e1 la incidencia de accidentes y para eso se necesita la ayuda de todos\u201d, mencion\u00f3 el Alcalde.<\/p>\n<p style=\"text-align: justify;\">El inapropiado dise\u00f1o anterior del crucero y las limitaciones en infraestructura, hac\u00edan de lugar un punto de riesgo para los miles de conductores que diariamente realizan maniobras en la avenida Manuel G\u00f3mez Mor\u00edn en su cruce con calle Pedro Rosales de Le\u00f3n y con la calle Faraday.<\/p>\n<p style=\"text-align: justify;\">Con esta obra se permitir\u00e1 en el sentido de poniente a oriente la maniobra de vuelta izquierda de forma directa en la calle Primavera y en la calle Faraday.<\/p>\n<p style=\"text-align: justify;\">En el sentido de oriente a poniente se permite la maniobra de vuelta a la izquierda de forma directa en la calle Camperos y en un retorno ubicado en el cruce de la calle Primavera.<\/p>\n<p style=\"text-align: justify;\">En estos dos retornos se re direccion\u00f3 la maniobra de vuelta izquierda de la avenida Manuel G\u00f3mez Mor\u00edn a la calle Pedro Rosales de Le\u00f3n, haciendo esta maniobra de manera indirecta.<\/p>\n<p style=\"text-align: justify;\">Con la intenci\u00f3n de apoyar a la ciudadan\u00eda en el uso de esta nueva estructura, habr\u00e1 elementos de la Direcci\u00f3n General de Tr\u00e1nsito Municipal (DGTM) en la zona para dar instrucciones sobre el funcionamiento de esta vialidad, dio a conocer el Presidente.<\/p>\n","protected":false},"excerpt":{"rendered":"","protected":false},"author":4,"featured_media":14744,"comment_status":"open","ping_status":"open","sticky":false,"template":"","format":"standard","meta":{"_acf_changed":false,"_monsterinsights_skip_tracking":false,"slim_seo":{"title":"Inauguran camell\u00f3n central en avenida G\u00f3mez Mor\u00edn - Opini\u00f3n P\u00fablica","description":"Con la intenci\u00f3n de disminuir la estad\u00edstica de accidentes automovil\u00edsticos y mejorar la seguridad en la movilidad peatonal, ciclista y de transporte, el Gobier"},"footnotes":""},"categories":[5],"tags":[],"class_list":["post-14745","post","type-post","status-publish","format-standard","has-post-thumbnail","hentry","category-frontera"],"acf":[],"_links":{"self":[{"href":"https:\/\/www.opinionpublica.tv\/portada\/wp-json\/wp\/v2\/posts\/14745","targetHints":{"allow":["GET"]}}],"collection":[{"href":"https:\/\/www.opinionpublica.tv\/portada\/wp-json\/wp\/v2\/posts"}],"about":[{"href":"https:\/\/www.opinionpublica.tv\/portada\/wp-json\/wp\/v2\/types\/post"}],"author":[{"embeddable":true,"href":"https:\/\/www.opinionpublica.tv\/portada\/wp-json\/wp\/v2\/users\/4"}],"replies":[{"embeddable":true,"href":"https:\/\/www.opinionpublica.tv\/portada\/wp-json\/wp\/v2\/comments?post=14745"}],"version-history":[{"count":0,"href":"https:\/\/www.opinionpublica.tv\/portada\/wp-json\/wp\/v2\/posts\/14745\/revisions"}],"wp:featuredmedia":[{"embeddable":true,"href":"https:\/\/www.opinionpublica.tv\/portada\/wp-json\/wp\/v2\/media\/14744"}],"wp:attachment":[{"href":"https:\/\/www.opinionpublica.tv\/portada\/wp-json\/wp\/v2\/media?parent=14745"}],"wp:term":[{"taxonomy":"category","embeddable":true,"href":"https:\/\/www.opinionpublica.tv\/portada\/wp-json\/wp\/v2\/categories?post=14745"},{"taxonomy":"post_tag","embeddable":true,"href":"https:\/\/www.opinionpublica.tv\/portada\/wp-json\/wp\/v2\/tags?post=14745"}],"curies":[{"name":"wp","href":"https:\/\/api.w.org\/{rel}","templated":true}]}}