{"id":14738,"date":"2017-08-02T06:00:00","date_gmt":"2017-08-02T04:00:00","guid":{"rendered":"https:\/\/www.opinionpublica.tv\/portada\/2017\/08\/02\/efemerides-2-de-agosto\/"},"modified":"2017-08-02T06:00:00","modified_gmt":"2017-08-02T04:00:00","slug":"efemerides-2-de-agosto","status":"publish","type":"post","link":"https:\/\/www.opinionpublica.tv\/portada\/efemerides-2-de-agosto\/","title":{"rendered":"Efem\u00e9rides 2 de agosto"},"content":{"rendered":"<img fetchpriority=\"high\" decoding=\"async\" class=\" size-full wp-image-14737\" src=\"https:\/\/www.opinionpublica.tv\/portada\/wp-content\/uploads\/2017\/08\/063b16291eeff39a1c531857b396e09c.jpg\" alt=\"\" class=\"caption\" title=\"La Guerra del Golfo marc\u00f3 el fin de la era de Sadam Hussein a\u00f1os m\u00e1s tarde.\" width=\"1154\" height=\"713\" srcset=\"https:\/\/www.opinionpublica.tv\/portada\/wp-content\/uploads\/2017\/08\/063b16291eeff39a1c531857b396e09c.jpg 1154w, https:\/\/www.opinionpublica.tv\/portada\/wp-content\/uploads\/2017\/08\/063b16291eeff39a1c531857b396e09c-300x185.jpg 300w, https:\/\/www.opinionpublica.tv\/portada\/wp-content\/uploads\/2017\/08\/063b16291eeff39a1c531857b396e09c-1024x633.jpg 1024w, https:\/\/www.opinionpublica.tv\/portada\/wp-content\/uploads\/2017\/08\/063b16291eeff39a1c531857b396e09c-768x475.jpg 768w\" sizes=\"(max-width: 1154px) 100vw, 1154px\" \/>\n<p style=\"text-align: justify;\">Un d\u00eda 2 de agosto como hoy, pero de 1990, Irak invade el emirato de Kuwait, en lo que supuso el comienzo de la Guerra del Golfo, entre el r\u00e9gimen de Sadam Hussein y una coalici\u00f3n autorizada por Naciones Unidas, compuesta por 34 pa\u00edses y liderada por Estados Unidos.<\/p>\n<p><!--more--><\/p>\n<p style=\"text-align: justify;\"><strong>Otras Efem\u00e9rides:<\/strong><\/p>\n<p style=\"text-align: justify;\">1483.- Bula de Sixto IV en la que nombra a fray Tom\u00e1s de Torquemada inquisidor general de Castilla y Le\u00f3n, cargo que hizo extensivo despu\u00e9s a Arag\u00f3n, Catalu\u00f1a y Valencia, con lo que fue el primer inquisidor general para toda Espa\u00f1a.<\/p>\n<p style=\"text-align: justify;\">1814.- Estalla en Cuzco un movimiento rebelde indio que estuvo a punto de lograr la independencia de Per\u00fa.<\/p>\n<p style=\"text-align: justify;\">1828.- Antonio Jos\u00e9 de Sucre renuncia a la Presidencia de Bolivia.<\/p>\n<p style=\"text-align: justify;\">1845.- Fuerzas navales franco-brit\u00e1nicas apresan a los buques argentinos que bloqueaban Montevideo, en la guerra que Rosas y Oribe sosten\u00edan contra Uruguay.<\/p>\n<p style=\"text-align: justify;\">1872.- Manuel Pardo, fundador del Partido Civilista, se convierte en presidente de Per\u00fa.<\/p>\n<p style=\"text-align: justify;\">1884.- Nace R\u00f3mulo Gallegos, escritor y pol\u00edtico venezolano.<\/p>\n<p style=\"text-align: justify;\">1914.- El Gobierno belga rechaza el ultim\u00e1tum alem\u00e1n que exig\u00eda el paso libre de sus tropas por B\u00e9lgica.<\/p>\n<p style=\"text-align: justify;\">1915.- Revoluci\u00f3n en M\u00e9xico: los partidarios de Carranza se apoderan de la capital.<\/p>\n<p style=\"text-align: justify;\">1921.- Lenin insta a los trabajadores de los pa\u00edses industrializados a movilizarse en ayuda de Rusia, amenazada por el hambre tras varios a\u00f1os de cosechas catastr\u00f3ficas.<\/p>\n<p style=\"text-align: justify;\">.- Muere Enrico Caruso, tenor italiano.<\/p>\n<p style=\"text-align: justify;\">1922.- Muere Alexander Graham Bell, inventor del tel\u00e9fono.<\/p>\n<p style=\"text-align: justify;\">1925.- Nace Jorge videla, militar y ex presidente argentino.<\/p>\n<p style=\"text-align: justify;\">1932.- Nace Peter O&#8217;Toole, actor brit\u00e1nico.<\/p>\n<p style=\"text-align: justify;\">1934.- Adolfo Hitler asume la presidencia del Tercer Reich tras la muerte del presidente de Alemania Paul von Hindenburg.<\/p>\n<p style=\"text-align: justify;\">1940.- El Gobierno de Vichy condena a muerte, por rebeld\u00eda, al general Charles De Gaulle.<\/p>\n<p style=\"text-align: justify;\">1942.- Nace Isabel Allende, escritora chilena.<\/p>\n<p style=\"text-align: justify;\">1945.- Termina la Conferencia de Potsdam, donde las grandes potencias establecieron las condiciones de la rendici\u00f3n alemana.<\/p>\n<p style=\"text-align: justify;\">1946.- Votaci\u00f3n de la ley Mac Mahon, en EEUU, contra toda divulgaci\u00f3n de informaciones concernientes a la energ\u00eda at\u00f3mica.<\/p>\n<p style=\"text-align: justify;\">1947.- Dimite el Gobierno chileno: Gonz\u00e1lez Videla forma uno nuevo con personalidades sin adscripci\u00f3n pol\u00edtica.<\/p>\n<p style=\"text-align: justify;\">1947.- Muere Tom\u00e1s Berreta, presidente de Uruguay.<\/p>\n<p style=\"text-align: justify;\">1961.- El Gobierno argentino cancela los poderes concedidos al Ej\u00e9rcito para erradicar actividades subversivas.<\/p>\n<p style=\"text-align: justify;\">1964.- Primer ataque de Vietnam del Norte a EEUU: una patrullera norvietnamita ataca a un destructor estadounidense en Tonk\u00edn.<\/p>\n<p style=\"text-align: justify;\">.- Muere Jos\u00e9 Mar\u00eda Castro, m\u00fasico argentino.<\/p>\n<p style=\"text-align: justify;\">1970.- Primer secuestro de un avi\u00f3n Boeing 747 que, con 378 pasajeros, fue desviado hacia Cuba cuando volaba de Nueva York a Puerto Rico.<\/p>\n<p style=\"text-align: justify;\">1976.- Muere Fritz Lang, cineasta alem\u00e1n exiliado en Hollywood.<\/p>\n<p style=\"text-align: justify;\">1978.- Muere Carlos Ch\u00e1vez, compositor mexicano.<\/p>\n<p style=\"text-align: justify;\">1979.- Muere V\u00edctor Ra\u00fal Haya de la Torre, pol\u00edtico peruano.<\/p>\n<p style=\"text-align: justify;\">1980.- Mueren 84 personas y m\u00e1s de 200 resultan heridas en un atentado de neofascistas en la estaci\u00f3n de Bolonia (Italia).<\/p>\n<p style=\"text-align: justify;\">1984.- Gran Breta\u00f1a y China llegan a un acuerdo por el que la colonia de Hong Kong fue transferida en 1997 a la Rep\u00fablica Popular.<\/p>\n<p style=\"text-align: justify;\">.- El expresidente argentino Jorge Rafael Videla es enviado a prisi\u00f3n preventiva por orden del Gobierno de Ra\u00fal Alfons\u00edn.<\/p>\n<p style=\"text-align: justify;\">1987.- El presidente peruano, Alan Garc\u00eda, anuncia la nacionalizaci\u00f3n de 10 bancos, 17 aseguradoras y seis entidades financieras.<\/p>\n<p style=\"text-align: justify;\">1989.- Teodoro Obiang toma posesi\u00f3n como presidente de Guinea Ecuatorial, tras vencer en las elecciones legislativas, celebradas diez a\u00f1os despu\u00e9s de llegar al poder por un golpe de Estado.<\/p>\n<p style=\"text-align: justify;\">1991.- Argentina y Chile resuelven parcialmente sus problemas lim\u00edtrofes pendientes desde 1902, excepto el de Laguna del Desierto.<\/p>\n<p style=\"text-align: justify;\">1992.- Croacia celebra elecciones presidenciales y parlamentarias, que ganan Franjo Tudjman y su partido, Comunidad Democr\u00e1tica.<\/p>\n<p style=\"text-align: justify;\">1994.- Muere Oscar Viale, actor y dramaturgo argentino.<\/p>\n<p style=\"text-align: justify;\">1997.- Muere William Burroughs, escritor estadounidense.<\/p>\n<p style=\"text-align: justify;\">2000.- Vicente Fox es declarado presidente de M\u00e9xico.<\/p>\n<p style=\"text-align: justify;\">2001.- El general serbobosnio Radislav Krstic es condenado por genocidio a 48 a\u00f1os de c\u00e1rcel por el TPI para la ex Yugoslavia.<\/p>\n<p style=\"text-align: justify;\">2002.- El Parlamento de Turqu\u00eda aprueba la abolici\u00f3n de la pena de muerte en tiempos de paz.<\/p>\n<p style=\"text-align: justify;\">2004.- Muere Henri Cartier-Bresson, fot\u00f3grafo franc\u00e9s.<\/p>\n<p style=\"text-align: justify;\">2007.- El presidente de Colombia, Alvaro Uribe, acepta una \u00abzona de encuentro\u00bb provisional, durante 90 d\u00edas para definir un acuerdo humanitario para la libertad de los secuestrados por las FARC.<\/p>\n<p style=\"text-align: justify;\">2008.- Muere P\u00e9rez Celis, pintor argentino.<\/p>\n<p style=\"text-align: justify;\">2011.- El Tribunal de Alto Riesgo guatemalteco condena a 6,060 a\u00f1os de prisi\u00f3n a cada uno de los 4 exmilitares acusados de la matanza de 201 campesinos (1982).<\/p>\n","protected":false},"excerpt":{"rendered":"<p>Un d\u00eda 2 de agosto como hoy, pero de 1990, Irak invade el emirato de Kuwait, en lo que supuso el comienzo de la Guerra del Golfo, entre el r\u00e9gimen de Sadam Hussein y una coalici\u00f3n autorizada por Naciones Unidas, compuesta por 34 pa\u00edses y liderada por Estados Unidos.<\/p>\n","protected":false},"author":6,"featured_media":14737,"comment_status":"open","ping_status":"open","sticky":false,"template":"","format":"standard","meta":{"_acf_changed":false,"_monsterinsights_skip_tracking":false,"slim_seo":{"title":"Efem\u00e9rides 2 de agosto - Opini\u00f3n P\u00fablica","description":"Un d\u00eda 2 de agosto como hoy, pero de 1990, Irak invade el emirato de Kuwait, en lo que supuso el comienzo de la Guerra del Golfo, entre el r\u00e9gimen de Sadam Huss"},"footnotes":""},"categories":[27],"tags":[],"class_list":["post-14738","post","type-post","status-publish","format-standard","has-post-thumbnail","hentry","category-un-dia-como-hoy"],"acf":[],"_links":{"self":[{"href":"https:\/\/www.opinionpublica.tv\/portada\/wp-json\/wp\/v2\/posts\/14738","targetHints":{"allow":["GET"]}}],"collection":[{"href":"https:\/\/www.opinionpublica.tv\/portada\/wp-json\/wp\/v2\/posts"}],"about":[{"href":"https:\/\/www.opinionpublica.tv\/portada\/wp-json\/wp\/v2\/types\/post"}],"author":[{"embeddable":true,"href":"https:\/\/www.opinionpublica.tv\/portada\/wp-json\/wp\/v2\/users\/6"}],"replies":[{"embeddable":true,"href":"https:\/\/www.opinionpublica.tv\/portada\/wp-json\/wp\/v2\/comments?post=14738"}],"version-history":[{"count":0,"href":"https:\/\/www.opinionpublica.tv\/portada\/wp-json\/wp\/v2\/posts\/14738\/revisions"}],"wp:featuredmedia":[{"embeddable":true,"href":"https:\/\/www.opinionpublica.tv\/portada\/wp-json\/wp\/v2\/media\/14737"}],"wp:attachment":[{"href":"https:\/\/www.opinionpublica.tv\/portada\/wp-json\/wp\/v2\/media?parent=14738"}],"wp:term":[{"taxonomy":"category","embeddable":true,"href":"https:\/\/www.opinionpublica.tv\/portada\/wp-json\/wp\/v2\/categories?post=14738"},{"taxonomy":"post_tag","embeddable":true,"href":"https:\/\/www.opinionpublica.tv\/portada\/wp-json\/wp\/v2\/tags?post=14738"}],"curies":[{"name":"wp","href":"https:\/\/api.w.org\/{rel}","templated":true}]}}