{"id":14735,"date":"2017-08-02T06:00:00","date_gmt":"2017-08-02T04:00:00","guid":{"rendered":"https:\/\/www.opinionpublica.tv\/portada\/2017\/08\/02\/milenials-adictos-a-las-redes-sociales-los-likes-y-la-tecnologia\/"},"modified":"2017-08-02T06:00:00","modified_gmt":"2017-08-02T04:00:00","slug":"milenials-adictos-a-las-redes-sociales-los-likes-y-la-tecnologia","status":"publish","type":"post","link":"https:\/\/www.opinionpublica.tv\/portada\/milenials-adictos-a-las-redes-sociales-los-likes-y-la-tecnologia\/","title":{"rendered":"Video: Milenials: \u00bfadictos a las redes sociales, los likes y la tecnolog\u00eda?"},"content":{"rendered":"<p><img fetchpriority=\"high\" decoding=\"async\" class=\" size-full wp-image-14734\" src=\"https:\/\/www.opinionpublica.tv\/portada\/wp-content\/uploads\/2017\/08\/1d496a8159ffac0dadc9eda5bd98a21e.jpg\" alt=\"\" class=\"caption\" title=\"Simon Sinek, escritor y motivador ingl\u00e9s.\" width=\"550\" height=\"347\" srcset=\"https:\/\/www.opinionpublica.tv\/portada\/wp-content\/uploads\/2017\/08\/1d496a8159ffac0dadc9eda5bd98a21e.jpg 550w, https:\/\/www.opinionpublica.tv\/portada\/wp-content\/uploads\/2017\/08\/1d496a8159ffac0dadc9eda5bd98a21e-300x189.jpg 300w\" sizes=\"(max-width: 550px) 100vw, 550px\" \/><br \/>\n<!--more--><\/p>\n<p style=\"text-align: justify;\">El escritor y motivador ingl\u00e9s, Simon Sinek, expone de una manera muy clara la problem\u00e1tica de la llamada \u201cGeneraci\u00f3n Milenial\u201d, quienes presentan en su mayor\u00eda una dependencia adictiva a las redes sociales y los celulares.<\/p>\n<p style=\"text-align: justify;\">Este video ha sido reproducido m\u00e1s de 32 millones de veces, traducido en varios idiomas y ha recibido tambi\u00e9n miles y miles de comentarios a favor y en contra.<\/p>\n<div class=\"k2_video\">[iframe src=\u00bbhttps:\/\/www.facebook.com\/plugins\/video.php?href=https%3A%2F%2Fwww.facebook.com%2FEsTrending%2Fvideos%2F1467429726609406%2F&#038;show_text=0&#038;width=400&#8243; width=\u00bb400&#8243; height=\u00bb400&#8243; style=\u00bbborder:none;overflow:hidden\u00bb scrolling=\u00bbno\u00bb frameborder=\u00bb0&#8243; allowTransparency=\u00bbtrue\u00bb allowFullScreen=\u00bbtrue\u00bb ]<\/div>\n","protected":false},"excerpt":{"rendered":"","protected":false},"author":6,"featured_media":14734,"comment_status":"open","ping_status":"open","sticky":false,"template":"","format":"standard","meta":{"_acf_changed":false,"_monsterinsights_skip_tracking":false,"slim_seo":{"title":"Video: Milenials: \u00bfadictos a las redes sociales, los likes y la tecnolog\u00eda? - Opini\u00f3n P\u00fablica","description":"El escritor y motivador ingl\u00e9s, Simon Sinek, expone de una manera muy clara la problem\u00e1tica de la llamada \u201cGeneraci\u00f3n Milenial\u201d, quienes presentan en su mayor\u00eda"},"footnotes":""},"categories":[13],"tags":[],"class_list":["post-14735","post","type-post","status-publish","format-standard","has-post-thumbnail","hentry","category-videos-destacados-contenido"],"acf":[],"_links":{"self":[{"href":"https:\/\/www.opinionpublica.tv\/portada\/wp-json\/wp\/v2\/posts\/14735","targetHints":{"allow":["GET"]}}],"collection":[{"href":"https:\/\/www.opinionpublica.tv\/portada\/wp-json\/wp\/v2\/posts"}],"about":[{"href":"https:\/\/www.opinionpublica.tv\/portada\/wp-json\/wp\/v2\/types\/post"}],"author":[{"embeddable":true,"href":"https:\/\/www.opinionpublica.tv\/portada\/wp-json\/wp\/v2\/users\/6"}],"replies":[{"embeddable":true,"href":"https:\/\/www.opinionpublica.tv\/portada\/wp-json\/wp\/v2\/comments?post=14735"}],"version-history":[{"count":0,"href":"https:\/\/www.opinionpublica.tv\/portada\/wp-json\/wp\/v2\/posts\/14735\/revisions"}],"wp:featuredmedia":[{"embeddable":true,"href":"https:\/\/www.opinionpublica.tv\/portada\/wp-json\/wp\/v2\/media\/14734"}],"wp:attachment":[{"href":"https:\/\/www.opinionpublica.tv\/portada\/wp-json\/wp\/v2\/media?parent=14735"}],"wp:term":[{"taxonomy":"category","embeddable":true,"href":"https:\/\/www.opinionpublica.tv\/portada\/wp-json\/wp\/v2\/categories?post=14735"},{"taxonomy":"post_tag","embeddable":true,"href":"https:\/\/www.opinionpublica.tv\/portada\/wp-json\/wp\/v2\/tags?post=14735"}],"curies":[{"name":"wp","href":"https:\/\/api.w.org\/{rel}","templated":true}]}}