{"id":14542,"date":"2017-07-12T06:00:00","date_gmt":"2017-07-12T04:00:00","guid":{"rendered":"https:\/\/www.opinionpublica.tv\/portada\/2017\/07\/12\/iran-a-madera-javier-corral-y-su-gabinete-para-atender-inseguridad\/"},"modified":"2017-07-12T06:00:00","modified_gmt":"2017-07-12T04:00:00","slug":"iran-a-madera-javier-corral-y-su-gabinete-para-atender-inseguridad","status":"publish","type":"post","link":"https:\/\/www.opinionpublica.tv\/portada\/iran-a-madera-javier-corral-y-su-gabinete-para-atender-inseguridad\/","title":{"rendered":"Ir\u00e1n a Madera Javier Corral y su gabinete para atender inseguridad"},"content":{"rendered":"<p><img fetchpriority=\"high\" decoding=\"async\" class=\" size-full wp-image-14541\" src=\"https:\/\/www.opinionpublica.tv\/portada\/wp-content\/uploads\/2017\/07\/306264ca81514c18b9e07f22d4de5d3f.jpg\" alt=\"\" class=\"caption\" title=\"Javier Corral Jurado, gobernador de Chihuahua.\" width=\"600\" height=\"400\" srcset=\"https:\/\/www.opinionpublica.tv\/portada\/wp-content\/uploads\/2017\/07\/306264ca81514c18b9e07f22d4de5d3f.jpg 600w, https:\/\/www.opinionpublica.tv\/portada\/wp-content\/uploads\/2017\/07\/306264ca81514c18b9e07f22d4de5d3f-300x200.jpg 300w\" sizes=\"(max-width: 600px) 100vw, 600px\" \/><br \/>\n<!--more--><\/p>\n<p style=\"text-align: justify;\"><em>Chihuahua, Chih<\/em>.- El gobernador del Estado, Javier Corral Jurado, estar\u00e1 este viernes en el municipio de Madera en compa\u00f1\u00eda de parte de su gabinete de trabajo, a fin de conocer las necesidades de la poblaci\u00f3n, en lo que ser\u00e1 parte del programa de intervenci\u00f3n social.<\/p>\n<p style=\"text-align: justify;\">La visita a este municipio tiene que ver con las atenciones por parte del Gobierno del Estado, primero en materia de inseguridad por el que atraviesa Madera y en segunda para ver las necesidades generales.<\/p>\n<p style=\"text-align: justify;\">Se espera que a este evento se lleve a cabo a partir de las 10:00 de la ma\u00f1ana, y acudir\u00e1n los encargados de dependencias de gobierno que tiene que ver con las \u00e1reas de desarrollo social y de seguridad.<\/p>\n<p style=\"text-align: justify;\">El mandatario estatal busca adem\u00e1s dar una se\u00f1al de paz en esa regi\u00f3n, luego de la matanza entre narcotraficantes que la semana pasada dej\u00f3 15 muertos y varios heridos.<\/p>\n","protected":false},"excerpt":{"rendered":"","protected":false},"author":6,"featured_media":14541,"comment_status":"open","ping_status":"open","sticky":false,"template":"","format":"standard","meta":{"_acf_changed":false,"_monsterinsights_skip_tracking":false,"slim_seo":{"title":"Ir\u00e1n a Madera Javier Corral y su gabinete para atender inseguridad - Opini\u00f3n P\u00fablica","description":"Chihuahua, Chih .- El gobernador del Estado, Javier Corral Jurado, estar\u00e1 este viernes en el municipio de Madera en compa\u00f1\u00eda de parte de su gabinete de trabajo,"},"footnotes":""},"categories":[4],"tags":[],"class_list":["post-14542","post","type-post","status-publish","format-standard","has-post-thumbnail","hentry","category-pulsopolitico"],"acf":[],"_links":{"self":[{"href":"https:\/\/www.opinionpublica.tv\/portada\/wp-json\/wp\/v2\/posts\/14542","targetHints":{"allow":["GET"]}}],"collection":[{"href":"https:\/\/www.opinionpublica.tv\/portada\/wp-json\/wp\/v2\/posts"}],"about":[{"href":"https:\/\/www.opinionpublica.tv\/portada\/wp-json\/wp\/v2\/types\/post"}],"author":[{"embeddable":true,"href":"https:\/\/www.opinionpublica.tv\/portada\/wp-json\/wp\/v2\/users\/6"}],"replies":[{"embeddable":true,"href":"https:\/\/www.opinionpublica.tv\/portada\/wp-json\/wp\/v2\/comments?post=14542"}],"version-history":[{"count":0,"href":"https:\/\/www.opinionpublica.tv\/portada\/wp-json\/wp\/v2\/posts\/14542\/revisions"}],"wp:featuredmedia":[{"embeddable":true,"href":"https:\/\/www.opinionpublica.tv\/portada\/wp-json\/wp\/v2\/media\/14541"}],"wp:attachment":[{"href":"https:\/\/www.opinionpublica.tv\/portada\/wp-json\/wp\/v2\/media?parent=14542"}],"wp:term":[{"taxonomy":"category","embeddable":true,"href":"https:\/\/www.opinionpublica.tv\/portada\/wp-json\/wp\/v2\/categories?post=14542"},{"taxonomy":"post_tag","embeddable":true,"href":"https:\/\/www.opinionpublica.tv\/portada\/wp-json\/wp\/v2\/tags?post=14542"}],"curies":[{"name":"wp","href":"https:\/\/api.w.org\/{rel}","templated":true}]}}