{"id":14538,"date":"2017-07-12T06:00:00","date_gmt":"2017-07-12T04:00:00","guid":{"rendered":"https:\/\/www.opinionpublica.tv\/portada\/2017\/07\/12\/las-vacaciones\/"},"modified":"2017-07-12T06:00:00","modified_gmt":"2017-07-12T04:00:00","slug":"las-vacaciones","status":"publish","type":"post","link":"https:\/\/www.opinionpublica.tv\/portada\/las-vacaciones\/","title":{"rendered":"Las vacaciones"},"content":{"rendered":"<p style=\"text-align: justify;\">Todos disfrutamos nuestras vacaciones de verano, ahora que me he retirado de mi pr\u00e1ctica profesional y tengo nietos, pero llevo m\u00e1s de seis a\u00f1os dedic\u00e1ndome de tiempo completo a la pol\u00edtica, creo que han sido mis vacaciones m\u00e1s cortas (5 d\u00edas a\u00fan me quedan 2), pero c\u00f3mo las he disfrutado con mi esposa, hijas, nietos y yernos.<\/p>\n<p><!--more--><\/p>\n<p style=\"text-align: justify;\">Me sal\u00ed por unos d\u00edas del calor\u00f3n que hace en estas fechas en mi Ciudad Ju\u00e1rez, dirigi\u00e9ndome a las monta\u00f1as. Tambi\u00e9n es una de las veces que m\u00e1s he convivido con mi nieto var\u00f3n que en marzo cumpli\u00f3 los diez a\u00f1os de edad. Me ha impactado que la Organizaci\u00f3n Mundial de la Salud se refiere a la adolescencia como \u201cel periodo de crecimiento y desarrollo humano que se produce despu\u00e9s de la ni\u00f1ez y antes de la edad adulta, entre los 10 y los 19 a\u00f1os. No me puedo ajustar a esta definici\u00f3n con mi nieto, pero cuando lo observo de cerca lo veo a veces como un ni\u00f1o y otras veces como un jovencito en un r\u00e1pido proceso de maduraci\u00f3n.<\/p>\n<p style=\"text-align: justify;\">Las vacaciones son una gran oportunidad para la reflexi\u00f3n, en donde uno pone sus ideas en orden, aprovecho para compartirles lo siguiente.<\/p>\n<p style=\"text-align: justify;\">Acabo de estar en Guadalajara en el evento de \u201cCampus Party\u201d, que es una gran feria de innovaci\u00f3n en donde principalmente participan j\u00f3venes <em>millenials<\/em>, pero no se excluyen a los mayores como yo, ni a los cuarentones y cincuentones de la Generaci\u00f3n X. En ese evento se tiene como \u201cancla\u201d (es decir un evento que es el que atrae a los dem\u00e1s eventos) a un ejercicio de innovaci\u00f3n llamado \u201c<em>Hackathon\u201d<\/em> (palabra que se compone de la conjunci\u00f3n de las palabras <em>Hacker <\/em>y <em>Marathon), <\/em>que consiste en darle a un gran grupo de personas, lo que se conoce como \u201cretos\u201d, a fin de que en un recinto determinado (en Guadalajara fue el gran centro de convenciones llamado \u201cGuadalajara Expo\u201d, que tiene m\u00e1s de 16,000 metros cuadrados de espacio cerrado), en un lapso entre 24 y 48 horas, tienen que presentar propuestas de soluci\u00f3n a dichos retos.<\/p>\n<p style=\"text-align: justify;\">Estos retos pueden ser problemas o situaciones de gobierno, de la sociedad, de las empresas de la academia y dem\u00e1s problem\u00e1ticas. Las soluciones tienen que ser innovadoras, simples, pr\u00e1cticas, de costos razonables y que se puedan poner en pr\u00e1ctica de inmediato. Muchas de las soluciones son la conjunci\u00f3n de ideas brillantes con aplicaciones pr\u00e1cticas del mundo de la tecnolog\u00eda, pero no est\u00e1n restringidas a la misma. Hay procesos de eliminatorias y a los ganadores les dan toda clase de premios, que abarcan desde dinero hasta cursos en lugares sofisticados como la NASA. En este a\u00f1o un grupo de la Universidad de Guadalajara se gan\u00f3 un curso intensivo a la NASA en donde aprender\u00e1n aspectos b\u00e1sicos de los grandes adelantos tecnol\u00f3gicos e investigaciones que ah\u00ed se realizan.<\/p>\n<p style=\"text-align: justify;\">Este a\u00f1o participaron m\u00e1s de 25,000 personas en el Hackathon de Guadalajara y hubo m\u00e1s de 10 retos. Alrededor del Hackathon, hubo m\u00faltiples exposiciones de toda clase de empresas e instituciones tanto educativas, como de organizaciones de procesos de innovaci\u00f3n, como la de nuestro juarense\/pase\u00f1o Daniel Ozuna con su \u201cNomad X\u201d. Hubo exhibiciones de drones que compet\u00edan con proezas de vuelo sofisticadas, muestras de todo tipo de robots, de autom\u00f3viles sofisticados, pero, sobre todo, hubo de una forma simult\u00e1nea decenas de conferencias de todo tipo de temas de innovaci\u00f3n, en donde se o\u00eda sobre avances tecnol\u00f3gicos, de evoluci\u00f3n de formas de vida del g\u00e9nero humano, lo \u00faltimo de finanzas, como los bit coins, sobre aplicaciones nuevas para tel\u00e9fonos inteligentes y un sinn\u00famero de cosas muy interesantes.<\/p>\n<p style=\"text-align: justify;\">Concluyo de que mis vacaciones, que me han servido para hacer recapitulaci\u00f3n de mis ideas derivadas de mi reciente experiencia en el evento de Campus Party, que vino a dar una culminaci\u00f3n de muchas de las cosas que he estado aprendiendo desde que me empec\u00e9 a adentrar en el mundo de la innovaci\u00f3n, con el tema de Gobierno Abierto.<\/p>\n<p style=\"text-align: justify;\">En efecto, estamos viviendo un momento cr\u00edtico de quiebre hist\u00f3rico, en donde visualizo que el mundo de mis nietos (Carlitos, el de 10 a\u00f1os, Alessandra de 3 y Fernanda de 2), van a experimentar una vida nunca antes imaginada por nosotros, en donde es posible que haya grandes cambios socio\/pol\u00edticos a nivel mundial que erradiquen la pobreza, cambien el entorno econ\u00f3mico y de convivencia de los seres humanos, trayendo nuevas formas de democracia como la que brinda el Gobierno Abierto, en donde se invente un sistema econ\u00f3mico que no ser\u00e1 ni capitalista ni socialista, sino una mescla de lo bueno de ambos sistemas.<\/p>\n<p style=\"text-align: justify;\">En otras entregas hablar\u00e9 de estas oportunidades y de los retos que tenemos para que ocurran, mismos que pronto se nos ir\u00e1n presentando con un lento despliegue ante nuestros ojos.<\/p>\n","protected":false},"excerpt":{"rendered":"<p>Todos disfrutamos nuestras vacaciones de verano, ahora que me he retirado de mi pr\u00e1ctica profesional y tengo nietos, pero llevo m\u00e1s de seis a\u00f1os dedic\u00e1ndome de tiempo completo a la pol\u00edtica, creo que han sido mis vacaciones m\u00e1s cortas (5 d\u00edas a\u00fan me quedan 2), pero c\u00f3mo las he disfrutado con mi esposa, hijas, nietos [&hellip;]<\/p>\n","protected":false},"author":6,"featured_media":0,"comment_status":"open","ping_status":"open","sticky":false,"template":"","format":"standard","meta":{"_acf_changed":false,"_monsterinsights_skip_tracking":false,"slim_seo":{"title":"Las vacaciones - Opini\u00f3n P\u00fablica","description":"Todos disfrutamos nuestras vacaciones de verano, ahora que me he retirado de mi pr\u00e1ctica profesional y tengo nietos, pero llevo m\u00e1s de seis a\u00f1os dedic\u00e1ndome de"},"footnotes":""},"categories":[17],"tags":[],"class_list":["post-14538","post","type-post","status-publish","format-standard","hentry","category-ultima-instancia"],"acf":[],"_links":{"self":[{"href":"https:\/\/www.opinionpublica.tv\/portada\/wp-json\/wp\/v2\/posts\/14538","targetHints":{"allow":["GET"]}}],"collection":[{"href":"https:\/\/www.opinionpublica.tv\/portada\/wp-json\/wp\/v2\/posts"}],"about":[{"href":"https:\/\/www.opinionpublica.tv\/portada\/wp-json\/wp\/v2\/types\/post"}],"author":[{"embeddable":true,"href":"https:\/\/www.opinionpublica.tv\/portada\/wp-json\/wp\/v2\/users\/6"}],"replies":[{"embeddable":true,"href":"https:\/\/www.opinionpublica.tv\/portada\/wp-json\/wp\/v2\/comments?post=14538"}],"version-history":[{"count":0,"href":"https:\/\/www.opinionpublica.tv\/portada\/wp-json\/wp\/v2\/posts\/14538\/revisions"}],"wp:attachment":[{"href":"https:\/\/www.opinionpublica.tv\/portada\/wp-json\/wp\/v2\/media?parent=14538"}],"wp:term":[{"taxonomy":"category","embeddable":true,"href":"https:\/\/www.opinionpublica.tv\/portada\/wp-json\/wp\/v2\/categories?post=14538"},{"taxonomy":"post_tag","embeddable":true,"href":"https:\/\/www.opinionpublica.tv\/portada\/wp-json\/wp\/v2\/tags?post=14538"}],"curies":[{"name":"wp","href":"https:\/\/api.w.org\/{rel}","templated":true}]}}