{"id":14402,"date":"2017-06-21T06:00:00","date_gmt":"2017-06-21T04:00:00","guid":{"rendered":"https:\/\/www.opinionpublica.tv\/portada\/2017\/06\/21\/detienen-a-ex-diputado-local-por-venta-de-voto-bursatil\/"},"modified":"2017-06-21T06:00:00","modified_gmt":"2017-06-21T04:00:00","slug":"detienen-a-ex-diputado-local-por-venta-de-voto-bursatil","status":"publish","type":"post","link":"https:\/\/www.opinionpublica.tv\/portada\/detienen-a-ex-diputado-local-por-venta-de-voto-bursatil\/","title":{"rendered":"Detienen a ex diputado local por \u2018venta de voto burs\u00e1til\u2019"},"content":{"rendered":"<p><img fetchpriority=\"high\" decoding=\"async\" class=\" size-full wp-image-14400\" src=\"https:\/\/www.opinionpublica.tv\/portada\/wp-content\/uploads\/2017\/06\/9ad7b1f80cdec885edd8190b109aa0bf.jpg\" alt=\"\" class=\"caption\" title=\"Fernando Reyes, ex diputado de Movimiento Ciudadano entre 2013 y 2016.\" width=\"698\" height=\"450\" srcset=\"https:\/\/www.opinionpublica.tv\/portada\/wp-content\/uploads\/2017\/06\/9ad7b1f80cdec885edd8190b109aa0bf.jpg 698w, https:\/\/www.opinionpublica.tv\/portada\/wp-content\/uploads\/2017\/06\/9ad7b1f80cdec885edd8190b109aa0bf-300x193.jpg 300w\" sizes=\"(max-width: 698px) 100vw, 698px\" \/><br \/>\n<!--more--><\/p>\n<p style=\"text-align: justify;\"><em>Chihuahua, Chih.-<\/em> El ex diputado local de Movimiento Ciudadano, Fernando Reyes, fue detenido este mi\u00e9rcoles en el marco de la \u201cOperaci\u00f3n Justicia para Chihuahua\u201d, por su probable participaci\u00f3n en el desv\u00edo de m\u00e1s de dos millones de pesos del erario p\u00fablico, dinero que recibi\u00f3 como \u201cpago\u201d por votar a favor de la bursatilizaci\u00f3n en el Congreso.<\/p>\n<p style=\"text-align: justify;\">El fiscal general, C\u00e9sar Augusto Peniche Espejel, inform\u00f3 que el ex legislador fue capturado esta ma\u00f1ana en la capital del Estado por elementos de la Agencia Estatal de Investigaci\u00f3n que le cumplimentaron una orden de aprehensi\u00f3n en su contra por el delito de Peculado Agravado en perjuicio de las arcas p\u00fablicas estatales.<\/p>\n<p style=\"text-align: justify;\"><img decoding=\"async\" class=\" size-full wp-image-14401\" src=\"https:\/\/www.opinionpublica.tv\/portada\/wp-content\/uploads\/2017\/06\/fernandoreyes2.jpg\" width=\"599\" height=\"386\" srcset=\"https:\/\/www.opinionpublica.tv\/portada\/wp-content\/uploads\/2017\/06\/fernandoreyes2.jpg 698w, https:\/\/www.opinionpublica.tv\/portada\/wp-content\/uploads\/2017\/06\/fernandoreyes2-300x193.jpg 300w\" sizes=\"(max-width: 599px) 100vw, 599px\" \/><\/p>\n<p style=\"text-align: justify;\">Asegur\u00f3 que el ex legislador \u201cpact\u00f3 y orquest\u00f3 con el ex gobernador, C\u00e9sar Horacio Duarte J\u00e1quez el pago del compromiso personal aludido con recursos del Estado, por lo que se encarg\u00f3 de conseguir la empresa que simul\u00f3 la prestaci\u00f3n del servicio profesional, que justific\u00f3 la salida del dinero p\u00fablico, as\u00ed como operar el procedimiento administrativo de contrataci\u00f3n con los funcionarios involucrados, y finalmente recibir la cuantiosa cantidad\u201d.<\/p>\n<p style=\"text-align: justify;\">El contrato que hicieron se efectu\u00f3 como una distracci\u00f3n para obtener el dinero que sali\u00f3 de la Secretar\u00eda de Hacienda del Gobierno del Estado, delito por el que se investiga a otros exservidores p\u00fablicos de la dependencia por haber posibilitado facilitado esta operaci\u00f3n.<\/p>\n<p style=\"text-align: justify;\">La autoridad ministerial, le formular\u00e1 imputaci\u00f3n con elementos incriminatorios que establecen que entre julio a septiembre de 2016,\u00a0 el ex funcionario particip\u00f3 en la distracci\u00f3n de 2 millones 420 mil pesos, a trav\u00e9s de una simulaci\u00f3n de un contrato de la empresa denominada Bildung Consultor\u00eda Organizacional S&amp;S S.A. de C.V., \u00a0en la que \u00e9l ten\u00eda inter\u00e9s.<\/p>\n<p style=\"text-align: justify;\">Se inform\u00f3 que en complicidad con el representante legal de dicha empresa, Iv\u00e1n Eli S. A., quien tambi\u00e9n fue detenido, realizaron un procedimiento administrativo de contrataci\u00f3n de servicios profesionales bajo el n\u00famero SH\/AD\/001\/SGG\/2016, consistente en \u201cAn\u00e1lisis Estrat\u00e9gico de Municipios del Estado de Chihuahua, en relaci\u00f3n a la situaci\u00f3n financiera del Gobierno Federal y la Prospectiva de los Programas Federales y su Aplicabilidad\u201d, los cuales nunca fueron prestados.<\/p>\n","protected":false},"excerpt":{"rendered":"","protected":false},"author":6,"featured_media":14400,"comment_status":"open","ping_status":"open","sticky":false,"template":"","format":"standard","meta":{"_acf_changed":false,"_monsterinsights_skip_tracking":false,"slim_seo":{"title":"Detienen a ex diputado local por \u2018venta de voto burs\u00e1til\u2019 - Opini\u00f3n P\u00fablica","description":"Chihuahua, Chih.- El ex diputado local de Movimiento Ciudadano, Fernando Reyes, fue detenido este mi\u00e9rcoles en el marco de la \u201cOperaci\u00f3n Justicia para Chihuahua"},"footnotes":""},"categories":[4],"tags":[],"class_list":["post-14402","post","type-post","status-publish","format-standard","has-post-thumbnail","hentry","category-pulsopolitico"],"acf":[],"_links":{"self":[{"href":"https:\/\/www.opinionpublica.tv\/portada\/wp-json\/wp\/v2\/posts\/14402","targetHints":{"allow":["GET"]}}],"collection":[{"href":"https:\/\/www.opinionpublica.tv\/portada\/wp-json\/wp\/v2\/posts"}],"about":[{"href":"https:\/\/www.opinionpublica.tv\/portada\/wp-json\/wp\/v2\/types\/post"}],"author":[{"embeddable":true,"href":"https:\/\/www.opinionpublica.tv\/portada\/wp-json\/wp\/v2\/users\/6"}],"replies":[{"embeddable":true,"href":"https:\/\/www.opinionpublica.tv\/portada\/wp-json\/wp\/v2\/comments?post=14402"}],"version-history":[{"count":0,"href":"https:\/\/www.opinionpublica.tv\/portada\/wp-json\/wp\/v2\/posts\/14402\/revisions"}],"wp:featuredmedia":[{"embeddable":true,"href":"https:\/\/www.opinionpublica.tv\/portada\/wp-json\/wp\/v2\/media\/14400"}],"wp:attachment":[{"href":"https:\/\/www.opinionpublica.tv\/portada\/wp-json\/wp\/v2\/media?parent=14402"}],"wp:term":[{"taxonomy":"category","embeddable":true,"href":"https:\/\/www.opinionpublica.tv\/portada\/wp-json\/wp\/v2\/categories?post=14402"},{"taxonomy":"post_tag","embeddable":true,"href":"https:\/\/www.opinionpublica.tv\/portada\/wp-json\/wp\/v2\/tags?post=14402"}],"curies":[{"name":"wp","href":"https:\/\/api.w.org\/{rel}","templated":true}]}}