{"id":14391,"date":"2017-06-21T06:00:00","date_gmt":"2017-06-21T04:00:00","guid":{"rendered":"https:\/\/www.opinionpublica.tv\/portada\/2017\/06\/21\/efemerides-21-de-junio\/"},"modified":"2017-06-21T06:00:00","modified_gmt":"2017-06-21T04:00:00","slug":"efemerides-21-de-junio","status":"publish","type":"post","link":"https:\/\/www.opinionpublica.tv\/portada\/efemerides-21-de-junio\/","title":{"rendered":"Efem\u00e9rides 21 de junio"},"content":{"rendered":"<img fetchpriority=\"high\" decoding=\"async\" class=\" size-full wp-image-14390\" src=\"https:\/\/www.opinionpublica.tv\/portada\/wp-content\/uploads\/2017\/06\/c75933d631fa13d3e453d466c055c22e.jpg\" alt=\"\" class=\"caption\" title=\"Las mujeres inglesas fueron pioneras en la exigencia del derecho al voto.\" width=\"582\" height=\"418\" srcset=\"https:\/\/www.opinionpublica.tv\/portada\/wp-content\/uploads\/2017\/06\/c75933d631fa13d3e453d466c055c22e.jpg 582w, https:\/\/www.opinionpublica.tv\/portada\/wp-content\/uploads\/2017\/06\/c75933d631fa13d3e453d466c055c22e-300x215.jpg 300w\" sizes=\"(max-width: 582px) 100vw, 582px\" \/>\n<p style=\"text-align: justify;\">Un d\u00eda como hoy, pero de 1908, 250 mil mujeres se re\u00fanen en Hyde Park (Londres) para reclamar su derecho al voto.<\/p>\n<p><!--more--><\/p>\n<p style=\"text-align: justify;\"><strong>Otras Efem\u00e9rides:<\/strong><\/p>\n<p style=\"text-align: justify;\">1527.- Fallece Nicol\u00e1s Maquiavelo, pol\u00edtico y escritor italiano.<\/p>\n<p style=\"text-align: justify;\">1773.- Fallece Jorge Juan y Santacilia, marino y cient\u00edfico espa\u00f1ol.<\/p>\n<p style=\"text-align: justify;\">1805.- Nace Jos\u00e9 Mar\u00eda \u00abEl Tempranillo\u00bb, bandolero espa\u00f1ol.<\/p>\n<p style=\"text-align: justify;\">1814.- Fernando VII restablece la Inquisici\u00f3n en Espa\u00f1a.<\/p>\n<p style=\"text-align: justify;\">1837.- Proclamaci\u00f3n de Victoria I como Reina de Inglaterra.<\/p>\n<p style=\"text-align: justify;\">1876.- Fallece Antonio L\u00f3pez de Santa Anna, militar mexicano.<\/p>\n<p style=\"text-align: justify;\">1895.- Apertura oficial del Canal de Kiel, en Alemania, que conecta el Mar del Norte con el B\u00e1ltico.<\/p>\n<p style=\"text-align: justify;\">1905.- Nace Jean Paul Sartre, escritor y fil\u00f3sofo franc\u00e9s.<\/p>\n<p style=\"text-align: justify;\">1908.- Fallece Rimsky-Korsakov, compositor ruso.<\/p>\n<p style=\"text-align: justify;\">1911.- Porfirio D\u00edaz, presidente de M\u00e9xico, se exilia en Par\u00eds.<\/p>\n<p style=\"text-align: justify;\">1914.- Fallece Bertha von Suttner, escritora austr\u00edaca, Premio Nobel de la Paz 1905.<\/p>\n<p style=\"text-align: justify;\">1919.- Los alemanes hunden 70 barcos de guerra de su flota fondeada en Scapa Flow (islas Orcadas, al norte de Gran Breta\u00f1a) para no entregarlos a los ingleses, con lo que violan las condiciones del armisticio.<\/p>\n<p style=\"text-align: justify;\">1921.- Nace Jane Rusell, actriz estadounidense.<\/p>\n<p style=\"text-align: justify;\">1925.- Nace Luis Adolfo Siles Salinas, presidente de Bolivia.<\/p>\n<p style=\"text-align: justify;\">1925.- Nace Giovanni Spadolini, pol\u00edtico italiano.<\/p>\n<p style=\"text-align: justify;\">1930.- Clausura de la Exposici\u00f3n Iberoamericana de Sevilla, en la que participaron la mayor parte de los pa\u00edses americanos de habla espa\u00f1ola.<\/p>\n<p style=\"text-align: justify;\">1937.- En Francia, dimite el Gobierno del Frente Popular presidido por Le\u00f3n Blum.<\/p>\n<p style=\"text-align: justify;\">1937.- El Gobierno argentino propone al Congreso, y \u00e9ste lo aprueba, que se fije el d\u00eda 20 de junio de cada a\u00f1o como D\u00eda de la bandera.<\/p>\n<p style=\"text-align: justify;\">1940.- II Guerra Mundial. El Gobierno del general Petain autoriza a deponer las armas al jefe de los ej\u00e9rcitos franceses del Este, al estar cercados por seis divisiones y 2.000 carros blindados alemanes.<\/p>\n<p style=\"text-align: justify;\">1943.- Jos\u00e9 Mar\u00eda Velasco Ibarra toma posesi\u00f3n de la Presidencia de Ecuador.<\/p>\n<p style=\"text-align: justify;\">1947.- Nace Fernando Savater, fil\u00f3sofo y escritor espa\u00f1ol.<\/p>\n<p style=\"text-align: justify;\">1948.- Nace Ian McEwan, escritor brit\u00e1nico.<\/p>\n<p style=\"text-align: justify;\">1953.- Nace Benazir Bhutto, exprimera ministra de Pakist\u00e1n.<\/p>\n<p style=\"text-align: justify;\">1954.- Nace Amparo Mu\u00f1oz, actriz espa\u00f1ola y Miss Universo en 1974.<\/p>\n<p style=\"text-align: justify;\">1963.- Elegido Papa el cardenal Giovanni Montini, que toma el nombre de Pablo VI.<\/p>\n<p style=\"text-align: justify;\">1966.- Fabricio Ojeda, jefe del Movimiento Revolucionario de Venezuela, se suicida en la c\u00e1rcel de la Guaira.<\/p>\n<p style=\"text-align: justify;\">1970.- En Ecuador, el presidente Velasco Ibarra suspende la Constituci\u00f3n, disuelve el Congreso y se atribuye plenos poderes.<\/p>\n<p style=\"text-align: justify;\">1970.- Fallece Ahmed Sukarno, primer presidente de Indonesia.<\/p>\n<p style=\"text-align: justify;\">1980.- Veintisiete sindicalistas guatemaltecos de la Central Nacional de Trabajadores (CNT) son detenidos y posteriormente dados por desaparecidos.<\/p>\n<p style=\"text-align: justify;\">1981.- Socialistas y liberales de izquierda consiguen la mayor\u00eda absoluta en las elecciones para la Asamblea Nacional francesa.<\/p>\n<p style=\"text-align: justify;\">1982.- Nace Guillermo de Windsor, primog\u00e9nito de Carlos de Inglaterra, pr\u00edncipe de Gales.<\/p>\n<p style=\"text-align: justify;\">1986.- Al menos 200 personas mueren sepultadas bajo un alud de tierra en una carretera de la provincia ecuatoriana de Putumayo.<\/p>\n<p style=\"text-align: justify;\">1990.- Un se\u00edsmo de 7,3 grados en la escala de Richter en el noroeste de Ir\u00e1n causa m\u00e1s de 60.000 muertos y 200.000 heridos.<\/p>\n<p style=\"text-align: justify;\">1991.- Narasimha Rao toma posesi\u00f3n como primer ministro de la India, un mes despu\u00e9s del asesinato de Rajiv Gandhi.<\/p>\n<p style=\"text-align: justify;\">1992.- Primeras elecciones generales democr\u00e1ticas en Etiop\u00eda, en las que 33 millones de ciudadanos votan un Gobierno de tipo federal.<\/p>\n<p style=\"text-align: justify;\">1992.- Fallece Li Xiannian, presidente de la Rep\u00fablica Popular China desde 1983 a 1988.<\/p>\n<p style=\"text-align: justify;\">2000.- El Gobierno chileno aprueba la Ley que preserva la identidad de quienes aporten informaci\u00f3n sobre el paradero de los desaparecidos durante la dictadura.<\/p>\n<p style=\"text-align: justify;\">2001.- El Consejo de Administraci\u00f3n de Aerol\u00edneas Argentinas aprueba instar la suspensi\u00f3n de pagos de la compa\u00f1\u00eda a\u00e9rea.<\/p>\n<p style=\"text-align: justify;\">2003.- Fallece Le\u00f3n Uris, novelista estadounidense de origen jud\u00edo.<\/p>\n<p style=\"text-align: justify;\">2005.- El primer ministro de Vietnam, Phan Van Jai, viaja a Washington en la primera visita de un mandatario vietnamita a EU desde el final de la guerra en 1975.<\/p>\n<p style=\"text-align: justify;\">2006.- Fallece Jacques Lanzmann, escritor y letrista franc\u00e9s.<\/p>\n<p style=\"text-align: justify;\">2008.- El transbordador \u00abPrincess of Stars\u00bb, con 862 personas, naufraga en la regi\u00f3n central de Filipinas a causa del tif\u00f3n \u00abFengshen\u00bb. S\u00f3lo sobreviven 48 personas.<\/p>\n","protected":false},"excerpt":{"rendered":"<p>Un d\u00eda como hoy, pero de 1908, 250 mil mujeres se re\u00fanen en Hyde Park (Londres) para reclamar su derecho al voto.<\/p>\n","protected":false},"author":6,"featured_media":14390,"comment_status":"open","ping_status":"open","sticky":false,"template":"","format":"standard","meta":{"_acf_changed":false,"_monsterinsights_skip_tracking":false,"slim_seo":{"title":"Efem\u00e9rides 21 de junio - Opini\u00f3n P\u00fablica","description":"Un d\u00eda como hoy, pero de 1908, 250 mil mujeres se re\u00fanen en Hyde Park (Londres) para reclamar su derecho al voto. Otras Efem\u00e9rides: 1527.- Fallece Nicol\u00e1s Maqui"},"footnotes":""},"categories":[27],"tags":[],"class_list":["post-14391","post","type-post","status-publish","format-standard","has-post-thumbnail","hentry","category-un-dia-como-hoy"],"acf":[],"_links":{"self":[{"href":"https:\/\/www.opinionpublica.tv\/portada\/wp-json\/wp\/v2\/posts\/14391","targetHints":{"allow":["GET"]}}],"collection":[{"href":"https:\/\/www.opinionpublica.tv\/portada\/wp-json\/wp\/v2\/posts"}],"about":[{"href":"https:\/\/www.opinionpublica.tv\/portada\/wp-json\/wp\/v2\/types\/post"}],"author":[{"embeddable":true,"href":"https:\/\/www.opinionpublica.tv\/portada\/wp-json\/wp\/v2\/users\/6"}],"replies":[{"embeddable":true,"href":"https:\/\/www.opinionpublica.tv\/portada\/wp-json\/wp\/v2\/comments?post=14391"}],"version-history":[{"count":0,"href":"https:\/\/www.opinionpublica.tv\/portada\/wp-json\/wp\/v2\/posts\/14391\/revisions"}],"wp:featuredmedia":[{"embeddable":true,"href":"https:\/\/www.opinionpublica.tv\/portada\/wp-json\/wp\/v2\/media\/14390"}],"wp:attachment":[{"href":"https:\/\/www.opinionpublica.tv\/portada\/wp-json\/wp\/v2\/media?parent=14391"}],"wp:term":[{"taxonomy":"category","embeddable":true,"href":"https:\/\/www.opinionpublica.tv\/portada\/wp-json\/wp\/v2\/categories?post=14391"},{"taxonomy":"post_tag","embeddable":true,"href":"https:\/\/www.opinionpublica.tv\/portada\/wp-json\/wp\/v2\/tags?post=14391"}],"curies":[{"name":"wp","href":"https:\/\/api.w.org\/{rel}","templated":true}]}}