{"id":14363,"date":"2017-06-06T06:00:00","date_gmt":"2017-06-06T04:00:00","guid":{"rendered":"https:\/\/www.opinionpublica.tv\/portada\/2017\/06\/06\/los-saldos-del-4-de-junio-1ra-de-dos-partes\/"},"modified":"2017-06-06T06:00:00","modified_gmt":"2017-06-06T04:00:00","slug":"los-saldos-del-4-de-junio-1ra-de-dos-partes","status":"publish","type":"post","link":"https:\/\/www.opinionpublica.tv\/portada\/los-saldos-del-4-de-junio-1ra-de-dos-partes\/","title":{"rendered":"Los saldos del 4 de junio (I)"},"content":{"rendered":"<p style=\"text-align: justify;\">Los comicios electorales del 2017 ten\u00edan varios significados, por ejemplo, se votaba por gobernador del Estado de M\u00e9xico, el m\u00e1s poblado y tierra del presidente Pe\u00f1a Nieto, y eran los \u00faltimos comicios antes de la presidencial y por ende tal vez la \u00faltima que le tocar\u00e1 a Ricardo Anaya como presidente del PAN, y eso por mencionar algunos puntos. Aunque los resultados a\u00fan deben ser validados por los tribunales electorales, tratar\u00e9 de hacer alg\u00fan balance de lo que vimos y de los resultados.<\/p>\n<p><!--more--><\/p>\n<p style=\"text-align: justify;\">Inicio con Morena porque creo que fue el actor principal de la elecci\u00f3n, es un partido nuevo pero que ya compite para la presidencia del 2018, ya tiene en la pr\u00e1ctica candidato y este a\u00f1o compet\u00eda por primera vez con posibilidades reales de ganar una gubernatura. Los resultados son decepcionantes en Coahuila y Nayarit, donde personalmente esperaba yo que se acercara a 20% y se qued\u00f3 en niveles apenas superiores a 10%; en Veracruz, si bien obtiene importantes triunfos en Minatitl\u00e1n, Coatzacoalcos, Poza Rica y Xalapa, se queda muy lejos de la alianza triunfadora PAN-PRD en un lugar donde buscaba demostrar m\u00e1s fuerza de la que tuvo el a\u00f1o pasado y no lo logr\u00f3.<\/p>\n<p style=\"text-align: justify;\">Pero el inter\u00e9s estaba en el Estado de M\u00e9xico y ah\u00ed, aunque el proceso no finaliza y vive la instancia de la impugnaci\u00f3n y posiblemente se pida la anulaci\u00f3n, en principio Morena se queda en la orilla, ya en otros espacios he analizado la parte num\u00e9rica de los resultados pero aqu\u00ed destaco el comportamiento poselectoral, no coincido con quienes le exigen a Delfina G\u00f3mez que acepte la derrota, un proceso electoral no finaliza hasta que se califica y se resuelven las impugnaciones, todos los partidos tienen derecho y a veces hasta la obligaci\u00f3n de llegar hasta las \u00faltimas instancias legales y Morena as\u00ed lo plante\u00f3, no es como algunos dicen la toma de Reforma, al contrario, es seguir la v\u00eda institucional tal como esperamos que hagan todos los partidos de la democracia, incluso en Coahuila una alianza opositora al PRI platea marchas para pedir transparencia al instituto electoral y no por ello debemos criticarlos, son movimientos v\u00e1lidos. Pero como resumen, creo Morena no es perdedor de la contienda, al contrario, demostr\u00f3 por qu\u00e9 es contendiente al 2018.<\/p>\n<p style=\"text-align: justify;\">El PAN, aunque en los n\u00fameros sale fortalecido, ganando posiciones, tienen un problema, aun antes de sus festejos afloran sus diferencias, apenas se daban a conocer los posibles triunfos y cuando Ricardo Anaya se mostraba victorioso y sonriente por su avance, se le atraviesa en los medios Margarita Zavala para exigir su renuncia, llamarle fracaso por su resultado en Edomex (algo hay de raz\u00f3n), el tono ya era de franca confrontaci\u00f3n, lo que no es una buena noticia para un partido que se ve fuerte para el a\u00f1o que entra, es obvio que la pelea es fuerte como acostumbra ese partido, pero ha escalado a niveles no vistos, cuando una jornada electoral como la del 4 de junio debi\u00f3 servirles como uni\u00f3n, termin\u00f3 siendo un momento de pleitos que los podr\u00eda llevar a una candidatura p\u00edrrica, que gane una contienda interna pero tan debilitados que pierda la presidencial.<\/p>\n<p style=\"text-align: justify;\">El PRD, de nuevo lo salv\u00f3 la alianza con el PAN, ya en el 2016 su logro fue ganar tres gubernaturas (Durango, Veracruz y Quintana Roo) con su aliado, y ahora en el 2017 de nuevo gana en Nayarit y en la mitad de los municipios de Veracruz. Sin ella, estuvi\u00e9ramos hablando de muy malos resultados e incluso de baj\u00edsimos porcentajes en Coahuila; analizando el discurso en la noche electoral de la presidenta del partido, parecer\u00eda que ya claudicaron a participar solos, habl\u00f3 de la disyuntiva que ten\u00edan que resolver sobre aliarse con \u201clas izquierdas\u201d (l\u00e9ase Morena) o con el PAN, es decir, comprendieron que \u00e9se es su destino a corto plazo, aliarse para buscar triunfos.<\/p>\n<p style=\"text-align: justify;\">Llamar triunfo al tercer lugar obtenido por su candidato en el Edomex es absurdo, un partido que ha sido protagonista no puede sentirse contento porque logr\u00f3 crecer m\u00e1s all\u00e1 de lo que se esperaba, pero que queda muy lejos de aspirar a un triunfo; a veces el silencio es mejor, sobre todo cuando el resto de la izquierda le reclamar\u00e1 haber sido el factor de la victoria del PRI. Para lo que s\u00ed le sirve el resultado es para encarecer la posible alianza, mostrar que es capaz de recoger votos en esta entidad, que es un activo para ello.<\/p>\n<p style=\"text-align: justify;\">El PRI, no puede decirse que gan\u00f3, pon\u00eda en riesgo todo, tres estados y muchas alcald\u00edas de Veracruz y pierde mucho, deja de gobernar a muchos ciudadanos; sin embargo, ante el escenario de que pod\u00eda perder Edomex, su victoria, aunque sea por un estrecho margen le sabe muy dulce, es como un salvavidas a un n\u00e1ufrago que estaba a punto de hundirse, pero que no lo salva de hacer el saldo de la jornada donde pierde posiciones, a lo m\u00e1s que podemos llegar es a decir que sobrevivi\u00f3, d\u00e1ndole por cierto al presidente Pe\u00f1a Nieto uno de los d\u00edas m\u00e1s felices de los \u00faltimos tiempos, que su partido conserve su estado natal.<\/p>\n<p style=\"text-align: justify;\">En el siguiente texto analizar\u00e9 el saldo para las encuestas, los medios, las redes sociales y los institutos electorales, porque creo que no todo fue positivo y que tenemos mucho trabajo que hacer en todos los \u00e1mbitos.<\/p>\n","protected":false},"excerpt":{"rendered":"<p>Los comicios electorales del 2017 ten\u00edan varios significados, por ejemplo, se votaba por gobernador del Estado de M\u00e9xico, el m\u00e1s poblado y tierra del presidente Pe\u00f1a Nieto, y eran los \u00faltimos comicios antes de la presidencial y por ende tal vez la \u00faltima que le tocar\u00e1 a Ricardo Anaya como presidente del PAN, y eso [&hellip;]<\/p>\n","protected":false},"author":6,"featured_media":0,"comment_status":"open","ping_status":"open","sticky":false,"template":"","format":"standard","meta":{"_acf_changed":false,"_monsterinsights_skip_tracking":false,"slim_seo":{"title":"Los saldos del 4 de junio (I) - Opini\u00f3n P\u00fablica","description":"Los comicios electorales del 2017 ten\u00edan varios significados, por ejemplo, se votaba por gobernador del Estado de M\u00e9xico, el m\u00e1s poblado y tierra del presidente"},"footnotes":""},"categories":[35],"tags":[],"class_list":["post-14363","post","type-post","status-publish","format-standard","hentry","category-roy-campos-opina"],"acf":[],"_links":{"self":[{"href":"https:\/\/www.opinionpublica.tv\/portada\/wp-json\/wp\/v2\/posts\/14363","targetHints":{"allow":["GET"]}}],"collection":[{"href":"https:\/\/www.opinionpublica.tv\/portada\/wp-json\/wp\/v2\/posts"}],"about":[{"href":"https:\/\/www.opinionpublica.tv\/portada\/wp-json\/wp\/v2\/types\/post"}],"author":[{"embeddable":true,"href":"https:\/\/www.opinionpublica.tv\/portada\/wp-json\/wp\/v2\/users\/6"}],"replies":[{"embeddable":true,"href":"https:\/\/www.opinionpublica.tv\/portada\/wp-json\/wp\/v2\/comments?post=14363"}],"version-history":[{"count":0,"href":"https:\/\/www.opinionpublica.tv\/portada\/wp-json\/wp\/v2\/posts\/14363\/revisions"}],"wp:attachment":[{"href":"https:\/\/www.opinionpublica.tv\/portada\/wp-json\/wp\/v2\/media?parent=14363"}],"wp:term":[{"taxonomy":"category","embeddable":true,"href":"https:\/\/www.opinionpublica.tv\/portada\/wp-json\/wp\/v2\/categories?post=14363"},{"taxonomy":"post_tag","embeddable":true,"href":"https:\/\/www.opinionpublica.tv\/portada\/wp-json\/wp\/v2\/tags?post=14363"}],"curies":[{"name":"wp","href":"https:\/\/api.w.org\/{rel}","templated":true}]}}