{"id":14254,"date":"2017-06-08T06:00:00","date_gmt":"2017-06-08T04:00:00","guid":{"rendered":"https:\/\/www.opinionpublica.tv\/portada\/2017\/06\/08\/procesos-electorales\/"},"modified":"2017-06-08T06:00:00","modified_gmt":"2017-06-08T04:00:00","slug":"procesos-electorales","status":"publish","type":"post","link":"https:\/\/www.opinionpublica.tv\/portada\/procesos-electorales\/","title":{"rendered":"Procesos Electorales"},"content":{"rendered":"<p style=\"text-align: justify;\">Ahora, el tema de moda son las elecciones que acaban de llevarse a cabo en el Estado de M\u00e9xico, Coahuila y Nayarit. Yo tuve la oportunidad de ayudar en Coahuila a mi compa\u00f1ero de la LXII Legislatura en la C\u00e1mara de Diputados, mi buen amigo Memo Anaya. Ah\u00ed estuve representando al PAN en uno de los Distritos Electorales Federales.<\/p>\n<p><!--more--><\/p>\n<p style=\"text-align: justify;\">Meses antes, el Instituto Electoral de Coahuila, celebr\u00f3 un convenio de colaboraci\u00f3n con el Instituto Nacional Electoral, para que el INE llevara a cabo ciertas acciones previas al desarrollo de la jornada electoral, as\u00ed como el proceso mismo de la jornada. A ra\u00edz de eso, en el Distrito 4 en el que estuve, se coordin\u00f3 el proceso de las elecciones en la mitad de Saltillo.<\/p>\n<p style=\"text-align: justify;\">Como se ha venido experimentando desde hace mucho, las jornadas electorales generalmente se llevan a cabo en santa paz. Esta no fue caso de excepci\u00f3n (aunque tengo entendido que en Ciudad Acu\u00f1a se robaron unas urnas). Sin embargo, ahora que he experimentado recientemente dos elecciones (la del a\u00f1o pasado en Ciudad Ju\u00e1rez), me he dado cuenta que ante los avances tecnol\u00f3gicos que tenemos, los procedimientos electorales actuales han quedado obsoletos.<\/p>\n<p style=\"text-align: justify;\">El sistema electoral mexicano es probablemente el m\u00e1s complejo del mundo, ya que est\u00e1 basado en la mala fe, de que todos los actores involucrados act\u00faan con ma\u00f1a, principalmente el llamado \u201cpartido oficial\u201d, el PRI. As\u00ed, que como resultado de lo anterior, tenemos m\u00faltiples procedimientos de verificaci\u00f3n de que los proceso se llevan a cabo con imparcialidad, con una fuerte intervenci\u00f3n ciudadana.<\/p>\n<p style=\"text-align: justify;\">Esto no es producto de la necedad, sino que en M\u00e9xico brincamos de un sistema autoritario en donde las elecciones pr\u00e1cticamente no exist\u00edan, ya que no hab\u00eda leyes electorales, tribunales de elecciones, apelaciones ni recursos; los funcionarios de casilla eran los jefes seccionales del PRI, la Secretar\u00eda de Gobernaci\u00f3n manejaba las elecciones, y la oposici\u00f3n se reduc\u00eda a unos cuantos \u00e1ngeles de la democracia del PAN o de una izquierda escu\u00e1lida, en la que el sistema autoritario trataba con burla y desd\u00e9n.<\/p>\n<p style=\"text-align: justify;\">Pero todo esto cambi\u00f3 a partir de los a\u00f1os ochenta, cuando grupos de empresarios j\u00f3venes e idealistas y profesionistas biso\u00f1os se aliaron con el PAN con una firme convicci\u00f3n de tomar el poder. As\u00ed, poco a poco se fueron conformando los cambios a los procesos electorales, hasta llegar 1997 cuando el PRI perdi\u00f3 por primera vez la mayor\u00eda en la C\u00e1mara de Diputados, y por supuesto, en el a\u00f1o 2000 en que vino el primer gobierno de oposici\u00f3n con Vicente Fox, postulado por el Partido Acci\u00f3n Nacional.<\/p>\n<p style=\"text-align: justify;\">Desde entonces, la legislaci\u00f3n electoral en M\u00e9xico ha tendido varios cambios, muchos de ellos que, a mi gusto, han representado regresiones, sobre todo las que se hicieron despu\u00e9s del 2006, al contentillo de L\u00f3pez Obrador.<\/p>\n<p style=\"text-align: justify;\">Recientemente se estableci\u00f3 un sistema nacional electoral, el cual considero que qued\u00f3 corto al no haberse eliminado a los llamados Organismos P\u00fablicos Locales Electorales u \u201cOPLES\u201d, que son los Institutos Electorales de los Estados y de la Ciudad de M\u00e9xico, mismos que tradicionalmente han quedado, de alguna manera u otra, bajo la influencia del gobernador en turno.<\/p>\n<p style=\"text-align: justify;\">Para evitar abusos, se cre\u00f3 un mecanismo mediante el cual, el INE puede atraer el control de todo o parte de un proceso electoral, antes, durante o despu\u00e9s de las elecciones, a fin de evitar una intromisi\u00f3n por parte de alg\u00fan gobernante que quiera ayudar o perjudicar a alg\u00fan candidato en una elecci\u00f3n.<\/p>\n<p style=\"text-align: justify;\">En las recientes elecciones del Estado de M\u00e9xico y Coahuila hay precisamente duda de intromisi\u00f3n de los gobernadores del PRI en la elecci\u00f3n. Por ejemplo, en Coahuila, donde yo particip\u00e9, el resultado del PREP, que arroja los resultados preliminares electorales derivado de la lectura de las actas de escrutinio y c\u00f3mputo levantadas por los ciudadanos que fungen como funcionarios electorales en las casillas, se suspendi\u00f3, dejando pendiente m\u00e1s de mil casillas, arrojando un resultado parcial en favor del candidato del PRI a la gubernatura.<\/p>\n<p style=\"text-align: justify;\">Lo anterior ha generado una fuerte oposici\u00f3n por parte del PAN que tambi\u00e9n dice que su candidato gan\u00f3 la elecci\u00f3n, basado con los datos arrojados por sus representantes y los de los otros partidos, a la que se le han unido los candidatos que obtuvieron una votaci\u00f3n menor.<\/p>\n<p style=\"text-align: justify;\">Por lo anterior es imperativo que el INE atraiga el c\u00f3mputo de la elecci\u00f3n, y me pregunto, \u00bfpor qu\u00e9 no podemos modernizar nuestros m\u00e9todos electorales, con votaciones electr\u00f3nicas, o establecer aplicaciones para reportar los resultados a trav\u00e9s de los tel\u00e9fonos inteligentes, o a lo menos, sacar fotograf\u00eda de las actas de escrutinio y c\u00f3mputo y mandarlas a las autoridades electorales?, as\u00ed podr\u00edan realizar un PREP mucho m\u00e1s r\u00e1pido.<\/p>\n<p style=\"text-align: justify;\">De esta forma se evitar\u00edan los conflictos y se pudiera dar mayor certeza a las elecciones, haciendo m\u00e1s dif\u00edcil la burda intervenci\u00f3n de los gobernadores.<\/p>\n","protected":false},"excerpt":{"rendered":"<p>Ahora, el tema de moda son las elecciones que acaban de llevarse a cabo en el Estado de M\u00e9xico, Coahuila y Nayarit. Yo tuve la oportunidad de ayudar en Coahuila a mi compa\u00f1ero de la LXII Legislatura en la C\u00e1mara de Diputados, mi buen amigo Memo Anaya. Ah\u00ed estuve representando al PAN en uno de [&hellip;]<\/p>\n","protected":false},"author":6,"featured_media":0,"comment_status":"open","ping_status":"open","sticky":false,"template":"","format":"standard","meta":{"_acf_changed":false,"_monsterinsights_skip_tracking":false,"slim_seo":{"title":"Procesos Electorales - Opini\u00f3n P\u00fablica","description":"Ahora, el tema de moda son las elecciones que acaban de llevarse a cabo en el Estado de M\u00e9xico, Coahuila y Nayarit. Yo tuve la oportunidad de ayudar en Coahuila"},"footnotes":""},"categories":[17],"tags":[],"class_list":["post-14254","post","type-post","status-publish","format-standard","hentry","category-ultima-instancia"],"acf":[],"_links":{"self":[{"href":"https:\/\/www.opinionpublica.tv\/portada\/wp-json\/wp\/v2\/posts\/14254","targetHints":{"allow":["GET"]}}],"collection":[{"href":"https:\/\/www.opinionpublica.tv\/portada\/wp-json\/wp\/v2\/posts"}],"about":[{"href":"https:\/\/www.opinionpublica.tv\/portada\/wp-json\/wp\/v2\/types\/post"}],"author":[{"embeddable":true,"href":"https:\/\/www.opinionpublica.tv\/portada\/wp-json\/wp\/v2\/users\/6"}],"replies":[{"embeddable":true,"href":"https:\/\/www.opinionpublica.tv\/portada\/wp-json\/wp\/v2\/comments?post=14254"}],"version-history":[{"count":0,"href":"https:\/\/www.opinionpublica.tv\/portada\/wp-json\/wp\/v2\/posts\/14254\/revisions"}],"wp:attachment":[{"href":"https:\/\/www.opinionpublica.tv\/portada\/wp-json\/wp\/v2\/media?parent=14254"}],"wp:term":[{"taxonomy":"category","embeddable":true,"href":"https:\/\/www.opinionpublica.tv\/portada\/wp-json\/wp\/v2\/categories?post=14254"},{"taxonomy":"post_tag","embeddable":true,"href":"https:\/\/www.opinionpublica.tv\/portada\/wp-json\/wp\/v2\/tags?post=14254"}],"curies":[{"name":"wp","href":"https:\/\/api.w.org\/{rel}","templated":true}]}}