{"id":14253,"date":"2017-06-08T06:00:00","date_gmt":"2017-06-08T04:00:00","guid":{"rendered":"https:\/\/www.opinionpublica.tv\/portada\/2017\/06\/08\/video-vicente-fox-le-reitera-a-trump-que-mexico-nunca-pagara-el-muro-con-eu\/"},"modified":"2017-06-08T06:00:00","modified_gmt":"2017-06-08T04:00:00","slug":"video-vicente-fox-le-reitera-a-trump-que-mexico-nunca-pagara-el-muro-con-eu","status":"publish","type":"post","link":"https:\/\/www.opinionpublica.tv\/portada\/video-vicente-fox-le-reitera-a-trump-que-mexico-nunca-pagara-el-muro-con-eu\/","title":{"rendered":"Video: Vicente Fox le reitera a Trump que M\u00e9xico nunca pagar\u00e1 el muro con EU"},"content":{"rendered":"<p><img fetchpriority=\"high\" decoding=\"async\" class=\" size-full wp-image-14252\" src=\"https:\/\/www.opinionpublica.tv\/portada\/wp-content\/uploads\/2017\/06\/b292b668b51cb8c9a98c649f6a341b0e.jpg\" alt=\"\" width=\"547\" height=\"305\" srcset=\"https:\/\/www.opinionpublica.tv\/portada\/wp-content\/uploads\/2017\/06\/b292b668b51cb8c9a98c649f6a341b0e.jpg 547w, https:\/\/www.opinionpublica.tv\/portada\/wp-content\/uploads\/2017\/06\/b292b668b51cb8c9a98c649f6a341b0e-300x167.jpg 300w\" sizes=\"(max-width: 547px) 100vw, 547px\" \/><br \/>\n<!--more--><\/p>\n<p style=\"text-align: justify;\">El ex presidente de M\u00e9xico, Vicente Fox, arremeti\u00f3 nuevamente contra el presidente de Estados Unidos Donald Trump, al asegurar que los mexicanos jam\u00e1s pagar\u00e1n el muro que se pretende construir en la frontera entre ambos pa\u00edses.<\/p>\n<p style=\"text-align: justify;\">Entre otras cosas, el ex mandatario mexicano asegura que el muro de 25 mil millones de d\u00f3lares no servir\u00e1 de nada, ya que los mexicanos lo cruzar\u00e1n sin mayor problema con una escalera de solo 25 d\u00f3lares.<\/p>\n<div class=\"k2_video\"><a href=\"https:\/\/www.youtube.com\/watch?v=iYZKrn7Bbl8\">https:\/\/www.youtube.com\/watch?v=iYZKrn7Bbl8<\/a>\n<\/div>\n","protected":false},"excerpt":{"rendered":"","protected":false},"author":6,"featured_media":14252,"comment_status":"open","ping_status":"open","sticky":false,"template":"","format":"standard","meta":{"_acf_changed":false,"_monsterinsights_skip_tracking":false,"slim_seo":{"title":"Video: Vicente Fox le reitera a Trump que M\u00e9xico nunca pagar\u00e1 el muro con EU - Opini\u00f3n P\u00fablica","description":"El ex presidente de M\u00e9xico, Vicente Fox, arremeti\u00f3 nuevamente contra el presidente de Estados Unidos Donald Trump, al asegurar que los mexicanos jam\u00e1s pagar\u00e1n e"},"footnotes":""},"categories":[13],"tags":[],"class_list":["post-14253","post","type-post","status-publish","format-standard","has-post-thumbnail","hentry","category-videos-destacados-contenido"],"acf":[],"_links":{"self":[{"href":"https:\/\/www.opinionpublica.tv\/portada\/wp-json\/wp\/v2\/posts\/14253","targetHints":{"allow":["GET"]}}],"collection":[{"href":"https:\/\/www.opinionpublica.tv\/portada\/wp-json\/wp\/v2\/posts"}],"about":[{"href":"https:\/\/www.opinionpublica.tv\/portada\/wp-json\/wp\/v2\/types\/post"}],"author":[{"embeddable":true,"href":"https:\/\/www.opinionpublica.tv\/portada\/wp-json\/wp\/v2\/users\/6"}],"replies":[{"embeddable":true,"href":"https:\/\/www.opinionpublica.tv\/portada\/wp-json\/wp\/v2\/comments?post=14253"}],"version-history":[{"count":0,"href":"https:\/\/www.opinionpublica.tv\/portada\/wp-json\/wp\/v2\/posts\/14253\/revisions"}],"wp:featuredmedia":[{"embeddable":true,"href":"https:\/\/www.opinionpublica.tv\/portada\/wp-json\/wp\/v2\/media\/14252"}],"wp:attachment":[{"href":"https:\/\/www.opinionpublica.tv\/portada\/wp-json\/wp\/v2\/media?parent=14253"}],"wp:term":[{"taxonomy":"category","embeddable":true,"href":"https:\/\/www.opinionpublica.tv\/portada\/wp-json\/wp\/v2\/categories?post=14253"},{"taxonomy":"post_tag","embeddable":true,"href":"https:\/\/www.opinionpublica.tv\/portada\/wp-json\/wp\/v2\/tags?post=14253"}],"curies":[{"name":"wp","href":"https:\/\/api.w.org\/{rel}","templated":true}]}}