{"id":14251,"date":"2017-06-08T06:00:00","date_gmt":"2017-06-08T04:00:00","guid":{"rendered":"https:\/\/www.opinionpublica.tv\/portada\/2017\/06\/08\/efemerides-8-de-junio\/"},"modified":"2017-06-08T06:00:00","modified_gmt":"2017-06-08T04:00:00","slug":"efemerides-8-de-junio","status":"publish","type":"post","link":"https:\/\/www.opinionpublica.tv\/portada\/efemerides-8-de-junio\/","title":{"rendered":"Efem\u00e9rides 8 de junio"},"content":{"rendered":"<img fetchpriority=\"high\" decoding=\"async\" class=\" size-full wp-image-14250\" src=\"https:\/\/www.opinionpublica.tv\/portada\/wp-content\/uploads\/2017\/06\/215be7e503aca6455a13824e8066bf13.jpg\" alt=\"\" class=\"caption\" title=\"Richard Nixon, ex presidente de Estados Unidos.\" width=\"640\" height=\"430\" srcset=\"https:\/\/www.opinionpublica.tv\/portada\/wp-content\/uploads\/2017\/06\/215be7e503aca6455a13824e8066bf13.jpg 640w, https:\/\/www.opinionpublica.tv\/portada\/wp-content\/uploads\/2017\/06\/215be7e503aca6455a13824e8066bf13-300x202.jpg 300w\" sizes=\"(max-width: 640px) 100vw, 640px\" \/>\n<p style=\"text-align: justify;\">Un d\u00eda 8 de junio como hoy, pero de 1969, el presidente de Estados Unidos, Richard Nixon, anuncia la retirada escalonada de Vietnam de los 25 mil soldados que estaban en ese pa\u00eds.<\/p>\n<p><!--more--><\/p>\n<p style=\"text-align: justify;\"><strong>Otras Efem\u00e9rides:<\/strong><\/p>\n<p style=\"text-align: justify;\">632.- Muere Mahoma, fundador y profeta del Islam.<\/p>\n<p style=\"text-align: justify;\">1692.- Mot\u00edn popular en la ciudad de M\u00e9xico, al grito de \u00abViva el Rey y muera el mal gobierno\u00bb.<\/p>\n<p style=\"text-align: justify;\">1807.- Tras desembarcar en las costas argentinas, una expedici\u00f3n brit\u00e1nica, al mando del general Packenham, derrota a las fuerzas espa\u00f1olas y marcha sobre Buenos Aires.<\/p>\n<p style=\"text-align: justify;\">1810.- Nace Robert Schumann, compositor alem\u00e1n.<\/p>\n<p style=\"text-align: justify;\">1867.- Nace Frank Lloyd Wright, arquitecto estadounidense.<\/p>\n<p style=\"text-align: justify;\">.- V\u00edctima de las discordias civiles, es fusilado en M\u00e9xico Santiago Vidaurri, en otro tiempo due\u00f1o absoluto de los estados de Coahuila y Nuevo Le\u00f3n.<\/p>\n<p style=\"text-align: justify;\">1868.- Se hace con el barco \u00abLe Puebla\u00bb en el r\u00edo Sena el primer ensayo para la utilizaci\u00f3n del petr\u00f3leo en la navegaci\u00f3n a vapor.<\/p>\n<p style=\"text-align: justify;\">1876.- Muere Aurore Dupin, \u00abGeorge Sand\u00bb, novelista francesa.<\/p>\n<p style=\"text-align: justify;\">1882.- Construcci\u00f3n del primer t\u00fanel de la Rep\u00fablica Argentina, en la prolongaci\u00f3n del ferrocarril de Tucum\u00e1n a Jujuy.<\/p>\n<p style=\"text-align: justify;\">1903.- Nace Marguerite Yourcenar (Marguerite Crayencour), escritora francesa.<\/p>\n<p style=\"text-align: justify;\">1917.- Primera Guerra Mundial: Un cuerpo expedicionario estadounidense, al mando del general Pershing, desembarca en Liverpool.<\/p>\n<p style=\"text-align: justify;\">1921.- Nace Mohammed Suharto, militar y pol\u00edtico indonesio.<\/p>\n<p style=\"text-align: justify;\">1924.- La Orquesta Filarm\u00f3nica de La Habana da su primer concierto en el Teatro Nacional de la capital de Cuba.<\/p>\n<p style=\"text-align: justify;\">1928.- Nace Gustavo Guti\u00e9rrez, sacerdote peruano, fundador del movimiento de la \u00abteolog\u00eda de la liberaci\u00f3n\u00bb.<\/p>\n<p style=\"text-align: justify;\">1928.- Se inaugura en Ginebra la Conferencia Internacional del Trabajo.<\/p>\n<p style=\"text-align: justify;\">.- El general Chiang Kai-Shek ocupa Pek\u00edn y se asegura el control militar de China.<\/p>\n<p style=\"text-align: justify;\">1930.- La Asamblea Nacional de Ruman\u00eda proclama Rey al pr\u00edncipe Carlos.<\/p>\n<p style=\"text-align: justify;\">1940.- Aprobada una nueva Constituci\u00f3n en Cuba, en la que se establece que el presidente sea elegido por sufragio y por un periodo de cuatro a\u00f1os.<\/p>\n<p style=\"text-align: justify;\">1941.- II Guerra mundial: tropas francesas y brit\u00e1nicas invaden Siria.<\/p>\n<p style=\"text-align: justify;\">1943.- Muere Guillermo Valencia, poeta y pol\u00edtico colombiano.<\/p>\n<p style=\"text-align: justify;\">1946.- El nacionalista Ahmed Sukarno convoca a la resistencia en Indonesia.<\/p>\n<p style=\"text-align: justify;\">1947.- Llega a Madrid Eva Duarte, esposa del presidente argentino Juan Domingo Per\u00f3n, que es acogida con numerosas manifestaciones populares de agradecimiento por la ayuda econ\u00f3mica prestada por Argentina al pueblo espa\u00f1ol.<\/p>\n<p style=\"text-align: justify;\">1948.- El pintor franc\u00e9s Georges Braque, Gran Premio de la Bienal de Venecia.<\/p>\n<p style=\"text-align: justify;\">1950.- Tropas norcoreanas cruzan el paralelo 38, la frontera impuesta por los aliados en la conferencia de Yalta, e invaden el territorio de Corea del Sur, con lo que comienza la guerra de Corea.<\/p>\n<p style=\"text-align: justify;\">1960.- Desaparece \u00abCrisol\u00bb, \u00fanico peri\u00f3dico independiente que se publicaba en Cuba.<\/p>\n<p style=\"text-align: justify;\">1962.- Acuerdo URSS-EEUU para investigaciones espaciales en el \u00e1mbito meteorol\u00f3gico.<\/p>\n<p style=\"text-align: justify;\">1963.- Gana las elecciones presidenciales de Per\u00fa Fernando Bela\u00fande Terry, candidato del partido Acci\u00f3n Popular.<\/p>\n<p style=\"text-align: justify;\">1971.- El Presidente de Chile, Salvador Allende, declara el estado de excepci\u00f3n en la provincia de Santiago, por el asesinato del exministro Edmundo P\u00e9rez Zujovic.<\/p>\n<p style=\"text-align: justify;\">1982.- Mueren 135 personas al estrellarse un Boeing en Brasil.<\/p>\n<p style=\"text-align: justify;\">1984.- La princesa Carolina de M\u00f3naco da a luz a su primog\u00e9nito, quien forma parte de la l\u00ednea sucesoria del pr\u00edncipe Rainiero.<\/p>\n<p style=\"text-align: justify;\">1986.- Kurt Waldheim, candidato conservador a la presidencia de Austria, gana por mayor\u00eda absoluta en la segunda vuelta.<\/p>\n<p style=\"text-align: justify;\">1990.- Muere Jos\u00e9 Figueres Ferrer, expresidente de Costa Rica.<\/p>\n<p style=\"text-align: justify;\">1993.- Muere Severo Sarduy, escritor cubano.<\/p>\n<p style=\"text-align: justify;\">1995.- Muere Juan Carlos Ongan\u00eda, expresidente argentino.<\/p>\n<p style=\"text-align: justify;\">1999, el juez Juan Guzm\u00e1n Tapia abre la mayor causa contra la dictadura chilena (1973-1990) al ordenar la detenci\u00f3n y procesamiento de cinco militares.<\/p>\n<p style=\"text-align: justify;\">2000.- El presidente de Per\u00fa, Alberto Fujimori, se convierte en jefe supremo de las Fuerzas Armadas y la Polic\u00eda Nacional hasta 2005. La oposici\u00f3n califica de \u00abnuevo golpe de estado\u00bb su reconocimiento por los mandos castrenses.<\/p>\n<p style=\"text-align: justify;\">2001.- Un tribunal de Guatemala condena al coronel Byron Lima Estrada, a su hijo el capit\u00e1n Byron Lima Oliva y a un sargento a 30 a\u00f1os de prisi\u00f3n por el asesinato del obispo Juan Gerardi cometido el 26 de abril de 1998.<\/p>\n<p style=\"text-align: justify;\">2001.- Irlanda rechaza en refer\u00e9ndum la ratificaci\u00f3n del Tratado de Niza y paraliza la ampliaci\u00f3n de la UE.<\/p>\n<p style=\"text-align: justify;\">2003.- Polonia aprueba en refer\u00e9ndum su ingreso en la UE.<\/p>\n<p style=\"text-align: justify;\">.- Muere H\u00e9ctor Cabrera, cantante venezolano.<\/p>\n<p style=\"text-align: justify;\">2004.- El Consejo de Seguridad de la ONU aprueba la resoluci\u00f3n 1546 para traspasar los poderes al reci\u00e9n nombrado gobierno iraqu\u00ed y autorizar la permanencia de una fuerza multinacional despu\u00e9s del 30 de junio.<\/p>\n<p style=\"text-align: justify;\">.- Las autoridades cubanas liberan a los disidentes Leonardo Bruz\u00f3n, Carlos Dom\u00ednguez, Emilio Leyva y L\u00e1zaro Miguel Rodr\u00edguez.<\/p>\n<p style=\"text-align: justify;\">2005.- El Congreso de Bolivia acepta la dimisi\u00f3n de Carlos Mesa y designa como nuevo presidente al abogado Eduardo Rodr\u00edguez.<\/p>\n<p style=\"text-align: justify;\">2006.- Tropas estadounidenses matan en Irak a Abu Musab Al Zarqaui, considerado el jefe de Al Qaeda en ese pa\u00eds.<\/p>\n<p style=\"text-align: justify;\">2010.- Muere Porfi Jim\u00e9nez, m\u00fasico dominicano.<\/p>\n<p style=\"text-align: justify;\">2012.- Muere Arturo Azulea, escritor e historiador mexicano.<\/p>\n","protected":false},"excerpt":{"rendered":"<p>Un d\u00eda 8 de junio como hoy, pero de 1969, el presidente de Estados Unidos, Richard Nixon, anuncia la retirada escalonada de Vietnam de los 25 mil soldados que estaban en ese pa\u00eds.<\/p>\n","protected":false},"author":6,"featured_media":14250,"comment_status":"open","ping_status":"open","sticky":false,"template":"","format":"standard","meta":{"_acf_changed":false,"_monsterinsights_skip_tracking":false,"slim_seo":{"title":"Efem\u00e9rides 8 de junio - Opini\u00f3n P\u00fablica","description":"Un d\u00eda 8 de junio como hoy, pero de 1969, el presidente de Estados Unidos, Richard Nixon, anuncia la retirada escalonada de Vietnam de los 25 mil soldados que e"},"footnotes":""},"categories":[27],"tags":[],"class_list":["post-14251","post","type-post","status-publish","format-standard","has-post-thumbnail","hentry","category-un-dia-como-hoy"],"acf":[],"_links":{"self":[{"href":"https:\/\/www.opinionpublica.tv\/portada\/wp-json\/wp\/v2\/posts\/14251","targetHints":{"allow":["GET"]}}],"collection":[{"href":"https:\/\/www.opinionpublica.tv\/portada\/wp-json\/wp\/v2\/posts"}],"about":[{"href":"https:\/\/www.opinionpublica.tv\/portada\/wp-json\/wp\/v2\/types\/post"}],"author":[{"embeddable":true,"href":"https:\/\/www.opinionpublica.tv\/portada\/wp-json\/wp\/v2\/users\/6"}],"replies":[{"embeddable":true,"href":"https:\/\/www.opinionpublica.tv\/portada\/wp-json\/wp\/v2\/comments?post=14251"}],"version-history":[{"count":0,"href":"https:\/\/www.opinionpublica.tv\/portada\/wp-json\/wp\/v2\/posts\/14251\/revisions"}],"wp:featuredmedia":[{"embeddable":true,"href":"https:\/\/www.opinionpublica.tv\/portada\/wp-json\/wp\/v2\/media\/14250"}],"wp:attachment":[{"href":"https:\/\/www.opinionpublica.tv\/portada\/wp-json\/wp\/v2\/media?parent=14251"}],"wp:term":[{"taxonomy":"category","embeddable":true,"href":"https:\/\/www.opinionpublica.tv\/portada\/wp-json\/wp\/v2\/categories?post=14251"},{"taxonomy":"post_tag","embeddable":true,"href":"https:\/\/www.opinionpublica.tv\/portada\/wp-json\/wp\/v2\/tags?post=14251"}],"curies":[{"name":"wp","href":"https:\/\/api.w.org\/{rel}","templated":true}]}}