{"id":14185,"date":"2017-06-04T06:00:00","date_gmt":"2017-06-04T04:00:00","guid":{"rendered":"https:\/\/www.opinionpublica.tv\/portada\/2017\/06\/04\/mexico-las-razones-del-antisistema\/"},"modified":"2017-06-04T06:00:00","modified_gmt":"2017-06-04T04:00:00","slug":"mexico-las-razones-del-antisistema","status":"publish","type":"post","link":"https:\/\/www.opinionpublica.tv\/portada\/mexico-las-razones-del-antisistema\/","title":{"rendered":"M\u00e9xico: las razones del antisistema"},"content":{"rendered":"<p style=\"text-align: justify;\">Tengo m\u00e1s de dos a\u00f1os explicando en conferencias y en entrevistas las razones globales de la corriente antisist\u00e9mica, sus fuertes peligros y los posibles efectos positivos a largo plazo; quienes han asistido a las conferencias recordar\u00e1n que explico por qu\u00e9 debemos fortalecer las instituciones, respetar la democracia y dejar de buscar h\u00e9roes, y todo eso sin dejar de negar que el sentimiento tiene una gran justificaci\u00f3n: gobiernos insensibles, corrupci\u00f3n, impunidad, complicidades con el crimen organizado, discursos acartonados, gobiernos excluyentes, liderazgos creados y muchos otros fen\u00f3menos que vemos casi en cualquier gobierno del planeta y en todos los niveles.<\/p>\n<p><!--more--><\/p>\n<p style=\"text-align: justify;\">As\u00ed han surgido y triunfado en Grecia, Espa\u00f1a, Guatemala y Estados Unidos, por ejemplo; la impunidad y la falta de resultados tangibles han sido los detonantes y aunque hay quien argumenta que esta situaci\u00f3n es hist\u00f3rica, hoy vivimos un momento en que los tel\u00e9fonos inteligentes se han transformado en un canal de comunicaci\u00f3n que difunde sin control verdades y mentiras, donde las fake news conviven con informaci\u00f3n validada, donde las opiniones infundadas pero estruendosas y populares sobrepasan cualquier argumento racional, y por ello, no porque haya pol\u00edticos diferentes, es que hoy el ciudadano en el mundo es atra\u00eddo por esa doctrina que borda por momentos es la antidemocr\u00e1tica y hasta en la anarqu\u00eda.<\/p>\n<p style=\"text-align: justify;\">En M\u00e9xico, el a\u00f1o pasado estim\u00e9 en 31% ese grupo que rechaza toda instituci\u00f3n, superior al porcentaje que ten\u00eda por s\u00ed solo cualquier partido pol\u00edtico.<\/p>\n<p style=\"text-align: justify;\">Pues bien, en d\u00edas recientes vivimos en poco tiempo tantas noticias negativas que era dif\u00edcil decidir cu\u00e1l era la peor, pero todas apuntaban a dar la raz\u00f3n al sentimiento antisistema. Veamos:<\/p>\n<p style=\"text-align: justify;\">Descubrimos que las c\u00e1rceles ni castigan ni rehabilitan, que son refugios de delincuentes y que ellos las controlan, vimos fugas de presos importantes en Sinaloa y Tamaulipas, motines con muertos y heridos en Nuevo Le\u00f3n y Quintana Roo, y las autoridades en general ausentes, nos volvieron a recetar el t\u00e9rmino \u201cautogobierno\u201d para justificar que hay c\u00e1rceles donde los que gobiernan son los presos. \u00bfC\u00f3mo confiar en las c\u00e1rceles?<\/p>\n<p style=\"text-align: justify;\">De nuevo un ex gobernador es acusado y est\u00e1 pr\u00f3fugo, con C\u00e9sar Duarte tenemos ya en este momento cuatro ex mandatarios estatales presos y cuatro pr\u00f3fugos, adem\u00e1s de muchos otros investigados. \u00bfSe requiere dejar de ser gobernador para que los persigan? \u00bfSe puede confiar en los actuales gobernadores?<\/p>\n<p style=\"text-align: justify;\">En el senado de la Rep\u00fablica, los miembros de la bancada del PRD mantuvieron sus diferencias y sus acusaciones y terminaron dividi\u00e9ndose, dejando a un grupo original de m\u00e1s de 20 senadores en s\u00f3lo ocho; ellos tienen la libertad de hacerlo pero \u00bfa qu\u00e9 votante representan ahora, al que los eligi\u00f3 como miembros de un partido o al que ellos ven ahora como su futuro pol\u00edtico? \u00bfPodemos confiar en que nuestro voto por un partido ser\u00e1 respetado por los legisladores electos?<\/p>\n<p style=\"text-align: justify;\">En la C\u00e1mara de Diputados, ante la muerte de uno de ellos, se present\u00f3 su suplente a tomar protesta, pero la persona que pretend\u00eda ser nuevo diputado tiene una investigaci\u00f3n por peculado en curso; sus compa\u00f1eros de partido, del PRI, lo protegieron, trataron de llevar adelante el tr\u00e1mite con el que obtendr\u00eda fuero, al final no pudo. \u00bfPara eso es el fuero? \u00bfLe importa a los diputados m\u00e1s el cumplimiento de las leyes que sus intereses partidistas? \u00bfSe puede confiar en los diputados?<\/p>\n<p style=\"text-align: justify;\">El fiscal de Nayarit, que destacadamente hab\u00eda disminuido los \u00edndices delictivos del estado, es detenido en EU acusado nada m\u00e1s y nada menos que de tr\u00e1fico de drogas, el encargado de combatir al crimen organizado en ese estado era parte de \u00e9l, la persona que representaba al estado en las reuniones de seguridad nacional y que por ende ten\u00eda informaci\u00f3n delicada, formaba parte de la delincuencia. \u00bfPodemos confiar en los procuradores y fiscales estatales?<\/p>\n<p style=\"text-align: justify;\">A una excandidata presidencial envuelta en esc\u00e1ndalos de lavado de dinero de familiares cercanos, Josefina V\u00e1zquez Mota,nunca la acusaron pero s\u00ed la atacan con ello. Aqu\u00ed son dos cosas distintas: \u00bfes real el delito y en ese caso es totalmente ajena? \u00bfSe est\u00e1 usando la informaci\u00f3n judicial con motivos partidistas? y al final, \u00bfen qui\u00e9n confiar?<\/p>\n<p style=\"text-align: justify;\">Un ex presidente Calder\u00f3n y un ex gobernador Moreira, que convivieron en el poder del 2006 al 2011, enfrascados en una guerra de bajo nivel, muchas palabras para ofenderse y acusarse y nulas pruebas concretas m\u00e1s all\u00e1 de las percepciones o recortes period\u00edsticos, pero en campa\u00f1a electoral levantan a sus seguidores y seguramente sirven o no lo har\u00edan. \u00bfPor qu\u00e9 no dijeron lo que sab\u00edan cuando co-gobernaban el estado en el que hoy se enfrentan? Si tienen pruebas, \u00bfpor qu\u00e9 no van a las procuradur\u00edas en lugar de hacer campa\u00f1a con lo que saben?<\/p>\n<p style=\"text-align: justify;\">Un juez en Veracruz falla a favor de un presunto violador que as\u00ed est\u00e1 a punto de obtener la libertad, el juez es posteriormente suspendido pero queda la duda sobre la probidad de los jueces. \u00bfPodemos confiar en la impartici\u00f3n de la justicia?<\/p>\n<p style=\"text-align: justify;\">En varios estados, Baja California Sur, Sinaloa, Veracruz y destacadamente Chihuahua hay agresiones a periodistas, particularmente en el \u00faltimo estado muere una reportera y cierra un diario. \u00bfEs posible hacer periodismo?<\/p>\n<p style=\"text-align: justify;\">Y mientras todo esto pasa, sigue sin salir la Ley de Seguridad Interior y sin normarse un fiscal anticorrupci\u00f3n, dos cosas que debieron haber salido desde hace tiempo.<\/p>\n<p style=\"text-align: justify;\">Coincido con un gran pensador, Enrique Krauze, en que tanto las instituciones como los ciudadanos terminar\u00e1n d\u00e1ndose cuenta de que el camino no pasa por una persona o por la destrucci\u00f3n de lo construido, se requiere mayor participaci\u00f3n para combatir los abusos del poder y m\u00e1s presi\u00f3n para que las instituciones no sean simples ap\u00e9ndices de los gobiernos, y reitero mi convicci\u00f3n de que la democracia es el \u00fanico lugar en el que quiero vivir.<\/p>\n<p style=\"text-align: justify;\"><a href=\"mailto:rcampos@consulta.com.mx\">rcampos@consulta.com.mx<\/a><\/p>\n","protected":false},"excerpt":{"rendered":"<p>Tengo m\u00e1s de dos a\u00f1os explicando en conferencias y en entrevistas las razones globales de la corriente antisist\u00e9mica, sus fuertes peligros y los posibles efectos positivos a largo plazo; quienes han asistido a las conferencias recordar\u00e1n que explico por qu\u00e9 debemos fortalecer las instituciones, respetar la democracia y dejar de buscar h\u00e9roes, y todo eso [&hellip;]<\/p>\n","protected":false},"author":6,"featured_media":0,"comment_status":"open","ping_status":"open","sticky":false,"template":"","format":"standard","meta":{"_acf_changed":false,"_monsterinsights_skip_tracking":false,"slim_seo":{"title":"M\u00e9xico: las razones del antisistema - Opini\u00f3n P\u00fablica","description":"Tengo m\u00e1s de dos a\u00f1os explicando en conferencias y en entrevistas las razones globales de la corriente antisist\u00e9mica, sus fuertes peligros y los posibles efecto"},"footnotes":""},"categories":[35],"tags":[],"class_list":["post-14185","post","type-post","status-publish","format-standard","hentry","category-roy-campos-opina"],"acf":[],"_links":{"self":[{"href":"https:\/\/www.opinionpublica.tv\/portada\/wp-json\/wp\/v2\/posts\/14185","targetHints":{"allow":["GET"]}}],"collection":[{"href":"https:\/\/www.opinionpublica.tv\/portada\/wp-json\/wp\/v2\/posts"}],"about":[{"href":"https:\/\/www.opinionpublica.tv\/portada\/wp-json\/wp\/v2\/types\/post"}],"author":[{"embeddable":true,"href":"https:\/\/www.opinionpublica.tv\/portada\/wp-json\/wp\/v2\/users\/6"}],"replies":[{"embeddable":true,"href":"https:\/\/www.opinionpublica.tv\/portada\/wp-json\/wp\/v2\/comments?post=14185"}],"version-history":[{"count":0,"href":"https:\/\/www.opinionpublica.tv\/portada\/wp-json\/wp\/v2\/posts\/14185\/revisions"}],"wp:attachment":[{"href":"https:\/\/www.opinionpublica.tv\/portada\/wp-json\/wp\/v2\/media?parent=14185"}],"wp:term":[{"taxonomy":"category","embeddable":true,"href":"https:\/\/www.opinionpublica.tv\/portada\/wp-json\/wp\/v2\/categories?post=14185"},{"taxonomy":"post_tag","embeddable":true,"href":"https:\/\/www.opinionpublica.tv\/portada\/wp-json\/wp\/v2\/tags?post=14185"}],"curies":[{"name":"wp","href":"https:\/\/api.w.org\/{rel}","templated":true}]}}