{"id":14016,"date":"2017-05-23T06:00:00","date_gmt":"2017-05-23T04:00:00","guid":{"rendered":"https:\/\/www.opinionpublica.tv\/portada\/2017\/05\/23\/detiene-sedena-a-lider-del-cartel-del-golfo-en-zacatecas\/"},"modified":"2017-05-23T06:00:00","modified_gmt":"2017-05-23T04:00:00","slug":"detiene-sedena-a-lider-del-cartel-del-golfo-en-zacatecas","status":"publish","type":"post","link":"https:\/\/www.opinionpublica.tv\/portada\/detiene-sedena-a-lider-del-cartel-del-golfo-en-zacatecas\/","title":{"rendered":"Detiene Sedena a l\u00edder del C\u00e1rtel del Golfo en Zacatecas"},"content":{"rendered":"<p><img fetchpriority=\"high\" decoding=\"async\" class=\" size-full wp-image-14015\" src=\"https:\/\/www.opinionpublica.tv\/portada\/wp-content\/uploads\/2017\/05\/25e7e3a7eccab06db002a4d0c71836ef.jpg\" alt=\"\" class=\"caption\" title=\"Jos\u00e9 Antonio Romo L\u00f3pez, alias \"La Hamburguesa\u201d, presunto l\u00edder del C\u00e1rtel del Golfo en Zacatecas.\" width=\"664\" height=\"498\" srcset=\"https:\/\/www.opinionpublica.tv\/portada\/wp-content\/uploads\/2017\/05\/25e7e3a7eccab06db002a4d0c71836ef.jpg 664w, https:\/\/www.opinionpublica.tv\/portada\/wp-content\/uploads\/2017\/05\/25e7e3a7eccab06db002a4d0c71836ef-300x225.jpg 300w\" sizes=\"(max-width: 664px) 100vw, 664px\" \/><br \/>\n<!--more--><\/p>\n<p style=\"text-align: justify;\"><em>Zacatecas<\/em>.- Jos\u00e9 Antonio Romo L\u00f3pez, alias\u00a0\u00abLa Hamburguesa\u201d, presunto l\u00edder del C\u00e1rtel del Golfo en Zacatecas\u00a0fue detenido este martes por las Fuerzas Especiales de la Secretar\u00eda de la Defensa Nacional\u00a0(Sedena), en coordinaci\u00f3n con la Agencia de Investigaci\u00f3n Criminal (AIC).<\/p>\n<p style=\"text-align: justify;\">Gracias a trabajos de inteligencia y al despliegue de un operativo terrestre, se determin\u00f3 la ubicaci\u00f3n del presunto capo, considerado uno de los 122 objetivos prioritarios del gobierno federal, en el ejido San Francisco, en el municipio de Tabasco.<\/p>\n<p style=\"text-align: justify;\">\u201cJos\u00e9 Antonio \u2018N\u2019, es considerado como uno de los principales generadores de violencia en el estado de Zacatecas, adem\u00e1s de ser el responsable de diversas ejecuciones y secuestros ocurridos en la regi\u00f3n; cuenta con influencia delincuencial en los estados de Michoac\u00e1n y M\u00e9xico\u201d, inform\u00f3 la PGR.<\/p>\n<p style=\"text-align: justify;\">Tras un enfrentamiento entre integrantes del grupo delictivo y los elementos federales, as\u00ed como de una persecuci\u00f3n de m\u00e1s de cinco horas en la Sierra Madre del Sur,\u00a0se logr\u00f3 la captura de Romo L\u00f3pez y de otros dos individuos identificados como Armando Rodr\u00edguez Rodr\u00edguez, \u00abEl Huevotes\u00bb, y Ernesto Zapata Mac\u00edas, \u00abDon Garras\u201d, escoltas del l\u00edder delincuencial.<\/p>\n<p style=\"text-align: justify;\">Durante el operativo, se aseguraron cuatro armas largas, dos cortas, cargadores, cartuchos \u00fatiles, equipo t\u00e1ctico y de comunicaci\u00f3n, as\u00ed como cristal.<\/p>\n","protected":false},"excerpt":{"rendered":"","protected":false},"author":6,"featured_media":14015,"comment_status":"open","ping_status":"open","sticky":false,"template":"","format":"standard","meta":{"_acf_changed":false,"_monsterinsights_skip_tracking":false,"slim_seo":{"title":"Detiene Sedena a l\u00edder del C\u00e1rtel del Golfo en Zacatecas - Opini\u00f3n P\u00fablica","description":"Zacatecas .- Jos\u00e9 Antonio Romo L\u00f3pez, alias\u00a0\"La Hamburguesa\u201d, presunto l\u00edder del C\u00e1rtel del Golfo en Zacatecas\u00a0fue detenido este martes por las Fuerzas Especial"},"footnotes":""},"categories":[9],"tags":[],"class_list":["post-14016","post","type-post","status-publish","format-standard","has-post-thumbnail","hentry","category-nacional"],"acf":[],"_links":{"self":[{"href":"https:\/\/www.opinionpublica.tv\/portada\/wp-json\/wp\/v2\/posts\/14016","targetHints":{"allow":["GET"]}}],"collection":[{"href":"https:\/\/www.opinionpublica.tv\/portada\/wp-json\/wp\/v2\/posts"}],"about":[{"href":"https:\/\/www.opinionpublica.tv\/portada\/wp-json\/wp\/v2\/types\/post"}],"author":[{"embeddable":true,"href":"https:\/\/www.opinionpublica.tv\/portada\/wp-json\/wp\/v2\/users\/6"}],"replies":[{"embeddable":true,"href":"https:\/\/www.opinionpublica.tv\/portada\/wp-json\/wp\/v2\/comments?post=14016"}],"version-history":[{"count":0,"href":"https:\/\/www.opinionpublica.tv\/portada\/wp-json\/wp\/v2\/posts\/14016\/revisions"}],"wp:featuredmedia":[{"embeddable":true,"href":"https:\/\/www.opinionpublica.tv\/portada\/wp-json\/wp\/v2\/media\/14015"}],"wp:attachment":[{"href":"https:\/\/www.opinionpublica.tv\/portada\/wp-json\/wp\/v2\/media?parent=14016"}],"wp:term":[{"taxonomy":"category","embeddable":true,"href":"https:\/\/www.opinionpublica.tv\/portada\/wp-json\/wp\/v2\/categories?post=14016"},{"taxonomy":"post_tag","embeddable":true,"href":"https:\/\/www.opinionpublica.tv\/portada\/wp-json\/wp\/v2\/tags?post=14016"}],"curies":[{"name":"wp","href":"https:\/\/api.w.org\/{rel}","templated":true}]}}