{"id":14014,"date":"2017-05-23T06:00:00","date_gmt":"2017-05-23T04:00:00","guid":{"rendered":"https:\/\/www.opinionpublica.tv\/portada\/2017\/05\/23\/video-el-talento-mexicano-conquista-cannes-otra-vez\/"},"modified":"2017-05-23T06:00:00","modified_gmt":"2017-05-23T04:00:00","slug":"video-el-talento-mexicano-conquista-cannes-otra-vez","status":"publish","type":"post","link":"https:\/\/www.opinionpublica.tv\/portada\/video-el-talento-mexicano-conquista-cannes-otra-vez\/","title":{"rendered":"Video: El talento mexicano conquista Cannes otra vez"},"content":{"rendered":"<p><img fetchpriority=\"high\" decoding=\"async\" class=\" size-full wp-image-14013\" src=\"https:\/\/www.opinionpublica.tv\/portada\/wp-content\/uploads\/2017\/05\/51a9dde28e17118ec0e4576d5d8bc3d6.jpg\" alt=\"\" class=\"caption\" title=\"El dream team mexicano en Cannes.\" width=\"541\" height=\"305\" srcset=\"https:\/\/www.opinionpublica.tv\/portada\/wp-content\/uploads\/2017\/05\/51a9dde28e17118ec0e4576d5d8bc3d6.jpg 541w, https:\/\/www.opinionpublica.tv\/portada\/wp-content\/uploads\/2017\/05\/51a9dde28e17118ec0e4576d5d8bc3d6-300x169.jpg 300w\" sizes=\"(max-width: 541px) 100vw, 541px\" \/><br \/>\n<!--more--><\/p>\n<p style=\"text-align: justify;\"><em>Cannes.-<\/em> En un video compartido por\u00a0<a style=\"font-style: inherit;\" href=\"https:\/\/www.facebook.com\/Variety\/videos\/10154561206407197\/\">Variety en Facebook<\/a>, se aprecia de derecha a izquierda a:\u00a0Alfonso Cuar\u00f3n\u00a0con su esposa Sheherazade Goldsmith;\u00a0Guillermo del Toro, Emmanuel Lubezki, Alejandro Gonz\u00e1lez I\u00f1\u00e1rritu, Diego Luna, Gael Garc\u00eda Bernal, Salma Hayek\u00a0y su esposo franc\u00e9s muy mexicano Fran\u00e7ois-Henri Pinault posando para las c\u00e1maras.<\/p>\n<p style=\"text-align: justify;\">Todos ellos vistieron formal con trajes en tonos oscuros, mientras que ellas decantaron con vestidos de alta costura. En el caso de Hayek, us\u00f3 un vestido de la firma\u00a0Gucci\u00a0con cuello marinero. Cabe destacar el nuevo corte de la veracruzana, m\u00e1s corto, as\u00ed como su degradado en el pelo.<\/p>\n<div class=\"k2_video\">[iframe src=\u00bbhttps:\/\/www.facebook.com\/plugins\/video.php?href=https%3A%2F%2Fwww.facebook.com%2FVariety%2Fvideos%2F10154561206407197%2F&#038;show_text=0&#038;width=560&#8243; width=\u00bb560&#8243; height=\u00bb315&#8243; style=\u00bbborder:none;overflow:hidden\u00bb scrolling=\u00bbno\u00bb frameborder=\u00bb0&#8243; allowTransparency=\u00bbtrue\u00bb allowFullScreen=\u00bbtrue\u00bb ]<\/div>\n","protected":false},"excerpt":{"rendered":"","protected":false},"author":6,"featured_media":14013,"comment_status":"open","ping_status":"open","sticky":false,"template":"","format":"standard","meta":{"_acf_changed":false,"_monsterinsights_skip_tracking":false,"slim_seo":{"title":"Video: El talento mexicano conquista Cannes otra vez - Opini\u00f3n P\u00fablica","description":"Cannes.- En un video compartido por\u00a0 Variety en Facebook , se aprecia de derecha a izquierda a:\u00a0Alfonso Cuar\u00f3n\u00a0con su esposa Sheherazade Goldsmith;\u00a0Guillermo de"},"footnotes":""},"categories":[13],"tags":[],"class_list":["post-14014","post","type-post","status-publish","format-standard","has-post-thumbnail","hentry","category-videos-destacados-contenido"],"acf":[],"_links":{"self":[{"href":"https:\/\/www.opinionpublica.tv\/portada\/wp-json\/wp\/v2\/posts\/14014","targetHints":{"allow":["GET"]}}],"collection":[{"href":"https:\/\/www.opinionpublica.tv\/portada\/wp-json\/wp\/v2\/posts"}],"about":[{"href":"https:\/\/www.opinionpublica.tv\/portada\/wp-json\/wp\/v2\/types\/post"}],"author":[{"embeddable":true,"href":"https:\/\/www.opinionpublica.tv\/portada\/wp-json\/wp\/v2\/users\/6"}],"replies":[{"embeddable":true,"href":"https:\/\/www.opinionpublica.tv\/portada\/wp-json\/wp\/v2\/comments?post=14014"}],"version-history":[{"count":0,"href":"https:\/\/www.opinionpublica.tv\/portada\/wp-json\/wp\/v2\/posts\/14014\/revisions"}],"wp:featuredmedia":[{"embeddable":true,"href":"https:\/\/www.opinionpublica.tv\/portada\/wp-json\/wp\/v2\/media\/14013"}],"wp:attachment":[{"href":"https:\/\/www.opinionpublica.tv\/portada\/wp-json\/wp\/v2\/media?parent=14014"}],"wp:term":[{"taxonomy":"category","embeddable":true,"href":"https:\/\/www.opinionpublica.tv\/portada\/wp-json\/wp\/v2\/categories?post=14014"},{"taxonomy":"post_tag","embeddable":true,"href":"https:\/\/www.opinionpublica.tv\/portada\/wp-json\/wp\/v2\/tags?post=14014"}],"curies":[{"name":"wp","href":"https:\/\/api.w.org\/{rel}","templated":true}]}}