{"id":14012,"date":"2017-05-23T06:00:00","date_gmt":"2017-05-23T04:00:00","guid":{"rendered":"https:\/\/www.opinionpublica.tv\/portada\/2017\/05\/23\/reaparece-eva-cadena-en-congreso-de-veracruz\/"},"modified":"2017-05-23T06:00:00","modified_gmt":"2017-05-23T04:00:00","slug":"reaparece-eva-cadena-en-congreso-de-veracruz","status":"publish","type":"post","link":"https:\/\/www.opinionpublica.tv\/portada\/reaparece-eva-cadena-en-congreso-de-veracruz\/","title":{"rendered":"Reaparece Eva Cadena en Congreso de Veracruz"},"content":{"rendered":"<p><img fetchpriority=\"high\" decoding=\"async\" class=\" size-full wp-image-14010\" src=\"https:\/\/www.opinionpublica.tv\/portada\/wp-content\/uploads\/2017\/05\/afda2fb0ce1f5813ad9d2250f1bcd778.jpg\" alt=\"\" class=\"caption\" title=\"Eva Cadena Sandoval, quien recibi\u00f3 500 mil pesos para Andr\u00e9s Manuel L\u00f3pez Obrador.\" width=\"651\" height=\"400\" srcset=\"https:\/\/www.opinionpublica.tv\/portada\/wp-content\/uploads\/2017\/05\/afda2fb0ce1f5813ad9d2250f1bcd778.jpg 651w, https:\/\/www.opinionpublica.tv\/portada\/wp-content\/uploads\/2017\/05\/afda2fb0ce1f5813ad9d2250f1bcd778-300x184.jpg 300w\" sizes=\"(max-width: 651px) 100vw, 651px\" \/><br \/>\n<!--more--><\/p>\n<p style=\"text-align: justify;\"><em>Veracruz.-<\/em> De manera discreta, este martes reapareci\u00f3 en el Congreso de Veracruz la diputada local por Morena, Eva Felicitas Cadena Sandoval, quien fue videograbada en tres ocasiones recibiendo dinero en efectivo supuestamente para Andr\u00e9s Manuel L\u00f3pez Obrador y sacar leyes a modo.<\/p>\n<p style=\"text-align: justify;\">Luego de tres faltas consecutivas justificadas a las sesiones de la Sexag\u00e9sima Cuarta Legislatura, la diputada local lleg\u00f3 minutos antes de que iniciara la sesi\u00f3n de este martes y de inmediato se sent\u00f3 en su curul, donde asegur\u00f3 que ha sido \u00abmuy violentada\u00bb, por lo que teme por su vida.<\/p>\n<p style=\"text-align: justify;\">Ante la mirada at\u00f3nita de sus pares, Cadena Sandoval, quien enfrenta dos juicios de desafuero en la C\u00e1mara de Diputados y en el Congreso, ocup\u00f3 su curul y los diputados obviaron su presencia.<\/p>\n<p style=\"text-align: justify;\">La legisladora, que ahora es independiente, es investigada actualmente por la Fiscal\u00eda Especializada para la Atenci\u00f3n de Delitos Electorales (Fepade) y la Fiscal\u00eda General del estado (FGE).<\/p>\n<p style=\"text-align: justify;\">En los videos difundidos por EL UNIVERSAL se observa a la ex candidata a la alcald\u00eda de Las Choapas por Movimiento de Regeneraci\u00f3n Nacional (Morena) recibiendo fajos de billetes para su campa\u00f1a y supuestamente para la del l\u00edder nacional del mismo partido, Andr\u00e9s Manuel L\u00f3pez Obrador.<\/p>\n<p style=\"text-align: justify;\"><img decoding=\"async\" class=\" size-full wp-image-14011\" src=\"https:\/\/www.opinionpublica.tv\/portada\/wp-content\/uploads\/2017\/05\/evita.jpg\" width=\"600\" height=\"364\" srcset=\"https:\/\/www.opinionpublica.tv\/portada\/wp-content\/uploads\/2017\/05\/evita.jpg 447w, https:\/\/www.opinionpublica.tv\/portada\/wp-content\/uploads\/2017\/05\/evita-300x182.jpg 300w\" sizes=\"(max-width: 600px) 100vw, 600px\" \/><\/p>\n<p style=\"text-align: justify;\">Eva permaneci\u00f3 en su asiento durante la sesi\u00f3n y fueron muy pocos los legisladores que se acercaron a saludarla. Entre ellos: los diputados pri\u00edstas Emiliano L\u00f3pez Cruz y Juan Nicol\u00e1s Callejas Rold\u00e1n, as\u00ed como el ex morenista y actual panista, Sebasti\u00e1n Reyes Arellano.<\/p>\n<p style=\"text-align: justify;\">Luego, al abandonar la sesi\u00f3n antes de que concluyera, la diputada local asegur\u00f3 que ha recibido amenazas en su contra, y se dijo perseguida.<\/p>\n<p style=\"text-align: justify;\">A\u00f1adi\u00f3 que la restricci\u00f3n ordenada por un juez para dar a conocer datos sobre el proceso que se le sigue, \u00abes por seguridad\u00bb, ya que ha \u00absido perseguida\u00bb.<\/p>\n<p style=\"text-align: justify;\">\u201cPor cuesti\u00f3n del caso que estamos siguiendo legalmente no voy a dar ninguna declaraci\u00f3n, las fiscal\u00edas y la investigaci\u00f3n ir\u00e1n dando todas las versiones y todo se va a saber.<\/p>\n<p style=\"text-align: justify;\">Les pido respeto, he sido muy violentada, he estado muy perseguida\u201d, mencion\u00f3. Tras ausentarse durante tres sesiones en el Congreso local, dijo a los medios: \u00abestoy dando cara y con calma todo ir\u00e1 saliendo\u201d.<\/p>\n","protected":false},"excerpt":{"rendered":"","protected":false},"author":6,"featured_media":14010,"comment_status":"open","ping_status":"open","sticky":false,"template":"","format":"standard","meta":{"_acf_changed":false,"_monsterinsights_skip_tracking":false,"slim_seo":{"title":"Reaparece Eva Cadena en Congreso de Veracruz - Opini\u00f3n P\u00fablica","description":"Veracruz.- De manera discreta, este martes reapareci\u00f3 en el Congreso de Veracruz la diputada local por Morena, Eva Felicitas Cadena Sandoval, quien fue videogra"},"footnotes":""},"categories":[9],"tags":[],"class_list":["post-14012","post","type-post","status-publish","format-standard","has-post-thumbnail","hentry","category-nacional"],"acf":[],"_links":{"self":[{"href":"https:\/\/www.opinionpublica.tv\/portada\/wp-json\/wp\/v2\/posts\/14012","targetHints":{"allow":["GET"]}}],"collection":[{"href":"https:\/\/www.opinionpublica.tv\/portada\/wp-json\/wp\/v2\/posts"}],"about":[{"href":"https:\/\/www.opinionpublica.tv\/portada\/wp-json\/wp\/v2\/types\/post"}],"author":[{"embeddable":true,"href":"https:\/\/www.opinionpublica.tv\/portada\/wp-json\/wp\/v2\/users\/6"}],"replies":[{"embeddable":true,"href":"https:\/\/www.opinionpublica.tv\/portada\/wp-json\/wp\/v2\/comments?post=14012"}],"version-history":[{"count":0,"href":"https:\/\/www.opinionpublica.tv\/portada\/wp-json\/wp\/v2\/posts\/14012\/revisions"}],"wp:featuredmedia":[{"embeddable":true,"href":"https:\/\/www.opinionpublica.tv\/portada\/wp-json\/wp\/v2\/media\/14010"}],"wp:attachment":[{"href":"https:\/\/www.opinionpublica.tv\/portada\/wp-json\/wp\/v2\/media?parent=14012"}],"wp:term":[{"taxonomy":"category","embeddable":true,"href":"https:\/\/www.opinionpublica.tv\/portada\/wp-json\/wp\/v2\/categories?post=14012"},{"taxonomy":"post_tag","embeddable":true,"href":"https:\/\/www.opinionpublica.tv\/portada\/wp-json\/wp\/v2\/tags?post=14012"}],"curies":[{"name":"wp","href":"https:\/\/api.w.org\/{rel}","templated":true}]}}