{"id":14005,"date":"2017-05-23T06:00:00","date_gmt":"2017-05-23T04:00:00","guid":{"rendered":"https:\/\/www.opinionpublica.tv\/portada\/2017\/05\/23\/los-rusos-contactaron-a-la-campana-de-trump-asegura-ex-jefe-de-la-cia\/"},"modified":"2017-05-23T06:00:00","modified_gmt":"2017-05-23T04:00:00","slug":"los-rusos-contactaron-a-la-campana-de-trump-asegura-ex-jefe-de-la-cia","status":"publish","type":"post","link":"https:\/\/www.opinionpublica.tv\/portada\/los-rusos-contactaron-a-la-campana-de-trump-asegura-ex-jefe-de-la-cia\/","title":{"rendered":"\u2018Los rusos contactaron a la campa\u00f1a de Trump\u2019 asegura ex jefe de la CIA"},"content":{"rendered":"<p><img fetchpriority=\"high\" decoding=\"async\" class=\" size-full wp-image-14004\" src=\"https:\/\/www.opinionpublica.tv\/portada\/wp-content\/uploads\/2017\/05\/775f342c56b1c992640b777e64675004.jpg\" alt=\"\" class=\"caption\" title=\"El ex jefe de la CIA, John Brennan.\" width=\"780\" height=\"438\" srcset=\"https:\/\/www.opinionpublica.tv\/portada\/wp-content\/uploads\/2017\/05\/775f342c56b1c992640b777e64675004.jpg 780w, https:\/\/www.opinionpublica.tv\/portada\/wp-content\/uploads\/2017\/05\/775f342c56b1c992640b777e64675004-300x168.jpg 300w, https:\/\/www.opinionpublica.tv\/portada\/wp-content\/uploads\/2017\/05\/775f342c56b1c992640b777e64675004-768x431.jpg 768w\" sizes=\"(max-width: 780px) 100vw, 780px\" \/><br \/>\n<!--more--><\/p>\n<p style=\"text-align: justify;\"><em>Washington, EU.-<\/em> El ex director de la CIA, John Brennan, dijo a los investigadores de la C\u00e1mara de Representantes el martes que Rusia \u00abinterfiri\u00f3 descaradamente\u00bb en las elecciones de Estados Unidos, incluyendo al ponerse activamente en contacto con miembros de la campa\u00f1a del presidente Donald Trump.<\/p>\n<p style=\"text-align: justify;\">\u201cVi interacci\u00f3n que en mi mente plante\u00f3 preguntas sobre si era una connivencia\u201d, dijo Brennan al representante Trey Gowdy, diciendo que apoy\u00f3 al FBI para indagar\u00a0m\u00e1s. \u00abEra necesario hilar m\u00e1s\u00bb.<\/p>\n<p style=\"text-align: justify;\">Brennan habl\u00f3 ante la Comisi\u00f3n de\u00a0Inteligencia de la C\u00e1mara sobre el alcance de la intromisi\u00f3n de Rusia en las elecciones de 2016 y los posibles v\u00ednculos con la campa\u00f1a Trump, en la que se le pregunt\u00f3 c\u00f3mo Mosc\u00fa recluta fuentes \u00abintencional e involuntariamente\u00bb.<\/p>\n<p style=\"text-align: justify;\">\u00abCon frecuencia, las personas que van por un camino de traici\u00f3n no saben que est\u00e1n en un camino de traici\u00f3n hasta que es demasiado tarde\u00bb, dijo Brennan.<\/p>\n<p style=\"text-align: justify;\">Brennan dijo que se enter\u00f3 primero de la intervenci\u00f3n activa de Rusia el verano pasado y, en una llamada telef\u00f3nica del 4 de agosto de 2016 con Alexander Bortnikov, jefe de la agencia de inteligencia FSB de Rusia, le advirti\u00f3 contra interferencias adicionales. Bortnikov, dijo Brennan, neg\u00f3 cualquier esfuerzo activo en las elecciones.<\/p>\n<p style=\"text-align: justify;\">El representante\u00a0Mike Turner, republicano de Ohio, cuestion\u00f3 a Brennan sobre\u00a0si la evidencia que cit\u00f3 equival\u00eda a una connivencia entre los ayudantes de Trump y Rusia.<\/p>\n<p style=\"text-align: justify;\">\u00abVer este tipo de contactos durante el mismo per\u00edodo de tiempo plante\u00f3 mi preocupaci\u00f3n\u00bb, dijo Brennan.<\/p>\n<p style=\"text-align: justify;\">Brennan advirti\u00f3 a los legisladores que aunque no pod\u00eda decir definitivamente si esos contactos equival\u00edan a \u00abconnivencia\u00bb, sab\u00eda que los rusos estaban cultivando activamente los contactos de Estados Unidos y, muy probablemente, no se presentaron como esp\u00edas rusos.<\/p>\n<p style=\"text-align: justify;\">Brennan tambi\u00e9n dijo que Trump podr\u00eda haber roto el protocolo si revel\u00f3 informaci\u00f3n altamente clasificada\u00a0<a href=\"http:\/\/cnnespanol.cnn.com\/2017\/05\/15\/washington-post-trump-compartio-informacion-clasificada-con-los-rusos\/\">al ministro ruso de Relaciones Exteriores y el embajador de Rusia en Estados Unidos<\/a> en una reuni\u00f3n de la Casa Blanca a principios de este mes.<\/p>\n<p style=\"text-align: justify;\">Los investigadores de la C\u00e1mara de Representantes est\u00e1n particularmente interesados en saber c\u00f3mo Rusia realiz\u00f3 sus ataques electorales dentro de Estados Unidos y a qui\u00e9nes intentaron reclutar los esp\u00edas rusos, dijo una fuente del Comit\u00e9 de Inteligencia de la C\u00e1mara de Representantes.<\/p>\n","protected":false},"excerpt":{"rendered":"","protected":false},"author":6,"featured_media":14004,"comment_status":"open","ping_status":"open","sticky":false,"template":"","format":"standard","meta":{"_acf_changed":false,"_monsterinsights_skip_tracking":false,"slim_seo":{"title":"\u2018Los rusos contactaron a la campa\u00f1a de Trump\u2019 asegura ex jefe de la CIA - Opini\u00f3n P\u00fablica","description":"Washington, EU.- El ex director de la CIA, John Brennan, dijo a los investigadores de la C\u00e1mara de Representantes el martes que Rusia \"interfiri\u00f3 descaradamente"},"footnotes":""},"categories":[24],"tags":[],"class_list":["post-14005","post","type-post","status-publish","format-standard","has-post-thumbnail","hentry","category-estados-unidos"],"acf":[],"_links":{"self":[{"href":"https:\/\/www.opinionpublica.tv\/portada\/wp-json\/wp\/v2\/posts\/14005","targetHints":{"allow":["GET"]}}],"collection":[{"href":"https:\/\/www.opinionpublica.tv\/portada\/wp-json\/wp\/v2\/posts"}],"about":[{"href":"https:\/\/www.opinionpublica.tv\/portada\/wp-json\/wp\/v2\/types\/post"}],"author":[{"embeddable":true,"href":"https:\/\/www.opinionpublica.tv\/portada\/wp-json\/wp\/v2\/users\/6"}],"replies":[{"embeddable":true,"href":"https:\/\/www.opinionpublica.tv\/portada\/wp-json\/wp\/v2\/comments?post=14005"}],"version-history":[{"count":0,"href":"https:\/\/www.opinionpublica.tv\/portada\/wp-json\/wp\/v2\/posts\/14005\/revisions"}],"wp:featuredmedia":[{"embeddable":true,"href":"https:\/\/www.opinionpublica.tv\/portada\/wp-json\/wp\/v2\/media\/14004"}],"wp:attachment":[{"href":"https:\/\/www.opinionpublica.tv\/portada\/wp-json\/wp\/v2\/media?parent=14005"}],"wp:term":[{"taxonomy":"category","embeddable":true,"href":"https:\/\/www.opinionpublica.tv\/portada\/wp-json\/wp\/v2\/categories?post=14005"},{"taxonomy":"post_tag","embeddable":true,"href":"https:\/\/www.opinionpublica.tv\/portada\/wp-json\/wp\/v2\/tags?post=14005"}],"curies":[{"name":"wp","href":"https:\/\/api.w.org\/{rel}","templated":true}]}}