{"id":13984,"date":"2017-05-21T06:00:00","date_gmt":"2017-05-21T04:00:00","guid":{"rendered":"https:\/\/www.opinionpublica.tv\/portada\/2017\/05\/21\/segunda-vuelta-corazon-y-cabeza\/"},"modified":"2017-05-21T06:00:00","modified_gmt":"2017-05-21T04:00:00","slug":"segunda-vuelta-corazon-y-cabeza","status":"publish","type":"post","link":"https:\/\/www.opinionpublica.tv\/portada\/segunda-vuelta-corazon-y-cabeza\/","title":{"rendered":"Segunda vuelta, coraz\u00f3n y cabeza"},"content":{"rendered":"<p style=\"text-align: justify;\">Las elecciones en el Estado de M\u00e9xico y las presidenciales de 2018 expondr\u00e1n el gran error hist\u00f3rico de no haber legislado la segunda vuelta en elecciones mexicanas. Es previsible que en 2019, a la luz de los posibles conflictos poselectorales que viviremos en los pr\u00f3ximos dos a\u00f1os, los partidos finalmente acepten que es inaplazable adoptar una buena pr\u00e1ctica y tendencia mundial.<\/p>\n<p><!--more--><\/p>\n<p style=\"text-align: justify;\">En el Estado de M\u00e9xico hay tres candidatos competitivos y uno en ascenso. La elecci\u00f3n puede terminar en tercios, o bien, con dos candidatos en el rango de 28-32 puntos porcentuales y otros dos en el rango de 18-22. En ambos escenarios, quien gane ser\u00e1 electo por una minor\u00eda de votantes en una elecci\u00f3n sumamente competida y conflictiva que es adem\u00e1s pre\u00e1mbulo de la elecci\u00f3n presidencial de 2018. Si la distancia entre los punteros es de menos de cinco puntos, es casi costumbre que se solicite la anulaci\u00f3n de la elecci\u00f3n.<\/p>\n<p style=\"text-align: justify;\">En 2018 es previsible que la competencia al final de las campa\u00f1as se polarice entre dos, como en 2006, y el resto de los candidatos rezagados. Que as\u00ed sea responde a que ante la falta de una segunda vuelta, los votantes desarrollan el voto estrat\u00e9gico: al inicio de las campa\u00f1as la gente expresa simpat\u00eda por su candidato preferido pero despu\u00e9s, en caso de que no tenga posibilidades reales de ganar, muchos optan por su segunda preferencia para evitar que otro \u2013el m\u00e1s indeseable\u2013 gane. Eso es, dos vueltas compactadas en una sola.<\/p>\n<p style=\"text-align: justify;\">Cuando hay dos rondas de votaci\u00f3n, en la primera la gente vota de manera sincera y la segunda de manera estrat\u00e9gica. Eso da a la gente la oportunidad de un voto m\u00e1s reflexivo y brinda informaci\u00f3n relevante de la ubicaci\u00f3n del electorado y sus preferencias. Seg\u00fan Pedro Kumamoto, con segunda vuelta la gente vota la primera vez con el coraz\u00f3n y la segunda con la cabeza.<\/p>\n<p style=\"text-align: justify;\">En M\u00e9xico la segunda vuelta tiene dos grandes enemigos que lo son adem\u00e1s entre ellos mismos: el presidente de la Rep\u00fablica y Andr\u00e9s Manuel L\u00f3pez Obrador. El primero dijo a finales de octubre del a\u00f1o pasado, en un foro organizado por\u00a0<strong>EL FINANCIERO<\/strong>, que la segunda vuelta constru\u00eda \u201cmayor\u00edas ficticias\u201d y que era inoportuno pensar en esta modificaci\u00f3n dada la cercan\u00eda de las elecciones de 2018.<\/p>\n<p style=\"text-align: justify;\">L\u00f3pez Obrador dice que la segunda vuelta ser\u00eda una trampa de la mafia del poder para evitar que gane. En febrero de este a\u00f1o dijo que la iniciativa es una forma con la que el PRI y el PAN pueden aliarse para 2018 porque ya vieron que van a perder: \u201cYa est\u00e1n viendo que no van a poder solos y que se tienen que aliar\u201d.<\/p>\n<p style=\"text-align: justify;\">El primer argumento es falso. Que las mayor\u00edas de la segunda vuelta sean pasajeras no las hace ficticias. La segunda vuelta simplemente ayuda a ordenar las preferencias del electorado y evitar que el m\u00e1s repudiado gane la presidencia (eso puede ocurrir con los candidatos con m\u00e1s negativos). Sin ella, un partido o candidato con muchos negativos puede ganar simplemente porque tiene m\u00e1s votos que sus adversarios. Las dos vueltas permiten que la gente combine el coraz\u00f3n y la cabeza para elegir.<\/p>\n<p style=\"text-align: justify;\">La segunda vuelta no fue dise\u00f1ada para formar gobiernos estables de coalici\u00f3n (esa es otra discusi\u00f3n). En ocasiones puede derivar en alianzas perdurables, pero en ocasiones simplemente sirve para elegir al Ejecutivo.<\/p>\n<p style=\"text-align: justify;\">Respecto al segundo argumento, la evidencia muestra que en m\u00e1s ocasiones ha habido alianzas anti-PRI que de \u00e9ste con el PAN. De tal forma que el mayor temor ha sido del PRI, partido que ha enfrentado en los \u00faltimos a\u00f1os diversas alianzas del PAN con el PRD (el agua y aceite se dice para cuestionarlas).<\/p>\n<p style=\"text-align: justify;\">No obstante, L\u00f3pez Obrador teme que el voto estrat\u00e9gico que ocurri\u00f3 en 2006 se repita en 2018, cuando un segmento del PRI, al ver que su candidato Roberto Madrazo estaba rezagado en el tercer sitio, decidi\u00f3 apoyar la campa\u00f1a de Felipe Calder\u00f3n ante el temor de que ganara AMLO.<\/p>\n<p style=\"text-align: justify;\"><strong>Twitter:\u00a0<\/strong><a href=\"https:\/\/twitter.com\/LCUgalde\">@LCUgalde<\/a><\/p>\n","protected":false},"excerpt":{"rendered":"<p>Las elecciones en el Estado de M\u00e9xico y las presidenciales de 2018 expondr\u00e1n el gran error hist\u00f3rico de no haber legislado la segunda vuelta en elecciones mexicanas. Es previsible que en 2019, a la luz de los posibles conflictos poselectorales que viviremos en los pr\u00f3ximos dos a\u00f1os, los partidos finalmente acepten que es inaplazable adoptar [&hellip;]<\/p>\n","protected":false},"author":6,"featured_media":0,"comment_status":"open","ping_status":"open","sticky":false,"template":"","format":"standard","meta":{"_acf_changed":false,"_monsterinsights_skip_tracking":false,"slim_seo":{"title":"Segunda vuelta, coraz\u00f3n y cabeza - Opini\u00f3n P\u00fablica","description":"Las elecciones en el Estado de M\u00e9xico y las presidenciales de 2018 expondr\u00e1n el gran error hist\u00f3rico de no haber legislado la segunda vuelta en elecciones mexic"},"footnotes":""},"categories":[23],"tags":[],"class_list":["post-13984","post","type-post","status-publish","format-standard","hentry","category-democracia-eficaz"],"acf":[],"_links":{"self":[{"href":"https:\/\/www.opinionpublica.tv\/portada\/wp-json\/wp\/v2\/posts\/13984","targetHints":{"allow":["GET"]}}],"collection":[{"href":"https:\/\/www.opinionpublica.tv\/portada\/wp-json\/wp\/v2\/posts"}],"about":[{"href":"https:\/\/www.opinionpublica.tv\/portada\/wp-json\/wp\/v2\/types\/post"}],"author":[{"embeddable":true,"href":"https:\/\/www.opinionpublica.tv\/portada\/wp-json\/wp\/v2\/users\/6"}],"replies":[{"embeddable":true,"href":"https:\/\/www.opinionpublica.tv\/portada\/wp-json\/wp\/v2\/comments?post=13984"}],"version-history":[{"count":0,"href":"https:\/\/www.opinionpublica.tv\/portada\/wp-json\/wp\/v2\/posts\/13984\/revisions"}],"wp:attachment":[{"href":"https:\/\/www.opinionpublica.tv\/portada\/wp-json\/wp\/v2\/media?parent=13984"}],"wp:term":[{"taxonomy":"category","embeddable":true,"href":"https:\/\/www.opinionpublica.tv\/portada\/wp-json\/wp\/v2\/categories?post=13984"},{"taxonomy":"post_tag","embeddable":true,"href":"https:\/\/www.opinionpublica.tv\/portada\/wp-json\/wp\/v2\/tags?post=13984"}],"curies":[{"name":"wp","href":"https:\/\/api.w.org\/{rel}","templated":true}]}}