{"id":13811,"date":"2017-05-10T06:00:00","date_gmt":"2017-05-10T04:00:00","guid":{"rendered":"https:\/\/www.opinionpublica.tv\/portada\/2017\/05\/10\/aumentan-600-crimenes-de-odio-contra-musulmanes-en-eu\/"},"modified":"2017-05-10T06:00:00","modified_gmt":"2017-05-10T04:00:00","slug":"aumentan-600-crimenes-de-odio-contra-musulmanes-en-eu","status":"publish","type":"post","link":"https:\/\/www.opinionpublica.tv\/portada\/aumentan-600-crimenes-de-odio-contra-musulmanes-en-eu\/","title":{"rendered":"Crece 600% cr\u00edmenes de odio contra musulmanes en EU"},"content":{"rendered":"<p><img fetchpriority=\"high\" decoding=\"async\" class=\" size-full wp-image-13810\" src=\"https:\/\/www.opinionpublica.tv\/portada\/wp-content\/uploads\/2017\/05\/2a6a2b9795749804af76eeea18b1cb38.jpg\" alt=\"\" class=\"caption\" title=\"El odio racial contra la comunidad musulmana va en aumento en Estados Unidos.\" width=\"630\" height=\"315\" srcset=\"https:\/\/www.opinionpublica.tv\/portada\/wp-content\/uploads\/2017\/05\/2a6a2b9795749804af76eeea18b1cb38.jpg 630w, https:\/\/www.opinionpublica.tv\/portada\/wp-content\/uploads\/2017\/05\/2a6a2b9795749804af76eeea18b1cb38-300x150.jpg 300w\" sizes=\"(max-width: 630px) 100vw, 630px\" \/><br \/>\n<!--more--><\/p>\n<p style=\"text-align: justify;\"><em>Washington, EU.-<\/em> Los cr\u00edmenes de odio contra musulmanes en Estados Unidos aumentaron casi en un 600 % en los \u00faltimos tres a\u00f1os, afirm\u00f3 hoy el Consejo de Relaciones Isl\u00e1mico-Estadounidenses (CAIR), que lo atribuy\u00f3 al ciclo de elecciones presidenciales.<\/p>\n<p style=\"text-align: justify;\">En un informe titulado \u00abEl empoderamiento del odio\u00bb, CAIR denunci\u00f3 que\u00a0el a\u00f1o pasado se produjeron 260 ataques a musulmanes en el pa\u00eds norteamericano, en comparaci\u00f3n con los 180 en 2015, cuando se incrementaron en un 374 % en relaci\u00f3n con los 38 de 2014.<\/p>\n<p style=\"text-align: justify;\">\u00abEn este informe nos centramos en los ataques de las \u00e9lites de la sociedad, sobre todo pol\u00edticos y candidatos presidenciales, que han tomado como objetivo a la comunidad musulmana y otras minor\u00edas para fines pol\u00edticos baratos\u00bb, asegur\u00f3 el director ejecutivo de CAIR, Nihad Awad, hoy en una rueda de prensa.<\/p>\n<p style=\"text-align: justify;\">\u00abHan usado el\u00a0miedo y la intimidaci\u00f3n\u00a0-a\u00f1adi\u00f3- para ganar votos y apoyo. Los candidatos pol\u00edticos han cuestionado la lealtad, el amor y el compromiso (de los musulmanes) con nuestra naci\u00f3n\u00bb.<\/p>\n<p style=\"text-align: justify;\">Adem\u00e1s, Awad explic\u00f3 que el Gobierno del presidente de Estados Unidos,\u00a0Donald Trump, tambi\u00e9n tiene \u00abmucha de la culpa\u00bb de estos ataques e incidentes, ya que\u00bbprometi\u00f3 y cumpli\u00f3 su compromiso de vetar a musulmanes\u00bb.<\/p>\n<p style=\"text-align: justify;\">Desde el inicio de la presidencia del magnate en pasado 20 de enero, el Gobierno emiti\u00f3 dos \u00f3rdenes ejecutivas (el 27 de enero y el 6 de marzo) para suspender temporalmente el programa de acogida de refugiados y las llegadas a EU desde varios pa\u00edses de mayor\u00eda musulmana, aunque fueron frenadas por los tribunales.<\/p>\n<p style=\"text-align: justify;\">En el informe, el grupo denunci\u00f3 que\u00a0el a\u00f1o pasado registraron un total de 2,213 incidentes de sesgo antimusulm\u00e1n, que definieron como prejuicios religiosos, mientras que la cifra se situ\u00f3 en 1,409 en 2015 y en 1,341 en 2014.<\/p>\n<p style=\"text-align: justify;\">En el \u00faltimo a\u00f1o,\u00a0390 de los casos fueron registrados como acoso, 334 como interrogatorios \u00abinapropiados\u00bb\u00a0por parte de la Agencia Federal de Investigaci\u00f3n (FBI, por sus siglas en ingl\u00e9s),\u00a0260 como cr\u00edmenes de odio y 180 como negaciones de acomodaci\u00f3n religiosa.<\/p>\n<p style=\"text-align: justify;\">En concreto, estos ataques se debieron en un 35 % de los casos por la pertenencia \u00e9tnica de la v\u00edctima o su origen nacional, en un 16 % como resultado de mujeres que llevaban el velo isl\u00e1mico, mientras que el resto se produjo en eventos sociales.<\/p>\n<p style=\"text-align: justify;\">El director del Departamento de Monitoreo y Combate contra la Islamofobia del CAIR y coautor del informe, Corey Saylor, llam\u00f3 al Gobierno de Trump a actuar \u00abseriamente\u00bb contra el \u00abcreciente sentimiento antiminoritario provocado al menos en parte por su ret\u00f3rica de campa\u00f1a t\u00f3xica, el nombramiento de islam\u00f3fobos en puestos pol\u00edticos y la introducci\u00f3n de pol\u00edticas islam\u00f3fobas\u00bb.<\/p>\n<p style=\"text-align: justify;\">Por su parte,\u00a0el FBI report\u00f3 257 incidentes antiisl\u00e1micos en 2015, en comparaci\u00f3n con 154 reportados en 2014, lo que supuso\u00a0un incremento del 67 %.<\/p>\n<p style=\"text-align: justify;\">Estas cifras, sin embargo, difieren de las de CAIR, que las considera \u00abinsuficientes\u00bb, ya que el FBI conf\u00eda en los departamentos de polic\u00eda locales para entregar voluntariamente sus datos sobre delitos de odio cada a\u00f1o.<\/p>\n","protected":false},"excerpt":{"rendered":"","protected":false},"author":6,"featured_media":13810,"comment_status":"open","ping_status":"open","sticky":false,"template":"","format":"standard","meta":{"_acf_changed":false,"_monsterinsights_skip_tracking":false,"slim_seo":{"title":"Crece 600% cr\u00edmenes de odio contra musulmanes en EU - Opini\u00f3n P\u00fablica","description":"Washington, EU.- Los cr\u00edmenes de odio contra musulmanes en Estados Unidos aumentaron casi en un 600 % en los \u00faltimos tres a\u00f1os, afirm\u00f3 hoy el Consejo de Relacio"},"footnotes":""},"categories":[24],"tags":[],"class_list":["post-13811","post","type-post","status-publish","format-standard","has-post-thumbnail","hentry","category-estados-unidos"],"acf":[],"_links":{"self":[{"href":"https:\/\/www.opinionpublica.tv\/portada\/wp-json\/wp\/v2\/posts\/13811","targetHints":{"allow":["GET"]}}],"collection":[{"href":"https:\/\/www.opinionpublica.tv\/portada\/wp-json\/wp\/v2\/posts"}],"about":[{"href":"https:\/\/www.opinionpublica.tv\/portada\/wp-json\/wp\/v2\/types\/post"}],"author":[{"embeddable":true,"href":"https:\/\/www.opinionpublica.tv\/portada\/wp-json\/wp\/v2\/users\/6"}],"replies":[{"embeddable":true,"href":"https:\/\/www.opinionpublica.tv\/portada\/wp-json\/wp\/v2\/comments?post=13811"}],"version-history":[{"count":0,"href":"https:\/\/www.opinionpublica.tv\/portada\/wp-json\/wp\/v2\/posts\/13811\/revisions"}],"wp:featuredmedia":[{"embeddable":true,"href":"https:\/\/www.opinionpublica.tv\/portada\/wp-json\/wp\/v2\/media\/13810"}],"wp:attachment":[{"href":"https:\/\/www.opinionpublica.tv\/portada\/wp-json\/wp\/v2\/media?parent=13811"}],"wp:term":[{"taxonomy":"category","embeddable":true,"href":"https:\/\/www.opinionpublica.tv\/portada\/wp-json\/wp\/v2\/categories?post=13811"},{"taxonomy":"post_tag","embeddable":true,"href":"https:\/\/www.opinionpublica.tv\/portada\/wp-json\/wp\/v2\/tags?post=13811"}],"curies":[{"name":"wp","href":"https:\/\/api.w.org\/{rel}","templated":true}]}}