{"id":13807,"date":"2017-05-10T06:00:00","date_gmt":"2017-05-10T04:00:00","guid":{"rendered":"https:\/\/www.opinionpublica.tv\/portada\/2017\/05\/10\/celebra-leyzaola-dos-anos-del-atentado-culpa-a-cesar-duarte\/"},"modified":"2017-05-10T06:00:00","modified_gmt":"2017-05-10T04:00:00","slug":"celebra-leyzaola-dos-anos-del-atentado-culpa-a-cesar-duarte","status":"publish","type":"post","link":"https:\/\/www.opinionpublica.tv\/portada\/celebra-leyzaola-dos-anos-del-atentado-culpa-a-cesar-duarte\/","title":{"rendered":"Celebra Leyzaola dos a\u00f1os del atentado; culpa a C\u00e9sar Duarte"},"content":{"rendered":"<p><img fetchpriority=\"high\" decoding=\"async\" class=\" size-full wp-image-13806\" src=\"https:\/\/www.opinionpublica.tv\/portada\/wp-content\/uploads\/2017\/05\/97e1c5b87e7ed9a795cde7807aea8724.jpg\" alt=\"\" class=\"caption\" title=\"Juli\u00e1n Leyzaola P\u00e9rez, ex secretario de Seguridad P\u00fablica Municipal de Ciudad Ju\u00e1rez.\" width=\"492\" height=\"365\" srcset=\"https:\/\/www.opinionpublica.tv\/portada\/wp-content\/uploads\/2017\/05\/97e1c5b87e7ed9a795cde7807aea8724.jpg 492w, https:\/\/www.opinionpublica.tv\/portada\/wp-content\/uploads\/2017\/05\/97e1c5b87e7ed9a795cde7807aea8724-300x223.jpg 300w\" sizes=\"(max-width: 492px) 100vw, 492px\" \/><br \/>\n<!--more--><\/p>\n<p style=\"text-align: justify;\"><em>Tijuana, BCN.-<\/em> El ex secretario de Seguridad P\u00fablica Municipal de Ciudad Ju\u00e1rez, Juli\u00e1n Leyzaola P\u00e9rez, celebr\u00f3 su cumplea\u00f1os n\u00famero 57, as\u00ed como el segundo aniversario del atentado en su contra, el 8 de mayo de 2015.<\/p>\n<p style=\"text-align: justify;\">En silla de ruedas, el militar en retiro y ex candidato a la Presidencia Municipal de Tijuana celebr\u00f3 su cumplea\u00f1os con dos velas y dos ping\u00fcinos mar\u00ednela, y acus\u00f3 de nueva cuenta al ex gobernador de Chihuahua, C\u00e9sar Duarte del atentado contra su vida.<\/p>\n<p style=\"text-align: justify;\">\u201cSegundo aniversario despu\u00e9s de 57 a\u00f1os y dos de reci\u00e9n nacido gracias al tarado de Duarte y toda su comitiva de compinches, listos para cumplir otros 57 m\u00e1s\u201d, dijo el teniente coronel.<\/p>\n<p style=\"text-align: justify;\">Leyzaola agradeci\u00f3 los parabienes recibidos por motivo de su cumplea\u00f1os y dijo estar listo para seguir adelante \u201cotros 57 a\u00f1os\u201d.<\/p>\n<p style=\"text-align: justify;\">\u201cSi Dios me dej\u00f3 vivir, es porque a\u00fan no completo mi misi\u00f3n, as\u00ed qu\u00e9 hay que trabajar duro, ojal\u00e1 mi misi\u00f3n dure mucho, un saludo afectuoso, cu\u00eddense mucho, por favor\u201d, se\u00f1al\u00f3.<\/p>\n<p style=\"text-align: justify;\">Es importante se\u00f1alar que hasta ahora la Fiscal\u00eda General del Estado no ha dado a conocer m\u00e1s avances de las investigaciones del atentado ocurrido el 8 de mayo de 2015, aunque ya se tiene preso al autor material del atentado y un c\u00f3mplice.<\/p>\n","protected":false},"excerpt":{"rendered":"","protected":false},"author":6,"featured_media":13806,"comment_status":"open","ping_status":"open","sticky":false,"template":"","format":"standard","meta":{"_acf_changed":false,"_monsterinsights_skip_tracking":false,"slim_seo":{"title":"Celebra Leyzaola dos a\u00f1os del atentado; culpa a C\u00e9sar Duarte - Opini\u00f3n P\u00fablica","description":"Tijuana, BCN.- El ex secretario de Seguridad P\u00fablica Municipal de Ciudad Ju\u00e1rez, Juli\u00e1n Leyzaola P\u00e9rez, celebr\u00f3 su cumplea\u00f1os n\u00famero 57, as\u00ed como el segundo ani"},"footnotes":""},"categories":[5],"tags":[],"class_list":["post-13807","post","type-post","status-publish","format-standard","has-post-thumbnail","hentry","category-frontera"],"acf":[],"_links":{"self":[{"href":"https:\/\/www.opinionpublica.tv\/portada\/wp-json\/wp\/v2\/posts\/13807","targetHints":{"allow":["GET"]}}],"collection":[{"href":"https:\/\/www.opinionpublica.tv\/portada\/wp-json\/wp\/v2\/posts"}],"about":[{"href":"https:\/\/www.opinionpublica.tv\/portada\/wp-json\/wp\/v2\/types\/post"}],"author":[{"embeddable":true,"href":"https:\/\/www.opinionpublica.tv\/portada\/wp-json\/wp\/v2\/users\/6"}],"replies":[{"embeddable":true,"href":"https:\/\/www.opinionpublica.tv\/portada\/wp-json\/wp\/v2\/comments?post=13807"}],"version-history":[{"count":0,"href":"https:\/\/www.opinionpublica.tv\/portada\/wp-json\/wp\/v2\/posts\/13807\/revisions"}],"wp:featuredmedia":[{"embeddable":true,"href":"https:\/\/www.opinionpublica.tv\/portada\/wp-json\/wp\/v2\/media\/13806"}],"wp:attachment":[{"href":"https:\/\/www.opinionpublica.tv\/portada\/wp-json\/wp\/v2\/media?parent=13807"}],"wp:term":[{"taxonomy":"category","embeddable":true,"href":"https:\/\/www.opinionpublica.tv\/portada\/wp-json\/wp\/v2\/categories?post=13807"},{"taxonomy":"post_tag","embeddable":true,"href":"https:\/\/www.opinionpublica.tv\/portada\/wp-json\/wp\/v2\/tags?post=13807"}],"curies":[{"name":"wp","href":"https:\/\/api.w.org\/{rel}","templated":true}]}}