{"id":13776,"date":"2017-05-09T06:00:00","date_gmt":"2017-05-09T04:00:00","guid":{"rendered":"https:\/\/www.opinionpublica.tv\/portada\/2017\/05\/09\/realizan-segundo-debate-entre-los-candidatos-de-edomex\/"},"modified":"2017-05-09T06:00:00","modified_gmt":"2017-05-09T04:00:00","slug":"realizan-segundo-debate-entre-los-candidatos-de-edomex","status":"publish","type":"post","link":"https:\/\/www.opinionpublica.tv\/portada\/realizan-segundo-debate-entre-los-candidatos-de-edomex\/","title":{"rendered":"Realizan segundo debate entre los candidatos de Edomex"},"content":{"rendered":"<p><img fetchpriority=\"high\" decoding=\"async\" class=\" size-full wp-image-13775\" src=\"https:\/\/www.opinionpublica.tv\/portada\/wp-content\/uploads\/2017\/05\/c6a325a95b49bf779f499630a0983df0.jpg\" alt=\"\" class=\"caption\" title=\"Los candidatos al gobierno del Estado de M\u00e9xico en el segundo debate.\" width=\"664\" height=\"498\" srcset=\"https:\/\/www.opinionpublica.tv\/portada\/wp-content\/uploads\/2017\/05\/c6a325a95b49bf779f499630a0983df0.jpg 664w, https:\/\/www.opinionpublica.tv\/portada\/wp-content\/uploads\/2017\/05\/c6a325a95b49bf779f499630a0983df0-300x225.jpg 300w\" sizes=\"(max-width: 664px) 100vw, 664px\" \/><br \/>\n<!--more--><\/p>\n<p style=\"text-align: justify;\"><em>Estado de M\u00e9xico.- <\/em>La noche de este martes se realiz\u00f3 el\u00a0segundo debate\u00a0entre candidatos a la gubernatura del Estado de M\u00e9xico, en el que participaron Delfina G\u00f3mez, de Morena; Josefina V\u00e1zquez Mota, del PAN; Teresa Castell, candidata independiente; Alfredo del Mazo, del PRI; Juan Zepeda, PRD; y \u00d3scar Gonz\u00e1lez, del PT, se trataron los temas de econom\u00eda y empleo; desarrollo sustentable; y salud y educaci\u00f3n.<\/p>\n<p style=\"text-align: justify;\">En el tema de\u00a0econom\u00eda y empleo, el candidato\u00a0\u00d3scar Gonz\u00e1lez, del Partido del Trabajo (PT), propone:<\/p>\n<p style=\"text-align: justify;\">La creaci\u00f3n de un banco estatal de desarrollo<\/p>\n<p style=\"text-align: justify;\">Facilidad para obtener microcr\u00e9ditos<\/p>\n<p style=\"text-align: justify;\">Cr\u00e9ditos para j\u00f3venes<\/p>\n<p style=\"text-align: justify;\">La construcci\u00f3n de una refiner\u00eda<\/p>\n<p style=\"text-align: justify;\">Seguro de desempleo\u00a0<\/p>\n<p style=\"text-align: justify;\"><strong>Alfredo del Mazo<\/strong>, candidato del PRI, destaca que de llegar al gobierno del Estado de M\u00e9xico crear\u00e1 m\u00e1s de un mill\u00f3n de empleos y que la entidad crecer\u00e1 cinco por ciento anual, as\u00ed como:<\/p>\n<p style=\"text-align: justify;\">Facilidad para abrir negocios en el estado<\/p>\n<p style=\"text-align: justify;\">Impulsar las vocaciones productivas, tur\u00edsticas e industriales<\/p>\n<p style=\"text-align: justify;\">Empleos cerca de casa\u00a0<\/p>\n<p style=\"text-align: justify;\"><strong style=\"font-style: inherit;\">Teresa Castell<\/strong>, candidata independiente, promete empleos bien pagados, microcr\u00e9ditos sin pagar intereses, y protecci\u00f3n a peque\u00f1as y medianas empresas, adem\u00e1s de:<\/p>\n<p style=\"text-align: justify;\">Reactivar el campo<\/p>\n<p style=\"text-align: justify;\">Utilizar una metodolog\u00eda emprendedora<\/p>\n<p style=\"text-align: justify;\">Institutos de innovaci\u00f3n tecnol\u00f3gica e innovaci\u00f3n<\/p>\n<p style=\"text-align: justify;\">Apoyos a artesanos<\/p>\n<p style=\"text-align: justify;\">Est\u00edmulo a la inversi\u00f3n<\/p>\n<p style=\"text-align: justify;\"><strong style=\"font-style: inherit;\">Delfina G\u00f3mez<\/strong>, candidata de Morena, ofrece programas de apoyo a j\u00f3venes, un ambiente propicio para generar empleos, apoyo al campo, a madres solteras, as\u00ed como los programas siguientes:<\/p>\n<p style=\"text-align: justify;\">Ritmo<\/p>\n<p style=\"text-align: justify;\">Ssano<\/p>\n<p style=\"text-align: justify;\">Tuit<\/p>\n<p style=\"text-align: justify;\">Limpio\u00a0<\/p>\n<p style=\"text-align: justify;\"><strong style=\"font-style: inherit;\">Josefina V\u00e1zquez Mota<\/strong>, candidata del PAN, garantiza bajar los impuestos y apoyar a las empresas que contraten a mujeres, j\u00f3venes y discapacitados, adem\u00e1s de:<\/p>\n<p style=\"text-align: justify;\">Combatir inseguridad<\/p>\n<p style=\"text-align: justify;\">Promover a la industria del calzado, pirotecnia, artesan\u00edas, flores y productos agr\u00edcolas<\/p>\n<p style=\"text-align: justify;\">Que el gobierno compre a empresas del estado<\/p>\n<p style=\"text-align: justify;\">Generar un mill\u00f3n de empleos\u00a0<\/p>\n<p style=\"text-align: justify;\"><strong style=\"font-style: inherit;\">Juan Zepeda<\/strong>, candidato del PRD, promete, invitar a los empresarios a invertir en el Estado de M\u00e9xico y a darles seguridad para que \u201cnadie los moleste\u201d, adem\u00e1s garantiza:<\/p>\n<p style=\"text-align: justify;\">Seguridad para empresarios, directivos y trabajadores<\/p>\n<p style=\"text-align: justify;\">Dos l\u00edneas de Metro y 10 l\u00edneas de Metrob\u00fas<\/p>\n<p style=\"text-align: justify;\">Un gobierno que d\u00e9 seguridad y fomente el empleo<\/p>\n<p style=\"text-align: justify;\">EN EL TEMA DE\u00a0<strong style=\"font-style: inherit;\">DESARROLLO SUSTENTABLE<\/strong>\u00a0LAS PROPUESTAS DE LOS CANDIDATOS AL GOBIERNO DEL ESTADO DE M\u00c9XICO SON:<\/p>\n<p style=\"text-align: justify;\"><strong style=\"font-style: inherit;\">Juan Zepeda (PRD)<\/strong><\/p>\n<p style=\"text-align: justify;\">Captar agua de lluvia y reutilizarla<\/p>\n<p style=\"text-align: justify;\">Dotar a los domicilios de calentadores solares<\/p>\n<p style=\"text-align: justify;\">Poner en marcha pol\u00edticas p\u00fablicas con agenda com\u00fan<\/p>\n<p style=\"text-align: justify;\">Hacer cumplir las leyes en materia de protecci\u00f3n animal y que se castigue y sancione a quien maltrate a los animales<\/p>\n<p style=\"text-align: justify;\"><strong style=\"font-style: inherit;\">Josefina V\u00e1zquez Mota (PAN)<\/strong><\/p>\n<p style=\"text-align: justify;\">Agua limpia todos los d\u00edas, sin cuotas y sin fugas<\/p>\n<p style=\"text-align: justify;\">Limpiar contaminaci\u00f3n del rio Lerma<\/p>\n<p style=\"text-align: justify;\">Hacer del aeropuerto un centro de creaci\u00f3n de empleos<\/p>\n<p style=\"text-align: justify;\">Acompa\u00f1ar a campesinos en recursos<\/p>\n<p style=\"text-align: justify;\">No m\u00e1s tiradero m\u00e1s de basura al cielo abierto<\/p>\n<p style=\"text-align: justify;\">La creaci\u00f3n del plan de desarrollo integral<\/p>\n<p style=\"text-align: justify;\">Recuperar a las ciudades bicentenario<\/p>\n<p style=\"text-align: justify;\"><strong style=\"font-style: inherit;\">Alfredo del Mazo (PRI)<\/strong><\/p>\n<p style=\"text-align: justify;\">Desarrollo urbano ordenado<\/p>\n<p style=\"text-align: justify;\">Crecimiento de manera ordenada<\/p>\n<p style=\"text-align: justify;\">Respeto al medio ambiente<\/p>\n<p style=\"text-align: justify;\">Abasto de agua<\/p>\n<p style=\"text-align: justify;\">Movilidad integral<\/p>\n<p style=\"text-align: justify;\">Tres l\u00edneas de Mexib\u00fas<\/p>\n<p style=\"text-align: justify;\">Dos l\u00edneas de Mexicable<\/p>\n<p style=\"text-align: justify;\">Protecci\u00f3n de bosques y r\u00edos<\/p>\n<p style=\"text-align: justify;\">Manejo responsable de residuos<\/p>\n<p style=\"text-align: justify;\"><strong style=\"font-style: inherit;\">Delfina G\u00f3mez (Morena)<\/strong><\/p>\n<p style=\"text-align: justify;\">Poner en marcha el programa de estrategia de calidad de vida<\/p>\n<p style=\"text-align: justify;\">Mejorar el cuidado al medio ambiente<\/p>\n<p style=\"text-align: justify;\">Limpieza de r\u00edos<\/p>\n<p style=\"text-align: justify;\">Recuperaci\u00f3n de espacios p\u00fablicos<\/p>\n<p style=\"text-align: justify;\">Protecci\u00f3n animal\u00a0<\/p>\n<p style=\"text-align: justify;\"><strong style=\"font-style: inherit;\">Teresa Castell (Independiente)<\/strong><\/p>\n<p style=\"text-align: justify;\">M\u00e1s sistema de transporte colectivo e interconexiones<\/p>\n<p style=\"text-align: justify;\">Protecci\u00f3n al medio ambiente<\/p>\n<p style=\"text-align: justify;\">Reciclaje de basura<\/p>\n<p style=\"text-align: justify;\">Plantas tratadoras de aguas residuales<\/p>\n<p style=\"text-align: justify;\">Azoteas verdes<\/p>\n<p style=\"text-align: justify;\">Agricultura urbana<\/p>\n<p style=\"text-align: justify;\">Jardines verticales y jardines horizontales\u00a0<\/p>\n<p style=\"text-align: justify;\"><strong style=\"font-style: inherit;\">\u00d3scar Gonz\u00e1lez (PT)<\/strong><\/p>\n<p style=\"text-align: justify;\">Transporte limpio, barato y seguro<\/p>\n<p style=\"text-align: justify;\">Generar orden que permita circular y quitar veh\u00edculos de la calle+<\/p>\n<p style=\"text-align: justify;\">Generar un Estado de M\u00e9xico limpio y sustentable<\/p>\n<p style=\"text-align: justify;\">EN EL TEMA DE\u00a0<strong style=\"font-style: inherit;\">SALUD Y EDUCACI\u00d3N<\/strong>\u00a0LAS PROPUESTAS DE LOS CANDIDATOS AL GOBIERNO DEL ESTADO DE M\u00c9XICO SON:<\/p>\n<p style=\"text-align: justify;\"><strong style=\"font-style: inherit;\">Teresa Castell (Independiente)<\/strong><\/p>\n<p style=\"text-align: justify;\">Duplicar presupuesto anual del sector salud<\/p>\n<p style=\"text-align: justify;\">Instalaci\u00f3n de comedores<\/p>\n<p style=\"text-align: justify;\">M\u00e1s instalaciones deportivas<\/p>\n<p style=\"text-align: justify;\">Alimentos gratuitos en las escuelas<\/p>\n<p style=\"text-align: justify;\">Equipar centros escolares<\/p>\n<p style=\"text-align: justify;\">Construir preparatorias gratuitas\u00a0<\/p>\n<p style=\"text-align: justify;\"><strong style=\"font-style: inherit;\">\u00d3scar Gonz\u00e1lez (PT)<\/strong><\/p>\n<p style=\"text-align: justify;\">M\u00e1s de 18 mil m\u00e9dicos en los centros de salud estatales<\/p>\n<p style=\"text-align: justify;\">Medicinas en las instalaciones m\u00e9dicas<\/p>\n<p style=\"text-align: justify;\">Centros de rehabilitaci\u00f3n infantil<\/p>\n<p style=\"text-align: justify;\"><strong style=\"font-style: inherit;\">Juan Zepeda (PRD)<\/strong><\/p>\n<p style=\"text-align: justify;\">Poner en marcha una aut\u00e9ntica reforma pedag\u00f3gica estatal<\/p>\n<p style=\"text-align: justify;\">Construcci\u00f3n de 50 preparatorias y 10 universitarias<\/p>\n<p style=\"text-align: justify;\">Ampliar en mil millones el presupuesto a al UAEM<\/p>\n<p style=\"text-align: justify;\">Implementar el programa Prepa S\u00ed en el estado<\/p>\n<p style=\"text-align: justify;\"><strong style=\"font-style: inherit;\">Delfina G\u00f3mez (Morena)<\/strong><\/p>\n<p style=\"text-align: justify;\">Mayor atenci\u00f3n a maestros<\/p>\n<p style=\"text-align: justify;\">Programa de apoyo a j\u00f3venes de preparatoria<\/p>\n<p style=\"text-align: justify;\">Elaborar una ley de salud<\/p>\n<p style=\"text-align: justify;\">Ning\u00fan joven de prepa y universidad se quede sin educaci\u00f3n<\/p>\n<p style=\"text-align: justify;\">Garantizar que no falten m\u00e9dicos, enfermeras y medicamentos<\/p>\n<p style=\"text-align: justify;\">Mayor atenci\u00f3n a maestros\u00a0<\/p>\n<p style=\"text-align: justify;\"><strong style=\"font-style: inherit;\">Alfredo del Mazo (PRI)<\/strong><\/p>\n<p style=\"text-align: justify;\">Duplicar n\u00famero de becas<\/p>\n<p style=\"text-align: justify;\">Triplicar becas al extranjero<\/p>\n<p style=\"text-align: justify;\">Construcci\u00f3n de 11 universidades y apoyo a maestros<\/p>\n<p style=\"text-align: justify;\">Duplicar n\u00famero de hospitales<\/p>\n<p style=\"text-align: justify;\">Medicinas suficientes en los centros de salud<\/p>\n<p style=\"text-align: justify;\">Atenci\u00f3n m\u00e9dica necesaria<\/p>\n<p style=\"text-align: justify;\">M\u00e9dicos y enfermeras suficientes<\/p>\n<p style=\"text-align: justify;\"><strong style=\"font-style: inherit;\">Josefina V\u00e1zquez Mota (PAN)<\/strong><\/p>\n<p style=\"text-align: justify;\">Bono de transporte para estudiantes<\/p>\n<p style=\"text-align: justify;\">Internet gratuito en todo el estado<\/p>\n<p style=\"text-align: justify;\">Mejorar la calidad educativa<\/p>\n<p style=\"text-align: justify;\">Aplicar el programa m\u00e9dico en tu colonia<\/p>\n<p style=\"text-align: justify;\">Apoyos especiales de becas<\/p>\n<p style=\"text-align: justify;\">\u00a0<\/p>\n<p style=\"text-align: justify;\"><strong>Con informaci\u00f3n de Exc\u00e9lsior.<\/strong><\/p>\n","protected":false},"excerpt":{"rendered":"","protected":false},"author":6,"featured_media":13775,"comment_status":"open","ping_status":"open","sticky":false,"template":"","format":"standard","meta":{"_acf_changed":false,"_monsterinsights_skip_tracking":false,"slim_seo":{"title":"Realizan segundo debate entre los candidatos de Edomex - Opini\u00f3n P\u00fablica","description":"Estado de M\u00e9xico.- La noche de este martes se realiz\u00f3 el\u00a0segundo debate\u00a0entre candidatos a la gubernatura del Estado de M\u00e9xico, en el que participaron Delfina G"},"footnotes":""},"categories":[9],"tags":[],"class_list":["post-13776","post","type-post","status-publish","format-standard","has-post-thumbnail","hentry","category-nacional"],"acf":[],"_links":{"self":[{"href":"https:\/\/www.opinionpublica.tv\/portada\/wp-json\/wp\/v2\/posts\/13776","targetHints":{"allow":["GET"]}}],"collection":[{"href":"https:\/\/www.opinionpublica.tv\/portada\/wp-json\/wp\/v2\/posts"}],"about":[{"href":"https:\/\/www.opinionpublica.tv\/portada\/wp-json\/wp\/v2\/types\/post"}],"author":[{"embeddable":true,"href":"https:\/\/www.opinionpublica.tv\/portada\/wp-json\/wp\/v2\/users\/6"}],"replies":[{"embeddable":true,"href":"https:\/\/www.opinionpublica.tv\/portada\/wp-json\/wp\/v2\/comments?post=13776"}],"version-history":[{"count":0,"href":"https:\/\/www.opinionpublica.tv\/portada\/wp-json\/wp\/v2\/posts\/13776\/revisions"}],"wp:featuredmedia":[{"embeddable":true,"href":"https:\/\/www.opinionpublica.tv\/portada\/wp-json\/wp\/v2\/media\/13775"}],"wp:attachment":[{"href":"https:\/\/www.opinionpublica.tv\/portada\/wp-json\/wp\/v2\/media?parent=13776"}],"wp:term":[{"taxonomy":"category","embeddable":true,"href":"https:\/\/www.opinionpublica.tv\/portada\/wp-json\/wp\/v2\/categories?post=13776"},{"taxonomy":"post_tag","embeddable":true,"href":"https:\/\/www.opinionpublica.tv\/portada\/wp-json\/wp\/v2\/tags?post=13776"}],"curies":[{"name":"wp","href":"https:\/\/api.w.org\/{rel}","templated":true}]}}