{"id":13766,"date":"2017-05-09T06:00:00","date_gmt":"2017-05-09T04:00:00","guid":{"rendered":"https:\/\/www.opinionpublica.tv\/portada\/2017\/05\/09\/premia-la-uacj-a-los-alumnos-mas-distinguidos-de-cada-carrera\/"},"modified":"2017-05-09T06:00:00","modified_gmt":"2017-05-09T04:00:00","slug":"premia-la-uacj-a-los-alumnos-mas-distinguidos-de-cada-carrera","status":"publish","type":"post","link":"https:\/\/www.opinionpublica.tv\/portada\/premia-la-uacj-a-los-alumnos-mas-distinguidos-de-cada-carrera\/","title":{"rendered":"Premia la UACJ a los alumnos m\u00e1s distinguidos de cada carrera"},"content":{"rendered":"<p><img fetchpriority=\"high\" decoding=\"async\" class=\" size-full wp-image-13765\" src=\"https:\/\/www.opinionpublica.tv\/portada\/wp-content\/uploads\/2017\/05\/0ccc1e3d26098346b5020f3221482cae.jpg\" alt=\"\" class=\"caption\" title=\"El rector de la UACJ Ricardo Duarte con los alumnos distinguidos.\" width=\"450\" height=\"305\" srcset=\"https:\/\/www.opinionpublica.tv\/portada\/wp-content\/uploads\/2017\/05\/0ccc1e3d26098346b5020f3221482cae.jpg 450w, https:\/\/www.opinionpublica.tv\/portada\/wp-content\/uploads\/2017\/05\/0ccc1e3d26098346b5020f3221482cae-300x203.jpg 300w\" sizes=\"(max-width: 450px) 100vw, 450px\" \/><br \/>\n<!--more--><\/p>\n<p style=\"text-align: justify;\"><em>Ciudad Ju\u00e1rez, Chih.-\u00a0<\/em>La Universidad Aut\u00f3noma de Ciudad Ju\u00e1rez (UACJ) reconoci\u00f3 los m\u00e9ritos acad\u00e9micos de sus alumnos m\u00e1s distinguidos, a quienes entreg\u00f3 un diploma por haber obtenido el m\u00e1s alto promedio de sus carreras durante el semestre anterior, as\u00ed como haber destacado en alguna actividad c\u00edvica, social, cultural o deportiva dentro de la m\u00e1xima casa de estudios.<\/p>\n<p style=\"text-align: justify;\">El evento fue encabezado por el rector de la UACJ, Ricardo Duarte J\u00e1quez y se llev\u00f3 a cabo en el teatro del Instituto de Ciencias Biom\u00e9dicas (ICB), ubicado entre las avenidas Plutarco El\u00edas Calles y Henry Dunant.<\/p>\n<p style=\"text-align: justify;\">En la ceremonia estuvieron presentes alumnos de los cinco institutos de la instituci\u00f3n y de todas las carreras.<\/p>\n<p style=\"text-align: justify;\">La directora general de Extensi\u00f3n y Servicios Estudiantiles, Rosana Ram\u00edrez Mart\u00ednez, inform\u00f3 que en esta ocasi\u00f3n fueron 168 los alumnos que fueron reconocidos tanto por su buen desempe\u00f1o acad\u00e9mico como por su sobresaliente participaci\u00f3n en la vida universitaria.<\/p>\n<p style=\"text-align: justify;\">Explic\u00f3 que se trata de uno de los eventos m\u00e1s importantes que la UACJ organiza cada semestre, ya que ello permite hacer visible el esfuerzo de muchos\u00a0universitarios distinguidos, quienes en muchas ocasiones permanece en el anonimato.<\/p>\n","protected":false},"excerpt":{"rendered":"","protected":false},"author":6,"featured_media":13765,"comment_status":"open","ping_status":"open","sticky":false,"template":"","format":"standard","meta":{"_acf_changed":false,"_monsterinsights_skip_tracking":false,"slim_seo":{"title":"Premia la UACJ a los alumnos m\u00e1s distinguidos de cada carrera - Opini\u00f3n P\u00fablica","description":"Ciudad Ju\u00e1rez, Chih.-\u00a0 La Universidad Aut\u00f3noma de Ciudad Ju\u00e1rez (UACJ) reconoci\u00f3 los m\u00e9ritos acad\u00e9micos de sus alumnos m\u00e1s distinguidos, a quienes entreg\u00f3 un di"},"footnotes":""},"categories":[5],"tags":[],"class_list":["post-13766","post","type-post","status-publish","format-standard","has-post-thumbnail","hentry","category-frontera"],"acf":[],"_links":{"self":[{"href":"https:\/\/www.opinionpublica.tv\/portada\/wp-json\/wp\/v2\/posts\/13766","targetHints":{"allow":["GET"]}}],"collection":[{"href":"https:\/\/www.opinionpublica.tv\/portada\/wp-json\/wp\/v2\/posts"}],"about":[{"href":"https:\/\/www.opinionpublica.tv\/portada\/wp-json\/wp\/v2\/types\/post"}],"author":[{"embeddable":true,"href":"https:\/\/www.opinionpublica.tv\/portada\/wp-json\/wp\/v2\/users\/6"}],"replies":[{"embeddable":true,"href":"https:\/\/www.opinionpublica.tv\/portada\/wp-json\/wp\/v2\/comments?post=13766"}],"version-history":[{"count":0,"href":"https:\/\/www.opinionpublica.tv\/portada\/wp-json\/wp\/v2\/posts\/13766\/revisions"}],"wp:featuredmedia":[{"embeddable":true,"href":"https:\/\/www.opinionpublica.tv\/portada\/wp-json\/wp\/v2\/media\/13765"}],"wp:attachment":[{"href":"https:\/\/www.opinionpublica.tv\/portada\/wp-json\/wp\/v2\/media?parent=13766"}],"wp:term":[{"taxonomy":"category","embeddable":true,"href":"https:\/\/www.opinionpublica.tv\/portada\/wp-json\/wp\/v2\/categories?post=13766"},{"taxonomy":"post_tag","embeddable":true,"href":"https:\/\/www.opinionpublica.tv\/portada\/wp-json\/wp\/v2\/tags?post=13766"}],"curies":[{"name":"wp","href":"https:\/\/api.w.org\/{rel}","templated":true}]}}