{"id":13753,"date":"2017-05-09T06:00:00","date_gmt":"2017-05-09T04:00:00","guid":{"rendered":"https:\/\/www.opinionpublica.tv\/portada\/2017\/05\/09\/emiten-alerta-sobre-viajes-a-texas-por-la-ley-sb-4\/"},"modified":"2017-05-09T06:00:00","modified_gmt":"2017-05-09T04:00:00","slug":"emiten-alerta-sobre-viajes-a-texas-por-la-ley-sb-4","status":"publish","type":"post","link":"https:\/\/www.opinionpublica.tv\/portada\/emiten-alerta-sobre-viajes-a-texas-por-la-ley-sb-4\/","title":{"rendered":"Emiten alerta sobre viajes para Texas por Ley SB 4; polic\u00eda podr\u00e1 detener a mexicanos"},"content":{"rendered":"<p><img fetchpriority=\"high\" decoding=\"async\" class=\" size-full wp-image-13752\" src=\"https:\/\/www.opinionpublica.tv\/portada\/wp-content\/uploads\/2017\/05\/dd21693d2b8a3fc7fd3e55950720bbfd.jpg\" alt=\"\" class=\"caption\" title=\"Esta alerta advierte que los mexicanos pueden ser detenidos por la polic\u00eda sin mayor motivo.\" width=\"400\" height=\"400\" srcset=\"https:\/\/www.opinionpublica.tv\/portada\/wp-content\/uploads\/2017\/05\/dd21693d2b8a3fc7fd3e55950720bbfd.jpg 400w, https:\/\/www.opinionpublica.tv\/portada\/wp-content\/uploads\/2017\/05\/dd21693d2b8a3fc7fd3e55950720bbfd-300x300.jpg 300w, https:\/\/www.opinionpublica.tv\/portada\/wp-content\/uploads\/2017\/05\/dd21693d2b8a3fc7fd3e55950720bbfd-150x150.jpg 150w\" sizes=\"(max-width: 400px) 100vw, 400px\" \/><br \/>\n<!--more--><\/p>\n<p style=\"text-align: justify;\"><em>El Paso, Tx.-\u00a0<\/em>La Uni\u00f3n de Libertades Civiles de Am\u00e9rica (ACLU), la mayor organizaci\u00f3n defensora de los derechos civiles en el pa\u00eds, emiti\u00f3 este d\u00eda una alerta de viaje para Texas tras la promulgaci\u00f3n de la Ley SB 4, al advertir a los viajeros la posible violaci\u00f3n de sus derechos si son detenidos por la polic\u00eda.<\/p>\n<p style=\"text-align: justify;\">La SB 4, que entrar\u00e1 en vigor a partir del pr\u00f3ximo 1 de septiembre, permitir\u00e1 a los agentes de polic\u00eda poder preguntar acerca del estatus migratorio a toda persona que haya sido detenida por cualquier motivo, incluyendo las rutinarias paradas de tr\u00e1fico.<\/p>\n<p style=\"text-align: justify;\">Las legislaci\u00f3n proh\u00edbe que los gobiernos locales adopten pol\u00edticas consideradas santuario para los inmigrantes indocumentados, al impedirles el negarse a acatar las leyes de inmigraci\u00f3n.<\/p>\n<p style=\"text-align: justify;\">\u201cLa ley da luz verde a los agentes de polic\u00eda en el estado para investigar el estatus migratorio de una persona durante una rutinaria parada de tr\u00e1fico, lo que lleva a un perfil racial generalizado, a un escrutinio sin base y a detenciones ilegales de ciudadanos y de no ciudadanos por igual, al presumir que son extranjeros\u201d, advirti\u00f3 la ACLU en un comunicado en el que informa de la alerta.<\/p>\n<p style=\"text-align: justify;\">\u201cEl objetivo de la ACLU es proteger a todos los texanos y a todas las personas que viajan por Texas, independientemente de su estatus migratorio, del acoso ilegal por parte de las fuerzas del orden\u201d, dijo Lorella Praeli, directora de pol\u00edticas y campa\u00f1as de inmigraci\u00f3n de ACLU.<\/p>\n<p style=\"text-align: justify;\">\u201cTexas es un estado con profundas ra\u00edces mexicanas y hogar de inmigrantes de todos los sectores de la vida. Muchos de nosotros nos ajustamos al perfil racial que la polic\u00eda de Texas usar\u00e1 para hacer cumplir la fuerza de deportaci\u00f3n draconiana de (presidente Donald) Trump\u201d, se\u00f1al\u00f3.<\/p>\n<p style=\"text-align: justify;\">\u201cPlaneamos luchar contra esta ley racista y equivocada en las cortes y en las calles. Hasta que la derrotemos, todos los que viajan en o hacia Texas deben estar conscientes de lo que les espera\u201d, dijo Terri Burke, director ejecutivo de la ACLU de Texas.<\/p>\n<p style=\"text-align: justify;\">\u201cEl Estado de la Estrella Solitaria se convertir\u00e1 en un estado de \u2018mu\u00e9streme tus papeles\u2019, donde cada interacci\u00f3n con la polic\u00eda puede convertirse en un interrogatorio de ciudadan\u00eda y un potencial arresto ilegal\u201d, indic\u00f3.<\/p>\n<p style=\"text-align: justify;\">\u201cBajo la SB 4, el estado de Texas est\u00e1 poniendo los derechos de sus residentes, incluyendo a ciudadanos de Estados Unidos, en peligro extremo\u201d, advirti\u00f3 las ACLU en el comunicado.<\/p>\n<p style=\"text-align: justify;\">\u201cEs simplemente cuesti\u00f3n de tiempo antes de que se produzcan arrestos ilegales. La polic\u00eda local tendr\u00e1 que decidir entre violar los derechos de una persona y ser severamente multada, ser encarcelada o incluso ser destituida de su cargo por elegir no hacerlo\u201d, dijo Burke.<\/p>\n<p style=\"text-align: justify;\">Los cap\u00edtulos estatales de ACLU en al menos otras 17 entidades del pa\u00eds tambi\u00e9n emitieron una alerta de viaje hacia Texas, incluyendo California, Colorado, Delaware, Haw\u00e1i, Louisiana, Maine, Nuevo M\u00e9xico, Nueva York, Carolina del Norte, Dakota del Norte, Carolina del Sur, Tennessee, Utah, Vermont, Wisconsin, Wyoming y Dakota del Sur.<\/p>\n","protected":false},"excerpt":{"rendered":"","protected":false},"author":6,"featured_media":13752,"comment_status":"open","ping_status":"open","sticky":false,"template":"","format":"standard","meta":{"_acf_changed":false,"_monsterinsights_skip_tracking":false,"slim_seo":{"title":"Emiten alerta sobre viajes para Texas por Ley SB 4; polic\u00eda podr\u00e1 detener a mexicanos - Opini\u00f3n P\u00fablica","description":"El Paso, Tx.-\u00a0 La Uni\u00f3n de Libertades Civiles de Am\u00e9rica (ACLU), la mayor organizaci\u00f3n defensora de los derechos civiles en el pa\u00eds, emiti\u00f3 este d\u00eda una alerta"},"footnotes":""},"categories":[3],"tags":[],"class_list":["post-13753","post","type-post","status-publish","format-standard","has-post-thumbnail","hentry","category-principal"],"acf":[],"_links":{"self":[{"href":"https:\/\/www.opinionpublica.tv\/portada\/wp-json\/wp\/v2\/posts\/13753","targetHints":{"allow":["GET"]}}],"collection":[{"href":"https:\/\/www.opinionpublica.tv\/portada\/wp-json\/wp\/v2\/posts"}],"about":[{"href":"https:\/\/www.opinionpublica.tv\/portada\/wp-json\/wp\/v2\/types\/post"}],"author":[{"embeddable":true,"href":"https:\/\/www.opinionpublica.tv\/portada\/wp-json\/wp\/v2\/users\/6"}],"replies":[{"embeddable":true,"href":"https:\/\/www.opinionpublica.tv\/portada\/wp-json\/wp\/v2\/comments?post=13753"}],"version-history":[{"count":0,"href":"https:\/\/www.opinionpublica.tv\/portada\/wp-json\/wp\/v2\/posts\/13753\/revisions"}],"wp:featuredmedia":[{"embeddable":true,"href":"https:\/\/www.opinionpublica.tv\/portada\/wp-json\/wp\/v2\/media\/13752"}],"wp:attachment":[{"href":"https:\/\/www.opinionpublica.tv\/portada\/wp-json\/wp\/v2\/media?parent=13753"}],"wp:term":[{"taxonomy":"category","embeddable":true,"href":"https:\/\/www.opinionpublica.tv\/portada\/wp-json\/wp\/v2\/categories?post=13753"},{"taxonomy":"post_tag","embeddable":true,"href":"https:\/\/www.opinionpublica.tv\/portada\/wp-json\/wp\/v2\/tags?post=13753"}],"curies":[{"name":"wp","href":"https:\/\/api.w.org\/{rel}","templated":true}]}}