{"id":13751,"date":"2017-05-09T06:00:00","date_gmt":"2017-05-09T04:00:00","guid":{"rendered":"https:\/\/www.opinionpublica.tv\/portada\/2017\/05\/09\/expediran-placas-a-finales-de-mayo-ya-hubo-licitacion\/"},"modified":"2017-05-09T06:00:00","modified_gmt":"2017-05-09T04:00:00","slug":"expediran-placas-a-finales-de-mayo-ya-hubo-licitacion","status":"publish","type":"post","link":"https:\/\/www.opinionpublica.tv\/portada\/expediran-placas-a-finales-de-mayo-ya-hubo-licitacion\/","title":{"rendered":"Expedir\u00e1n placas a finales de mayo; ya hubo licitaci\u00f3n"},"content":{"rendered":"<p><img fetchpriority=\"high\" decoding=\"async\" class=\" size-full wp-image-13750\" src=\"https:\/\/www.opinionpublica.tv\/portada\/wp-content\/uploads\/2017\/05\/ae88fed3812ce9ff79f75a9aed12c5ec.jpg\" alt=\"\" class=\"caption\" title=\"Nuevas placas de circulaci\u00f3n para Chihuahua.\" width=\"698\" height=\"450\" srcset=\"https:\/\/www.opinionpublica.tv\/portada\/wp-content\/uploads\/2017\/05\/ae88fed3812ce9ff79f75a9aed12c5ec.jpg 698w, https:\/\/www.opinionpublica.tv\/portada\/wp-content\/uploads\/2017\/05\/ae88fed3812ce9ff79f75a9aed12c5ec-300x193.jpg 300w\" sizes=\"(max-width: 698px) 100vw, 698px\" \/><br \/>\n<!--more--><\/p>\n<p style=\"text-align: justify;\"><em>Chihuahua, Chih.-<\/em> El secretario de Hacienda, Arturo Fuentes V\u00e9lez, dio a conocer que el fallo para la licitaci\u00f3n de las placas para autom\u00f3viles ya se dio, por lo que a partir del 31 de mayo los metales de identificaci\u00f3n ya deber\u00e1n estar listos para su distribuci\u00f3n en la entidad.<\/p>\n<p style=\"text-align: justify;\">El funcionario confirm\u00f3 que en d\u00edas pasados se dio el fallo y que la primera entrega de esta licitaci\u00f3n\u00a0es a fines de mayo, con otra entrega intermedia del proveedor anterior para el d\u00eda 15 del pr\u00f3ximo mes.<\/p>\n<p style=\"text-align: justify;\">\u201cLa informaci\u00f3n que yo tengo es que a partir del 31 de mayo las placas ya est\u00e1n listas\u00bb, coment\u00f3 al finalizar el evento de desayuno para madres trabajadoras del gobierno del estado.<\/p>\n<p style=\"text-align: justify;\">Al cuestionarle sobre el n\u00famero de metales que ser\u00e1n emitidos, Fuentes V\u00e9lez coment\u00f3 que por el momento no ten\u00eda los datos precisos de la licitaci\u00f3n. (La Opci\u00f3n)<\/p>\n","protected":false},"excerpt":{"rendered":"","protected":false},"author":6,"featured_media":13750,"comment_status":"open","ping_status":"open","sticky":false,"template":"","format":"standard","meta":{"_acf_changed":false,"_monsterinsights_skip_tracking":false,"slim_seo":{"title":"Expedir\u00e1n placas a finales de mayo; ya hubo licitaci\u00f3n - Opini\u00f3n P\u00fablica","description":"Chihuahua, Chih.- El secretario de Hacienda, Arturo Fuentes V\u00e9lez, dio a conocer que el fallo para la licitaci\u00f3n de las placas para autom\u00f3viles ya se dio, por l"},"footnotes":""},"categories":[4],"tags":[],"class_list":["post-13751","post","type-post","status-publish","format-standard","has-post-thumbnail","hentry","category-pulsopolitico"],"acf":[],"_links":{"self":[{"href":"https:\/\/www.opinionpublica.tv\/portada\/wp-json\/wp\/v2\/posts\/13751","targetHints":{"allow":["GET"]}}],"collection":[{"href":"https:\/\/www.opinionpublica.tv\/portada\/wp-json\/wp\/v2\/posts"}],"about":[{"href":"https:\/\/www.opinionpublica.tv\/portada\/wp-json\/wp\/v2\/types\/post"}],"author":[{"embeddable":true,"href":"https:\/\/www.opinionpublica.tv\/portada\/wp-json\/wp\/v2\/users\/6"}],"replies":[{"embeddable":true,"href":"https:\/\/www.opinionpublica.tv\/portada\/wp-json\/wp\/v2\/comments?post=13751"}],"version-history":[{"count":0,"href":"https:\/\/www.opinionpublica.tv\/portada\/wp-json\/wp\/v2\/posts\/13751\/revisions"}],"wp:featuredmedia":[{"embeddable":true,"href":"https:\/\/www.opinionpublica.tv\/portada\/wp-json\/wp\/v2\/media\/13750"}],"wp:attachment":[{"href":"https:\/\/www.opinionpublica.tv\/portada\/wp-json\/wp\/v2\/media?parent=13751"}],"wp:term":[{"taxonomy":"category","embeddable":true,"href":"https:\/\/www.opinionpublica.tv\/portada\/wp-json\/wp\/v2\/categories?post=13751"},{"taxonomy":"post_tag","embeddable":true,"href":"https:\/\/www.opinionpublica.tv\/portada\/wp-json\/wp\/v2\/tags?post=13751"}],"curies":[{"name":"wp","href":"https:\/\/api.w.org\/{rel}","templated":true}]}}