{"id":13746,"date":"2017-05-09T06:00:00","date_gmt":"2017-05-09T04:00:00","guid":{"rendered":"https:\/\/www.opinionpublica.tv\/portada\/2017\/05\/09\/revela-corral-detalles-de-la-nomina-secreta-del-ex-gobernador-duarte\/"},"modified":"2017-05-09T06:00:00","modified_gmt":"2017-05-09T04:00:00","slug":"revela-corral-detalles-de-la-nomina-secreta-del-ex-gobernador-duarte","status":"publish","type":"post","link":"https:\/\/www.opinionpublica.tv\/portada\/revela-corral-detalles-de-la-nomina-secreta-del-ex-gobernador-duarte\/","title":{"rendered":"Revela Corral detalles de n\u00f3mina secreta de C\u00e9sar Duarte"},"content":{"rendered":"<p><img fetchpriority=\"high\" decoding=\"async\" class=\" size-full wp-image-13745\" src=\"https:\/\/www.opinionpublica.tv\/portada\/wp-content\/uploads\/2017\/05\/2be921ea7a2a9a1742faffd5ada68728.jpg\" alt=\"\" class=\"caption\" title=\"Javier Corral, gobernador de Chihuahua.\" width=\"615\" height=\"345\" srcset=\"https:\/\/www.opinionpublica.tv\/portada\/wp-content\/uploads\/2017\/05\/2be921ea7a2a9a1742faffd5ada68728.jpg 615w, https:\/\/www.opinionpublica.tv\/portada\/wp-content\/uploads\/2017\/05\/2be921ea7a2a9a1742faffd5ada68728-300x168.jpg 300w\" sizes=\"(max-width: 615px) 100vw, 615px\" \/><br \/>\n<!--more--><\/p>\n<p style=\"text-align: justify;\"><em>Chihuahua, Chih.-\u00a0<\/em>El gobernador del Estado, Javier Corral Jurado revel\u00f3 m\u00e1s datos de la n\u00f3mina secreta del ex mandatario C\u00e9sar Duarte, aunque dijo que por secrec\u00eda de la investigaci\u00f3n no revelar\u00e1 por ahora el nombre de los supuestos beneficiarios.<\/p>\n<p style=\"text-align: justify;\">Corral asegur\u00f3 que desde el cuarto mes de gobierno de Duarte, \u00e9ste autoriz\u00f3 retiros cuantiosos para pagar campa\u00f1as electorales y actores pol\u00edticos, algunos de oposici\u00f3n.<\/p>\n<p style=\"text-align: justify;\">\u201cDuarte utiliz\u00f3 funcionarios p\u00fablicos para realizar esos retiros que, en seis a\u00f1os, suman cientos de millones de pesos\u201d, asegur\u00f3.<\/p>\n<p style=\"text-align: justify;\">Revel\u00f3 que se ha obtenido la colaboraci\u00f3n de muchos servidores p\u00fablicos que actualmente trabajan en el gobierno estatal, as\u00ed como de algunos ex funcionarios de la administraci\u00f3n de Duarte que se han acogido \u201cal criterio de oportunidad\u201d (no quiso utilizar el t\u00e9rmino de testigos protegidos), ya que el objetivo es recuperar el patrimonio robado a Chihuahua.<\/p>\n<p style=\"text-align: justify;\">\u201cVarios de los que se han asumido a esta figura legal, nos han afirmado que en las compras y contratos se entregaba un porcentaje al ex gobernador del Estado. Algunas ya est\u00e1n en las carpetas de investigaci\u00f3n y otras se han presentado como pruebas anticipadas\u201d, agreg\u00f3.<\/p>\n<p style=\"text-align: justify;\">Corral Jurado fue enf\u00e1tico al se\u00f1alar que \u201cno le hemos ofrecido a nadie impunidad. El criterio de oportunidad da solo algunas consideraciones del proceso que se sigue, pero a nadie le hemos ofrecido impunidad, no lo podr\u00edamos hacer\u201d.<\/p>\n<p style=\"text-align: justify;\">Mencion\u00f3 que est\u00e1n en curso varias investigaciones y testimonios, y han recibido mucha informaci\u00f3n a ra\u00edz de las primeras detenciones de ex funcionarios.<\/p>\n<p style=\"text-align: justify;\">Dijo tambi\u00e9n que los cateos al rancho del ex gobernador y su casa, les ha permitido avanzar en otras l\u00edneas de investigaci\u00f3n, al comprobar que se financiaron campa\u00f1as pol\u00edticas y candidatos.<\/p>\n<p style=\"text-align: justify;\">\u201cMucha de la informaci\u00f3n que se nos hab\u00edan dado a conocer se ha corroborado, nadie puede hacer una afirmaci\u00f3n categ\u00f3rica de los beneficiarios de esta n\u00f3mina, lo que es cierto es que era m\u00e1s que una n\u00f3mina. Eran retiros que hac\u00edan funcionarios del Gobierno del Estado para hacer pagos de distintas cosas, vinculadas con actividades pol\u00edtico electorales\u201d, coment\u00f3.<\/p>\n<p style=\"text-align: justify;\">El gobernador reiter\u00f3 que Duarte empez\u00f3 a saquear el Estado desde el cuarto mes de haber iniciado, por lo cual tienen elementos suficientes para lograr la aprehensi\u00f3n de C\u00e9sar Duarte para que pague las consecuencias de sus actos. (OEM)<\/p>\n","protected":false},"excerpt":{"rendered":"","protected":false},"author":6,"featured_media":13745,"comment_status":"open","ping_status":"open","sticky":false,"template":"","format":"standard","meta":{"_acf_changed":false,"_monsterinsights_skip_tracking":false,"slim_seo":{"title":"Revela Corral detalles de n\u00f3mina secreta de C\u00e9sar Duarte - Opini\u00f3n P\u00fablica","description":"Chihuahua, Chih.-\u00a0 El gobernador del Estado, Javier Corral Jurado revel\u00f3 m\u00e1s datos de la n\u00f3mina secreta del ex mandatario C\u00e9sar Duarte, aunque dijo que por secr"},"footnotes":""},"categories":[4],"tags":[],"class_list":["post-13746","post","type-post","status-publish","format-standard","has-post-thumbnail","hentry","category-pulsopolitico"],"acf":[],"_links":{"self":[{"href":"https:\/\/www.opinionpublica.tv\/portada\/wp-json\/wp\/v2\/posts\/13746","targetHints":{"allow":["GET"]}}],"collection":[{"href":"https:\/\/www.opinionpublica.tv\/portada\/wp-json\/wp\/v2\/posts"}],"about":[{"href":"https:\/\/www.opinionpublica.tv\/portada\/wp-json\/wp\/v2\/types\/post"}],"author":[{"embeddable":true,"href":"https:\/\/www.opinionpublica.tv\/portada\/wp-json\/wp\/v2\/users\/6"}],"replies":[{"embeddable":true,"href":"https:\/\/www.opinionpublica.tv\/portada\/wp-json\/wp\/v2\/comments?post=13746"}],"version-history":[{"count":0,"href":"https:\/\/www.opinionpublica.tv\/portada\/wp-json\/wp\/v2\/posts\/13746\/revisions"}],"wp:featuredmedia":[{"embeddable":true,"href":"https:\/\/www.opinionpublica.tv\/portada\/wp-json\/wp\/v2\/media\/13745"}],"wp:attachment":[{"href":"https:\/\/www.opinionpublica.tv\/portada\/wp-json\/wp\/v2\/media?parent=13746"}],"wp:term":[{"taxonomy":"category","embeddable":true,"href":"https:\/\/www.opinionpublica.tv\/portada\/wp-json\/wp\/v2\/categories?post=13746"},{"taxonomy":"post_tag","embeddable":true,"href":"https:\/\/www.opinionpublica.tv\/portada\/wp-json\/wp\/v2\/tags?post=13746"}],"curies":[{"name":"wp","href":"https:\/\/api.w.org\/{rel}","templated":true}]}}