{"id":13744,"date":"2017-05-09T06:00:00","date_gmt":"2017-05-09T04:00:00","guid":{"rendered":"https:\/\/www.opinionpublica.tv\/portada\/2017\/05\/09\/efemerides-9-de-mayo\/"},"modified":"2017-05-09T06:00:00","modified_gmt":"2017-05-09T04:00:00","slug":"efemerides-9-de-mayo","status":"publish","type":"post","link":"https:\/\/www.opinionpublica.tv\/portada\/efemerides-9-de-mayo\/","title":{"rendered":"Efem\u00e9rides 9 de mayo"},"content":{"rendered":"<img fetchpriority=\"high\" decoding=\"async\" class=\" size-full wp-image-13743\" src=\"https:\/\/www.opinionpublica.tv\/portada\/wp-content\/uploads\/2017\/05\/f993f415ac04d8eeb835965400c55132.jpg\" alt=\"\" class=\"caption\" title=\"La Declaraci\u00f3n Schuman permiti\u00f3 la creaci\u00f3n de la Uni\u00f3n Europea.\" width=\"660\" height=\"330\" srcset=\"https:\/\/www.opinionpublica.tv\/portada\/wp-content\/uploads\/2017\/05\/f993f415ac04d8eeb835965400c55132.jpg 660w, https:\/\/www.opinionpublica.tv\/portada\/wp-content\/uploads\/2017\/05\/f993f415ac04d8eeb835965400c55132-300x150.jpg 300w\" sizes=\"(max-width: 660px) 100vw, 660px\" \/>\n<p style=\"text-align: justify;\">Un d\u00eda 9 de mayo como hoy, pero de 1950 los franceses Robert Schuman, pol\u00edtico, y Jean Monnet, economista, hacen p\u00fablica su propuesta de integraci\u00f3n europea, conocida como \u00abDeclaraci\u00f3n Schuman\u00bb, que supuso la primera piedra para la creaci\u00f3n de la Uni\u00f3n Europea.<\/p>\n<p><!--more--><\/p>\n<p style=\"text-align: justify;\"><strong>Otras Efem\u00e9rides:<\/strong><\/p>\n<p style=\"text-align: justify;\">1502.- Crist\u00f3bal Col\u00f3n sale de C\u00e1diz en su cuarto viaje rumbo a Am\u00e9rica.<\/p>\n<p style=\"text-align: justify;\">1551.- Establecimiento de la Universidad de Lima (Per\u00fa).<\/p>\n<p style=\"text-align: justify;\">1788.- Moci\u00f3n parlamentaria en Inglaterra para la abolici\u00f3n del tr\u00e1fico de esclavos.<\/p>\n<p style=\"text-align: justify;\">1805.- Muere Johann Christoph Fredrich von Schiller, poeta alem\u00e1n.<\/p>\n<p style=\"text-align: justify;\">1846.- El general estadounidense Zachary Taylor, m\u00e1s tarde presidente de EEUU, derrota a las tropas mexicanas cerca de Matamoros, en la desembocadura de R\u00edo Grande del Norte.<\/p>\n<p style=\"text-align: justify;\">1850.- Muere Joseph Louis Gay-Lussac, f\u00edsico y qu\u00edmico franc\u00e9s.<\/p>\n<p style=\"text-align: justify;\">1883.- Nace Jos\u00e9 Ortega y Gasset, escritor y fil\u00f3sofo espa\u00f1ol.<\/p>\n<p style=\"text-align: justify;\">1926.- Los estadounidenses Richard E.Byrd y Floyd Bennet sobrevuelan por primera vez el Polo Norte.<\/p>\n<p style=\"text-align: justify;\">1936.- El rey de Italia, V\u00edctor Manuel III, es proclamado emperador de Etiop\u00eda por el Consejo Fascista y el mariscal Badoglio virrey de dicho pa\u00eds.<\/p>\n<p style=\"text-align: justify;\">&#8211; El dirigible alem\u00e1n \u00abHindenburg\u00bb realiza el vuelo Francfort-Nueva York.<\/p>\n<p style=\"text-align: justify;\">1940.- Segunda Guerra Mundial: Tropas brit\u00e1nicas ocupan Islandia y las islas Feroe.<\/p>\n<p style=\"text-align: justify;\">&#8211; Hitler autoriza la eutanasia en Alemania.<\/p>\n<p style=\"text-align: justify;\">1943.- Un incendio destruye la Biblioteca Nacional de Per\u00fa.<\/p>\n<p style=\"text-align: justify;\">1946.- El rey de Italia, V\u00edctor Manuel III, abdica en su hijo, el Pr\u00edncipe de Piamonte, quien se proclama a s\u00ed mismo Humberto II.<\/p>\n<p style=\"text-align: justify;\">1960.- El Departamento de Estado de Salud estadounidense anuncia la aprobaci\u00f3n de Enovid magnesio 10 para el uso anticonceptivo.<\/p>\n<p style=\"text-align: justify;\">1962.- Jura el cargo de presidente de Costa Rica Francisco J.<\/p>\n<p style=\"text-align: justify;\">Orlich Bolmarich.<\/p>\n<p style=\"text-align: justify;\">1967.- Cassius Clay -Mohamed Al\u00ed- es despose\u00eddo de su t\u00edtulo de campe\u00f3n mundial de boxeo por los organismos rectores en EEUU, por negarse a prestar servicio militar con riesgo de ir a Vietnam.<\/p>\n<p style=\"text-align: justify;\">1968.- Violentos enfrentamientos entre polic\u00eda, obreros y estudiantes en Par\u00eds, con 367 heridos graves y mas de 700 leves.<\/p>\n<p style=\"text-align: justify;\">1972.- El presidente de EEUU, Richard Nixon, ordena el bloqueo y minado de los puertos de Vietnam del Norte.<\/p>\n<p style=\"text-align: justify;\">1974.- El primer ministro de Canad\u00e1, Pierre Trudeau, es derrocado por una moci\u00f3n de censura.<\/p>\n<p style=\"text-align: justify;\">1978.- Aparece en Roma el cad\u00e1ver de Aldo Moro, asesinado por las Brigadas Rojas tras 55 d\u00edas de secuestro.<\/p>\n<p style=\"text-align: justify;\">1985.- Los Jefes de Estado y de Gobierno europeos deciden en Mil\u00e1n conmemorar el 9 de mayo como \u00abD\u00eda de Europa\u00bb, en recuerdo de la \u00abDeclaraci\u00f3n Schuman\u00bb (1950).<\/p>\n<p style=\"text-align: justify;\">1987.- Mueren 183 personas al estrellarse un avi\u00f3n de la compa\u00f1\u00eda polaca LOT, tras despegar del aeropuerto de Varsovia.<\/p>\n<p style=\"text-align: justify;\">1989.- Tropas leales al Gobierno constitucional de Guatemala, que preside Vinicio Cerezo, desarticulan una intentona golpista de un grupo de oficiales expulsados de las FAS.<\/p>\n<p style=\"text-align: justify;\">1993.- Triunfo del oficialista Partido Colorado en las primeras elecciones presidenciales y legislativas en Paraguay en 40 a\u00f1os.<\/p>\n<p style=\"text-align: justify;\">1996.- El escritor peruano-espa\u00f1ol Mario Vargas Llosa, Premio de la Paz de la Asociaci\u00f3n de Editores y Libreros de Alemania.<\/p>\n<p style=\"text-align: justify;\">1997.- Muere Marco Ferreri, cineasta italiano.<\/p>\n<p style=\"text-align: justify;\">2001.- Muere Manuel Moreno Fraginals, historiador cubano.<\/p>\n<p style=\"text-align: justify;\">2003.- Una serie de atentados terroristas en cadena contra la red el\u00e9ctrica colombiana causa 4 muertos y deja parte del pa\u00eds sin luz.<\/p>\n<p style=\"text-align: justify;\">2004.- El presidente de Chechenia, Ajmad Kad\u00edrov, muere en un atentado con bomba, durante los festejos del 59 aniversario de la Victoria en la II Guerra Mundial en el estadio de Grozni.<\/p>\n<p style=\"text-align: justify;\">2006.- Estonia se convierte en el pa\u00eds n\u00famero 15 que aprueba la Constituci\u00f3n Europea.<\/p>\n<p style=\"text-align: justify;\">2007.- El primer ministro y Nobel de la Paz 1996, Jos\u00e9 Ramos Horta, gana las elecciones presidenciales en Timor Oriental.<\/p>\n<p style=\"text-align: justify;\">&#8211; Muere Anibal Sampayo, cantante uruguayo.<\/p>\n","protected":false},"excerpt":{"rendered":"<p>Un d\u00eda 9 de mayo como hoy, pero de 1950 los franceses Robert Schuman, pol\u00edtico, y Jean Monnet, economista, hacen p\u00fablica su propuesta de integraci\u00f3n europea, conocida como \u00abDeclaraci\u00f3n Schuman\u00bb, que supuso la primera piedra para la creaci\u00f3n de la Uni\u00f3n Europea.<\/p>\n","protected":false},"author":6,"featured_media":13743,"comment_status":"open","ping_status":"open","sticky":false,"template":"","format":"standard","meta":{"_acf_changed":false,"_monsterinsights_skip_tracking":false,"slim_seo":{"title":"Efem\u00e9rides 9 de mayo - Opini\u00f3n P\u00fablica","description":"Un d\u00eda 9 de mayo como hoy, pero de 1950 los franceses Robert Schuman, pol\u00edtico, y Jean Monnet, economista, hacen p\u00fablica su propuesta de integraci\u00f3n europea, co"},"footnotes":""},"categories":[27],"tags":[],"class_list":["post-13744","post","type-post","status-publish","format-standard","has-post-thumbnail","hentry","category-un-dia-como-hoy"],"acf":[],"_links":{"self":[{"href":"https:\/\/www.opinionpublica.tv\/portada\/wp-json\/wp\/v2\/posts\/13744","targetHints":{"allow":["GET"]}}],"collection":[{"href":"https:\/\/www.opinionpublica.tv\/portada\/wp-json\/wp\/v2\/posts"}],"about":[{"href":"https:\/\/www.opinionpublica.tv\/portada\/wp-json\/wp\/v2\/types\/post"}],"author":[{"embeddable":true,"href":"https:\/\/www.opinionpublica.tv\/portada\/wp-json\/wp\/v2\/users\/6"}],"replies":[{"embeddable":true,"href":"https:\/\/www.opinionpublica.tv\/portada\/wp-json\/wp\/v2\/comments?post=13744"}],"version-history":[{"count":0,"href":"https:\/\/www.opinionpublica.tv\/portada\/wp-json\/wp\/v2\/posts\/13744\/revisions"}],"wp:featuredmedia":[{"embeddable":true,"href":"https:\/\/www.opinionpublica.tv\/portada\/wp-json\/wp\/v2\/media\/13743"}],"wp:attachment":[{"href":"https:\/\/www.opinionpublica.tv\/portada\/wp-json\/wp\/v2\/media?parent=13744"}],"wp:term":[{"taxonomy":"category","embeddable":true,"href":"https:\/\/www.opinionpublica.tv\/portada\/wp-json\/wp\/v2\/categories?post=13744"},{"taxonomy":"post_tag","embeddable":true,"href":"https:\/\/www.opinionpublica.tv\/portada\/wp-json\/wp\/v2\/tags?post=13744"}],"curies":[{"name":"wp","href":"https:\/\/api.w.org\/{rel}","templated":true}]}}