{"id":13716,"date":"2017-05-07T06:00:00","date_gmt":"2017-05-07T04:00:00","guid":{"rendered":"https:\/\/www.opinionpublica.tv\/portada\/2017\/05\/07\/detencion-de-antonio-tarin-permitira-llevar-a-duarte-ante-la-justicia-asegura-corral\/"},"modified":"2017-05-07T06:00:00","modified_gmt":"2017-05-07T04:00:00","slug":"detencion-de-antonio-tarin-permitira-llevar-a-duarte-ante-la-justicia-asegura-corral","status":"publish","type":"post","link":"https:\/\/www.opinionpublica.tv\/portada\/detencion-de-antonio-tarin-permitira-llevar-a-duarte-ante-la-justicia-asegura-corral\/","title":{"rendered":"Detenci\u00f3n de Antonio Tar\u00edn permitir\u00e1 llevar a C\u00e9sar Duarte ante la justicia, asegura Corral"},"content":{"rendered":"<p><img fetchpriority=\"high\" decoding=\"async\" class=\" size-full wp-image-13712\" src=\"https:\/\/www.opinionpublica.tv\/portada\/wp-content\/uploads\/2017\/05\/c4fe1f8664d88db5dd5d1a261e5812bb.jpg\" alt=\"\" class=\"caption\" title=\"Antonio Enrique Tar\u00edn Garc\u00eda, ex funcionario del gobierno de C\u00e9sar Duarte, detenido este domingo en la Ciudad de M\u00e9xico.\" width=\"615\" height=\"400\" srcset=\"https:\/\/www.opinionpublica.tv\/portada\/wp-content\/uploads\/2017\/05\/c4fe1f8664d88db5dd5d1a261e5812bb.jpg 615w, https:\/\/www.opinionpublica.tv\/portada\/wp-content\/uploads\/2017\/05\/c4fe1f8664d88db5dd5d1a261e5812bb-300x195.jpg 300w\" sizes=\"(max-width: 615px) 100vw, 615px\" \/><br \/>\n<!--more--><\/p>\n<p style=\"text-align: justify;\"><em>Chihuahua, Chih.-<\/em> Luego de la detenci\u00f3n del ex funcionario estatal y diputado federal suplente, Antonio Enrique Tar\u00edn Garc\u00eda, el gobernador de Chihuahua, Javier Corral Jurado, dio a conocer la noche de este domingo que esta detenci\u00f3n ser\u00e1 clave para seguir adelante con el proceso\u00a0penal que se sigue contra el ex mandatario C\u00e9sar Duarte J\u00e1quez, quien contin\u00faa en calidad de pr\u00f3fugo de la justicia.<\/p>\n<p style=\"text-align: justify;\">A trav\u00e9s de sus redes sociales, Corral Jurado dirigi\u00f3 un mensaje despu\u00e9s de la detenci\u00f3n de Tar\u00edn Garc\u00eda, a quien identific\u00f3 como una pieza clave en el organigrama delincuencial del ex gobernador.<\/p>\n<p style=\"text-align: justify;\"><img decoding=\"async\" class=\" size-full wp-image-13713\" src=\"https:\/\/www.opinionpublica.tv\/portada\/wp-content\/uploads\/2017\/05\/Captura_de_pantalla_20170507_a_las_111445_PM.png\" width=\"602\" height=\"337\" srcset=\"https:\/\/www.opinionpublica.tv\/portada\/wp-content\/uploads\/2017\/05\/Captura_de_pantalla_20170507_a_las_111445_PM.png 441w, https:\/\/www.opinionpublica.tv\/portada\/wp-content\/uploads\/2017\/05\/Captura_de_pantalla_20170507_a_las_111445_PM-300x168.png 300w\" sizes=\"(max-width: 602px) 100vw, 602px\" \/><\/p>\n<p style=\"text-align: justify;\">\u201cNuestro compromiso con el pueblo de Chihuahua es irreversible, continuaremos las investigaciones y fortaleciendo los expedientes que acrediten plenamente ante los jueces los hechos de corrupci\u00f3n que se dieron en la pasada administraci\u00f3n. A nadie quepa la menor duda con rigor t\u00e9cnico y pleno respeto al debido proceso documentamos la corrupci\u00f3n pol\u00edtica y no permitiremos que quede impune\u201d, asever\u00f3.<\/p>\n<p style=\"text-align: justify;\">El gobernador se\u00f1al\u00f3 que la Fiscal\u00eda General del Estado contin\u00faa realizando sus investigaciones y pesquisas para poder cumplir con la exigencia de la sociedad de llevar a la justicia a C\u00e9sar Duarte y \u201ctodos lo que fueron sus c\u00f3mplices, porque participaron directamente o porque se beneficiaron de la acci\u00f3n de ese esquema de delincuencia organizada\u201d.<\/p>\n<p style=\"text-align: justify;\"><strong>OPERACI\u00d3N COORDINADA EN CDMX<\/strong><\/p>\n<p style=\"text-align: justify;\">La ma\u00f1ana de este domingo, agentes de la Fiscal\u00eda General del Estado de Chihuahua en coordinaci\u00f3n con elementos de la Procuradur\u00eda General de Justicia de la Ciudad de M\u00e9xico ejecutaron una nueva orden de aprehensi\u00f3n en contra del diputado federal suplente, Antonio Enrique Tar\u00edn Garc\u00eda, quien fue acusado en esta nueva carpeta de investigaci\u00f3n del delito de peculado. El ex funcionario fue detenido en un departamento al sur de la Ciudad de M\u00e9xico y llevado de inmediato al aeropuerto.<\/p>\n<p style=\"text-align: justify;\"><img decoding=\"async\" class=\" size-full wp-image-13714\" src=\"https:\/\/www.opinionpublica.tv\/portada\/wp-content\/uploads\/2017\/05\/tarinzas.jpg\" width=\"601\" height=\"339\" srcset=\"https:\/\/www.opinionpublica.tv\/portada\/wp-content\/uploads\/2017\/05\/tarinzas.jpg 800w, https:\/\/www.opinionpublica.tv\/portada\/wp-content\/uploads\/2017\/05\/tarinzas-300x169.jpg 300w, https:\/\/www.opinionpublica.tv\/portada\/wp-content\/uploads\/2017\/05\/tarinzas-768x433.jpg 768w\" sizes=\"(max-width: 601px) 100vw, 601px\" \/><\/p>\n<p style=\"text-align: justify;\">En la carpeta de investigaci\u00f3n 780\/2017, Enrique Tar\u00edn Garc\u00eda aparece implicado en el delito de peculado, cuando fungi\u00f3 como director del Comit\u00e9 de Adquisiciones de la Secretar\u00eda de Hacienda, en hechos en los que est\u00e1n involucrados Ricardo Y\u00e1\u00f1ez y Gerardo Villegas, por el desvi\u00f3 de 246 millones de pesos.<\/p>\n<p style=\"text-align: justify;\">Una vez trasladado a Chihuahua en una avioneta de la Fiscal\u00eda Estatal, Antonio Tar\u00edn, fue presentado ante la jueza de garant\u00edas Guadalupe Hern\u00e1ndez, para llevar a cabo la audiencia de formulaci\u00f3n de imputaci\u00f3n por el delito de peculado.<\/p>\n<p style=\"text-align: justify;\"><img loading=\"lazy\" decoding=\"async\" class=\" size-full wp-image-13715\" src=\"https:\/\/www.opinionpublica.tv\/portada\/wp-content\/uploads\/2017\/05\/tarinjueza.jpg\" width=\"600\" height=\"387\" srcset=\"https:\/\/www.opinionpublica.tv\/portada\/wp-content\/uploads\/2017\/05\/tarinjueza.jpg 698w, https:\/\/www.opinionpublica.tv\/portada\/wp-content\/uploads\/2017\/05\/tarinjueza-300x193.jpg 300w\" sizes=\"(max-width: 600px) 100vw, 600px\" \/><\/p>\n<p style=\"text-align: justify;\">Momentos antes de dar inicio al juicio, el abogado Francisco Gonz\u00e1lez Valles, defensor del acusado, solicit\u00f3 una suspensi\u00f3n provisional para que sea invalidada su aprehensi\u00f3n, la cual fue negada.<\/p>\n","protected":false},"excerpt":{"rendered":"","protected":false},"author":6,"featured_media":13712,"comment_status":"open","ping_status":"open","sticky":false,"template":"","format":"standard","meta":{"_acf_changed":false,"_monsterinsights_skip_tracking":false,"slim_seo":{"title":"Detenci\u00f3n de Antonio Tar\u00edn permitir\u00e1 llevar a C\u00e9sar Duarte ante la justicia, asegura Corral - Opini\u00f3n P\u00fablica","description":"Chihuahua, Chih.- Luego de la detenci\u00f3n del ex funcionario estatal y diputado federal suplente, Antonio Enrique Tar\u00edn Garc\u00eda, el gobernador de Chihuahua, Javier"},"footnotes":""},"categories":[3],"tags":[],"class_list":["post-13716","post","type-post","status-publish","format-standard","has-post-thumbnail","hentry","category-principal"],"acf":[],"_links":{"self":[{"href":"https:\/\/www.opinionpublica.tv\/portada\/wp-json\/wp\/v2\/posts\/13716","targetHints":{"allow":["GET"]}}],"collection":[{"href":"https:\/\/www.opinionpublica.tv\/portada\/wp-json\/wp\/v2\/posts"}],"about":[{"href":"https:\/\/www.opinionpublica.tv\/portada\/wp-json\/wp\/v2\/types\/post"}],"author":[{"embeddable":true,"href":"https:\/\/www.opinionpublica.tv\/portada\/wp-json\/wp\/v2\/users\/6"}],"replies":[{"embeddable":true,"href":"https:\/\/www.opinionpublica.tv\/portada\/wp-json\/wp\/v2\/comments?post=13716"}],"version-history":[{"count":0,"href":"https:\/\/www.opinionpublica.tv\/portada\/wp-json\/wp\/v2\/posts\/13716\/revisions"}],"wp:featuredmedia":[{"embeddable":true,"href":"https:\/\/www.opinionpublica.tv\/portada\/wp-json\/wp\/v2\/media\/13712"}],"wp:attachment":[{"href":"https:\/\/www.opinionpublica.tv\/portada\/wp-json\/wp\/v2\/media?parent=13716"}],"wp:term":[{"taxonomy":"category","embeddable":true,"href":"https:\/\/www.opinionpublica.tv\/portada\/wp-json\/wp\/v2\/categories?post=13716"},{"taxonomy":"post_tag","embeddable":true,"href":"https:\/\/www.opinionpublica.tv\/portada\/wp-json\/wp\/v2\/tags?post=13716"}],"curies":[{"name":"wp","href":"https:\/\/api.w.org\/{rel}","templated":true}]}}