{"id":13627,"date":"2017-05-02T06:00:00","date_gmt":"2017-05-02T04:00:00","guid":{"rendered":"https:\/\/www.opinionpublica.tv\/portada\/2017\/05\/02\/utiliza-gobierno-del-estado-de-chihuahua-listado-de-periodistas-peligrosos\/"},"modified":"2017-05-02T06:00:00","modified_gmt":"2017-05-02T04:00:00","slug":"utiliza-gobierno-del-estado-de-chihuahua-listado-de-periodistas-peligrosos","status":"publish","type":"post","link":"https:\/\/www.opinionpublica.tv\/portada\/utiliza-gobierno-del-estado-de-chihuahua-listado-de-periodistas-peligrosos\/","title":{"rendered":"Utiliza Gobierno del Estado de Chihuahua listado de \u201cperiodistas peligrosos\u201d"},"content":{"rendered":"<p><img fetchpriority=\"high\" decoding=\"async\" class=\" size-full wp-image-13625\" src=\"https:\/\/www.opinionpublica.tv\/portada\/wp-content\/uploads\/2017\/05\/ec592b52e3dc938eb86fda0eaa9ffec4.jpg\" alt=\"\" class=\"caption\" title=\"Carlos Barranco, periodista de Norte, se\u00f1alado como \"peligroso\" por el Gobierno del Estado.\" width=\"440\" height=\"245\" srcset=\"https:\/\/www.opinionpublica.tv\/portada\/wp-content\/uploads\/2017\/05\/ec592b52e3dc938eb86fda0eaa9ffec4.jpg 440w, https:\/\/www.opinionpublica.tv\/portada\/wp-content\/uploads\/2017\/05\/ec592b52e3dc938eb86fda0eaa9ffec4-300x167.jpg 300w\" sizes=\"(max-width: 440px) 100vw, 440px\" \/><br \/>\n<!--more--><\/p>\n<p style=\"text-align: justify;\"><em>Ciudad Ju\u00e1rez, Chih.-<\/em> A trav\u00e9s de un reportaje difundido por XEJ Canal 50.1 y publicado tambi\u00e9n en su cuenta de Facebook, esta televisora con m\u00e1s de medio siglo de trayectoria en la frontera dio a conocer un documento oficial del Gobierno del Estado de Chihuahua, donde se cataloga por su grado de peligrosidad a los periodistas de diferentes medios de comunicaci\u00f3n.<\/p>\n<p style=\"text-align: justify;\">El documento en menci\u00f3n, tiene los logotipos del gobierno que encabeza Javier Corral Jurado, y en \u00e9ste, se realiza un an\u00e1lisis de medios y reporteros en donde se indican nombres de los que deben cuidarse los funcionarios.<\/p>\n<p style=\"text-align: justify;\">A continuaci\u00f3n se presenta de manera textual el an\u00e1lisis de medios y reporteros, fechado el 22 de febrero del 2017:<\/p>\n<p style=\"text-align: justify;\"><img decoding=\"async\" class=\" size-full wp-image-13626\" src=\"https:\/\/www.opinionpublica.tv\/portada\/wp-content\/uploads\/2017\/05\/lista_1.jpg\" width=\"600\" height=\"388\" srcset=\"https:\/\/www.opinionpublica.tv\/portada\/wp-content\/uploads\/2017\/05\/lista_1.jpg 1000w, https:\/\/www.opinionpublica.tv\/portada\/wp-content\/uploads\/2017\/05\/lista_1-300x194.jpg 300w, https:\/\/www.opinionpublica.tv\/portada\/wp-content\/uploads\/2017\/05\/lista_1-768x496.jpg 768w\" sizes=\"(max-width: 600px) 100vw, 600px\" \/><\/p>\n<p style=\"text-align: justify;\">\u201cActualmente no existen medios amigos por m\u00e1s amistad que se tenga con los reporter@s o periodistas pertenecientes a cada empresa.<\/p>\n<p style=\"text-align: justify;\">Cualquier informaci\u00f3n que los funcionarios manifiesten a ell@s, ya sea de manera informal, no oficial o que fuera de libreta (como com\u00fanmente se dice) es su responsabilidad, por lo que se recomienda no caer en confianza.<\/p>\n<p style=\"text-align: justify;\">El reportero no es el enemigo, s\u00f3lo es la encomienda que le ha marcado su empresa. Lo anterior derivado de la falta de convenios o contratos por parte de Gobierno del Estado, de all\u00ed la raz\u00f3n por la que ejercen presi\u00f3n, intentar\u00e1n intimidar o magnificar\u00e1n errores o nimiedades.<\/p>\n<p style=\"text-align: justify;\">Los medios que a continuaci\u00f3n menciono son los de mayor proyecci\u00f3n e importancia en la localidad.<\/p>\n<p style=\"text-align: justify;\"><strong>Diarios<\/strong>:<\/p>\n<p style=\"text-align: justify;\">-El Diario<\/p>\n<p style=\"text-align: justify;\">Peri\u00f3dico de mayor proyecci\u00f3n local, con alcance estatal.<\/p>\n<p style=\"text-align: justify;\">Reporteros de mayor cuidado: Gabriela Minjares, Horacio Carrasco, Luz del Carmen Sosa, muy ligada a asociaciones civiles, y Roc\u00edo Gallegos, esta \u00faltima directora editorial de El Diario.<\/p>\n<p style=\"text-align: justify;\">-Peri\u00f3dico Norte<\/p>\n<p style=\"text-align: justify;\">Reporteros: H\u00e9rika Mart\u00ednez, ganadora reciente del Premio Nacional de Periodismo, y Omar Barranco, reportero.<\/p>\n<p style=\"text-align: justify;\">-Peri\u00f3dico El Mexicano<\/p>\n<p style=\"text-align: justify;\">Pertenece a Rafael Navarro, quien se caracteriza por\u00a0 utilizar dicho medio para conseguir apoyos.<\/p>\n<p style=\"text-align: justify;\">Reporteros: Juan Ram\u00f3n Rosas, caracterizado por manipular informaci\u00f3n, ser el enviado especial de Rafael para golpear a alguna instituci\u00f3n, y Juan Salazar, reportero.<\/p>\n<p style=\"text-align: justify;\">-Peri\u00f3dico y portal Ju\u00e1rez Hoy<\/p>\n<p style=\"text-align: justify;\">Pertenece a Rafael Fitzmaurice, due\u00f1o del Canal 5 (ahora Canal 50.1)<\/p>\n<p style=\"text-align: justify;\">Reporteros: V\u00edctor Armando Rey e Israel Mu\u00f1oz, este \u00faltimo es muy cr\u00edtico y debe ser manejado con cuidado.<\/p>\n<p style=\"text-align: justify;\">En la actualidad los portales de noticias no tienen el alcance que se ha cre\u00eddo, lo anterior qued\u00f3 en evidencia en las reuniones de Comunicaci\u00f3n Social que se realiza con las Coordinaciones de Comunicaci\u00f3n de cada dependencia.<\/p>\n<p style=\"text-align: justify;\">En ese tema si ustedes gustan considerar a puentelibre.mx y lapolaka.com. La polaka maneja un m\u00e1ximo de 600 lectores cautivos y va a la baja.<\/p>\n<p style=\"text-align: justify;\"><strong>Radiodifusoras<\/strong>:<\/p>\n<p style=\"text-align: justify;\">&#8211; 860 Noticias, la cual tambi\u00e9n maneja portal.<\/p>\n<p style=\"text-align: justify;\">Reportera: Iris Gonz\u00e1lez, quien es muy justa, pero demandante y cr\u00edtica.<\/p>\n<p style=\"text-align: justify;\">Los anteriores son algunos de los nombres del documento, en el que tambi\u00e9n se mencionan algunos comunicadores de televisi\u00f3n.<\/p>\n<p style=\"text-align: justify;\">En el video, el reportero Israel Mu\u00f1oz\u00a0de Canal 50.1 se\u00f1ala: \u201cacaso pretende tomar represalias en su contra, es este su compromiso con la libertad de expresi\u00f3n, gobernador? \u00bfo quiz\u00e1s es su manera de tener en la mira a quien publica trabajos que no le convienen a su administraci\u00f3n?.<\/p>\n<p style=\"text-align: justify;\">Tambi\u00e9n fueron entrevistados algunos de los reporteros se\u00f1alados en el citado documento, como Gabriela Minjares de El Diario, quien se\u00f1ala: \u201cquien tiene muchas cosas que responder es el Gobierno del Estado\u201d porque \u201cqu\u00e9 utilidad le est\u00e1 dando esto\u201d, y destaca los calificativos injustos, desproporcionados con los que describe a algunos de los reporteros.<\/p>\n<p style=\"text-align: justify;\">De igual forma, Carlos Barranco del Norte de Ju\u00e1rez, mencion\u00f3 que desde que su compa\u00f1era Miroslava Breach fue asesinada vive con miedo, mientras que H\u00e9rika Mart\u00ednez, de este mismo medio cerrado hace algunas semanas por inseguridad, asegura que que este documento \u201ces un atentado contra el derecho a la informaci\u00f3n en el estado de Chihuahua\u201d.<\/p>\n<p style=\"text-align: justify;\">El reportaje menciona que el gobernador Javier Corral ha se\u00f1alado p\u00fablicamente a muchos reporteros como \u00abcorruptos\u00bb por haber aceptado dinero p\u00fablico, lo cual jam\u00e1s ha comprobado, ni tampoco ha dado nombres.<\/p>\n","protected":false},"excerpt":{"rendered":"","protected":false},"author":6,"featured_media":13625,"comment_status":"open","ping_status":"open","sticky":false,"template":"","format":"standard","meta":{"_acf_changed":false,"_monsterinsights_skip_tracking":false,"slim_seo":{"title":"Utiliza Gobierno del Estado de Chihuahua listado de \u201cperiodistas peligrosos\u201d - Opini\u00f3n P\u00fablica","description":"Ciudad Ju\u00e1rez, Chih.- A trav\u00e9s de un reportaje difundido por XEJ Canal 50.1 y publicado tambi\u00e9n en su cuenta de Facebook, esta televisora con m\u00e1s de medio siglo"},"footnotes":""},"categories":[3],"tags":[],"class_list":["post-13627","post","type-post","status-publish","format-standard","has-post-thumbnail","hentry","category-principal"],"acf":[],"_links":{"self":[{"href":"https:\/\/www.opinionpublica.tv\/portada\/wp-json\/wp\/v2\/posts\/13627","targetHints":{"allow":["GET"]}}],"collection":[{"href":"https:\/\/www.opinionpublica.tv\/portada\/wp-json\/wp\/v2\/posts"}],"about":[{"href":"https:\/\/www.opinionpublica.tv\/portada\/wp-json\/wp\/v2\/types\/post"}],"author":[{"embeddable":true,"href":"https:\/\/www.opinionpublica.tv\/portada\/wp-json\/wp\/v2\/users\/6"}],"replies":[{"embeddable":true,"href":"https:\/\/www.opinionpublica.tv\/portada\/wp-json\/wp\/v2\/comments?post=13627"}],"version-history":[{"count":0,"href":"https:\/\/www.opinionpublica.tv\/portada\/wp-json\/wp\/v2\/posts\/13627\/revisions"}],"wp:featuredmedia":[{"embeddable":true,"href":"https:\/\/www.opinionpublica.tv\/portada\/wp-json\/wp\/v2\/media\/13625"}],"wp:attachment":[{"href":"https:\/\/www.opinionpublica.tv\/portada\/wp-json\/wp\/v2\/media?parent=13627"}],"wp:term":[{"taxonomy":"category","embeddable":true,"href":"https:\/\/www.opinionpublica.tv\/portada\/wp-json\/wp\/v2\/categories?post=13627"},{"taxonomy":"post_tag","embeddable":true,"href":"https:\/\/www.opinionpublica.tv\/portada\/wp-json\/wp\/v2\/tags?post=13627"}],"curies":[{"name":"wp","href":"https:\/\/api.w.org\/{rel}","templated":true}]}}