{"id":13624,"date":"2017-05-02T06:00:00","date_gmt":"2017-05-02T04:00:00","guid":{"rendered":"https:\/\/www.opinionpublica.tv\/portada\/2017\/05\/02\/junta-de-aguas-abrira-sus-oficinas-tambien-los-sabados\/"},"modified":"2017-05-02T06:00:00","modified_gmt":"2017-05-02T04:00:00","slug":"junta-de-aguas-abrira-sus-oficinas-tambien-los-sabados","status":"publish","type":"post","link":"https:\/\/www.opinionpublica.tv\/portada\/junta-de-aguas-abrira-sus-oficinas-tambien-los-sabados\/","title":{"rendered":"Junta de Aguas abrir\u00e1 sus oficinas tambi\u00e9n los s\u00e1bados"},"content":{"rendered":"<p><img fetchpriority=\"high\" decoding=\"async\" class=\" size-full wp-image-13623\" src=\"https:\/\/www.opinionpublica.tv\/portada\/wp-content\/uploads\/2017\/05\/45f19ae9f85c1481968e88ce2b3f8323.jpg\" alt=\"\" class=\"caption\" title=\"La Junta de Aguas dar\u00e1 servicio tambi\u00e9n los s\u00e1bados.\" width=\"550\" height=\"379\" srcset=\"https:\/\/www.opinionpublica.tv\/portada\/wp-content\/uploads\/2017\/05\/45f19ae9f85c1481968e88ce2b3f8323.jpg 550w, https:\/\/www.opinionpublica.tv\/portada\/wp-content\/uploads\/2017\/05\/45f19ae9f85c1481968e88ce2b3f8323-300x207.jpg 300w\" sizes=\"(max-width: 550px) 100vw, 550px\" \/><br \/>\n<!--more--><\/p>\n<p style=\"text-align: justify;\"><em>Ciudad Ju\u00e1rez, Chih.-<\/em> La Junta Municipal de Agua y Saneamiento Ju\u00e1rez dio a conocer que a partir de este s\u00e1bado 6 de mayo pondr\u00e1 en marcha el programa \u201cTambi\u00e9n los S\u00e1bados Amanece en la JMAS\u201d, en el cual las oficinas de esta descentralizada permanecer\u00e1n abiertas en un horario de 8:00 a 15:00 horas, para dar atenci\u00f3n a usuarios que necesiten realizar tr\u00e1mites.<\/p>\n<p style=\"text-align: justify;\">Las personas podr\u00e1n hacer cualquier tipo de tr\u00e1mite como regularizaci\u00f3n de adeudo, alta, renovaci\u00f3n de descuento de INSEN, reconexi\u00f3n de servicio, aclaraci\u00f3n de cobro, contrataci\u00f3n de servicios, reportes de fugas de agua potable y drenaje, as\u00ed como el pago de recibo del agua.<\/p>\n<p style=\"text-align: justify;\">Las oficinas que estar\u00e1n disponibles los s\u00e1bados son las siguientes:<\/p>\n<ul style=\"text-align: justify;\">\n<li>Oficina Central Calle Pedro N. Garc\u00eda 2231, Colonia Partido Romero.<\/li>\n<li>Centro de Atenci\u00f3n Salvarcar Blvd. Zaragoza y Sonora 1267, Colonia Salvarcar<\/li>\n<li>Centro Independencia Bulevar Independencia y Prolongaci\u00f3n Miguel de la Madrid S\/N.<\/li>\n<li>Centro de Atenci\u00f3n Continental, Avenida Lerdo 112 Sur, Pasaje Continental, Locales 8, 9 y 10.<\/li>\n<\/ul>\n<p style=\"text-align: justify;\">Se inform\u00f3 tambi\u00e9n que el objetivo de implementar este programa los s\u00e1bados, es para poder brindar un mejor servicio, y atender a los usuarios que por alguna raz\u00f3n no pueden acudir entre semana a regularizar su situaci\u00f3n con esta descentralizada.<\/p>\n","protected":false},"excerpt":{"rendered":"","protected":false},"author":6,"featured_media":13623,"comment_status":"open","ping_status":"open","sticky":false,"template":"","format":"standard","meta":{"_acf_changed":false,"_monsterinsights_skip_tracking":false,"slim_seo":{"title":"Junta de Aguas abrir\u00e1 sus oficinas tambi\u00e9n los s\u00e1bados - Opini\u00f3n P\u00fablica","description":"Ciudad Ju\u00e1rez, Chih.- La Junta Municipal de Agua y Saneamiento Ju\u00e1rez dio a conocer que a partir de este s\u00e1bado 6 de mayo pondr\u00e1 en marcha el programa \u201cTambi\u00e9n"},"footnotes":""},"categories":[5],"tags":[],"class_list":["post-13624","post","type-post","status-publish","format-standard","has-post-thumbnail","hentry","category-frontera"],"acf":[],"_links":{"self":[{"href":"https:\/\/www.opinionpublica.tv\/portada\/wp-json\/wp\/v2\/posts\/13624","targetHints":{"allow":["GET"]}}],"collection":[{"href":"https:\/\/www.opinionpublica.tv\/portada\/wp-json\/wp\/v2\/posts"}],"about":[{"href":"https:\/\/www.opinionpublica.tv\/portada\/wp-json\/wp\/v2\/types\/post"}],"author":[{"embeddable":true,"href":"https:\/\/www.opinionpublica.tv\/portada\/wp-json\/wp\/v2\/users\/6"}],"replies":[{"embeddable":true,"href":"https:\/\/www.opinionpublica.tv\/portada\/wp-json\/wp\/v2\/comments?post=13624"}],"version-history":[{"count":0,"href":"https:\/\/www.opinionpublica.tv\/portada\/wp-json\/wp\/v2\/posts\/13624\/revisions"}],"wp:featuredmedia":[{"embeddable":true,"href":"https:\/\/www.opinionpublica.tv\/portada\/wp-json\/wp\/v2\/media\/13623"}],"wp:attachment":[{"href":"https:\/\/www.opinionpublica.tv\/portada\/wp-json\/wp\/v2\/media?parent=13624"}],"wp:term":[{"taxonomy":"category","embeddable":true,"href":"https:\/\/www.opinionpublica.tv\/portada\/wp-json\/wp\/v2\/categories?post=13624"},{"taxonomy":"post_tag","embeddable":true,"href":"https:\/\/www.opinionpublica.tv\/portada\/wp-json\/wp\/v2\/tags?post=13624"}],"curies":[{"name":"wp","href":"https:\/\/api.w.org\/{rel}","templated":true}]}}