{"id":13617,"date":"2017-05-02T06:00:00","date_gmt":"2017-05-02T04:00:00","guid":{"rendered":"https:\/\/www.opinionpublica.tv\/portada\/2017\/05\/02\/imparable-la-violencia-en-ecatepec-es-quinto-lugar-nacional\/"},"modified":"2017-05-02T06:00:00","modified_gmt":"2017-05-02T04:00:00","slug":"imparable-la-violencia-en-ecatepec-es-quinto-lugar-nacional","status":"publish","type":"post","link":"https:\/\/www.opinionpublica.tv\/portada\/imparable-la-violencia-en-ecatepec-es-quinto-lugar-nacional\/","title":{"rendered":"Imparable la violencia en Ecatepec, es quinto lugar nacional"},"content":{"rendered":"<p><img fetchpriority=\"high\" decoding=\"async\" class=\" size-full wp-image-13616\" src=\"https:\/\/www.opinionpublica.tv\/portada\/wp-content\/uploads\/2017\/05\/f16a562b55625e594b8f40d0c125eb11.jpg\" alt=\"\" class=\"caption\" title=\"Ecatepec, una de los cinco ciudades m\u00e1s violentas de M\u00e9xico.\" width=\"640\" height=\"425\" srcset=\"https:\/\/www.opinionpublica.tv\/portada\/wp-content\/uploads\/2017\/05\/f16a562b55625e594b8f40d0c125eb11.jpg 640w, https:\/\/www.opinionpublica.tv\/portada\/wp-content\/uploads\/2017\/05\/f16a562b55625e594b8f40d0c125eb11-300x199.jpg 300w\" sizes=\"(max-width: 640px) 100vw, 640px\" \/><br \/>\n<!--more--><\/p>\n<p style=\"text-align: justify;\"><em>Ecatepec, Estado de M\u00e9xico.- <\/em>Seg\u00fan el m\u00e1s reciente informe del Proyecto Justicia en M\u00e9xico, <em>e<\/em>l municipio de Ecatepec en el Estado de M\u00e9xico, se ubica en el quinto lugar nacional con el mayor n\u00famero de asesinatos durante el mandato del presidente Enrique Pe\u00f1a Nieto, junto con Acapulco, Tijuana, Culiac\u00e1n y Ciudad Ju\u00e1rez.<\/p>\n<p style=\"text-align: justify;\">Para la\u00a0Secretar\u00eda de Gobernaci\u00f3n, estas cinco ciudades han registrado el mayor n\u00famero de investigaciones por asesinatos entre diciembre de 2012 y marzo del 2017.<\/p>\n<p style=\"text-align: justify;\">Seg\u00fan el Inegi, Ecatepec tuvo un promedio de 344 asesinatos anuales entre 1991 y 1994.<\/p>\n<p style=\"text-align: justify;\">Durante los siguientes 14 a\u00f1os, sin embargo, la tasa de homicidios de la ciudad disminuy\u00f3 a un promedio de 235 por a\u00f1o, una disminuci\u00f3n sostenida de m\u00e1s del 30%, que equivale a una tasa de homicidios de aproximadamente 16 por cada 100 mil habitantes.<\/p>\n<p style=\"text-align: justify;\">Durante este per\u00edodo, el n\u00famero total de asesinatos nunca super\u00f3 los 277, y lleg\u00f3 a su nivel m\u00e1s bajo, de 158, en 2007.<\/p>\n<p style=\"text-align: justify;\">El hecho de que Ecatepec se haya vuelto m\u00e1s segura representaba un logro considerable, lo suficientemente significativo como para reducir la tasa de homicidios nacional anual en un punto porcentual, apunta la organizaci\u00f3n <em>InSight Crime.<\/em><\/p>\n<p style=\"text-align: justify;\">Pero la inseguridad que se comenz\u00f3 a presentar durante la administraci\u00f3n del presidente Felipe Calder\u00f3n tuvo enormes consecuencias en Ecatepec. En 2009, la ciudad contabiliz\u00f3 317 asesinatos, su mayor cifra desde 1994. Al a\u00f1o siguiente registr\u00f3 413, que hasta el momento hab\u00eda sido la peor cifra en la historia reciente de la ciudad. (Inegi dispone de registros desde 1990).<\/p>\n<p style=\"text-align: justify;\">Entre 2011 y 2015, la situaci\u00f3n se volvi\u00f3 cada vez peor: en Ecatepec se han presentado aproximadamente 533 asesinatos al a\u00f1o, un incremento del 125 por ciento con respecto al promedio del periodo 1995-2008, que sit\u00faa la tasa de asesinatos de la ciudad en 33 por cada 100 mil habitantes.<\/p>\n<p style=\"text-align: justify;\">A diferencia de Acapulco, Tijuana, Culiac\u00e1n y Ju\u00e1rez, las cuales son centros reconocidos de la guerra de c\u00e1rteles de la droga, no se ha sabido de ning\u00fan enfrentamiento por el control de Ecatepec, apunta el an\u00e1lisis d<em>e InSight Crime.<\/em><\/p>\n<p style=\"text-align: justify;\">Pero en Ecatepec s\u00ed ha habido grupos criminales locales. En 2008, por ejemplo, el jefe de la polic\u00eda local mencion\u00f3 ocho que operaban en el municipio y que se dedicaban principalmente al narcomenudeo.<\/p>\n<p style=\"text-align: justify;\">La espiral de la violencia durante el gobierno de Calder\u00f3n llev\u00f3 a que estos grupos locales entraran en mayor contacto con organizaciones del narcotr\u00e1fico m\u00e1s grandes. Los principales grupos que se establecieron en Ecatepec fueron la\u00a0Familia Michoacana y varios grupos vinculados a los\u00a0Beltr\u00e1n Leyva.<\/p>\n<p style=\"text-align: justify;\">Sin embargo,el arresto o el asesinato de Alfredo, Arturo y\u00a0H\u00e9ctor Beltr\u00e1n Leyva, as\u00ed como de los segundos hombres al mando, como \u00c9dgar Vald\u00e9s Villarreal y Sergio Villarreal, dividieron la organizaci\u00f3n en m\u00faltiples facciones que han tratado de establecerse en Ecatepec. Entre estas se encuentran La Mano con Ojos, Los Rojos y Guerreros Unidos.<\/p>\n<p style=\"text-align: justify;\">En cierto sentido, la situaci\u00f3n en Ecatepec sustenta la versi\u00f3n del gobierno seg\u00fan la cual la zona de la Ciudad de\u00a0M\u00e9xico\u00a0est\u00e1 por fuera de los l\u00edmites de los grupos criminales. Recientemente, en 2014, altos funcionarios incluyendo al secretario de Gobernaci\u00f3n, Miguel \u00c1ngel Osorio Chong, dijeron que en la capital\u00a0no hab\u00eda rastro de los \u201cgrandes c\u00e1rteles\u201d, y que las rivalidades criminales surg\u00edan en gran parte por los enfrentamientos territoriales de peque\u00f1os grupos.<\/p>\n<p style=\"text-align: justify;\">Pero incluso si uno considera esa idea \u2014que\u00a0<a href=\"http:\/\/eleconomista.com.mx\/sociedad\/2015\/11\/04\/dea-detecta-operacion-cinco-carteles-df\">no es aceptada por la Administraci\u00f3n para el Control de Drogas de Estados Unidos (DEA por sus iniciales en ingl\u00e9s) ni por otras autoridades<\/a>\u2014, con una tasa de asesinatos que ha estado entre las peores del pa\u00eds, la presencia de\u00a0<a href=\"http:\/\/es.insightcrime.org\/noticias-sobre-crimen-organizado-en-mexico\/zetas\">Los Zetas<\/a>\u00a0o el\u00a0<a href=\"http:\/\/es.insightcrime.org\/noticias-sobre-crimen-organizado-en-mexico\/sinaloa-cartel\">C\u00e1rtel de Sinaloa<\/a>\u00a0en el \u00e1rea metropolitana de la Ciudad de<a href=\"http:\/\/es.insightcrime.org\/noticias-sobre-crimen-organizado-en-mexico\">M\u00e9xico<\/a>\u00a0es hasta cierto punto irrelevante.<\/p>\n<p style=\"text-align: justify;\">La tasa de homicidios dentro de los l\u00edmites de CDMX en los \u00faltimos a\u00f1os ha sido extraordinariamente estable \u2014aproximadamente 12 por cada 100 mil habitantes,\u00a0<a href=\"https:\/\/ucr.fbi.gov\/crime-in-the-u.s\/2015\/crime-in-the-u.s.-2015\/offenses-known-to-law-enforcement\/violent-crime\">m\u00e1s o menos como\u00a0<\/a>la de Orlando o Minneapolis\u2014 y nunca sufri\u00f3 un grave deterioro durante la administraci\u00f3n Calder\u00f3n. En t\u00e9rminos generales, la situaci\u00f3n de la ciudad capital es envidiable, se\u00f1ala<em>\u00a0<\/em><em>InSight Crime.<\/em><\/p>\n<p style=\"text-align: justify;\">Pero en Ecatepec la situaci\u00f3n es muy diferente y, sorprendentemente, la persistente violencia ha despertado pocas protestas o no ha llamado la suficiente atenci\u00f3n.<\/p>\n<p style=\"text-align: justify;\">The HuffPost M\u00e9xico.<\/p>\n","protected":false},"excerpt":{"rendered":"","protected":false},"author":6,"featured_media":13616,"comment_status":"open","ping_status":"open","sticky":false,"template":"","format":"standard","meta":{"_acf_changed":false,"_monsterinsights_skip_tracking":false,"slim_seo":{"title":"Imparable la violencia en Ecatepec, es quinto lugar nacional - Opini\u00f3n P\u00fablica","description":"Ecatepec, Estado de M\u00e9xico.- Seg\u00fan el m\u00e1s reciente informe del Proyecto Justicia en M\u00e9xico, e l municipio de Ecatepec en el Estado de M\u00e9xico, se ubica en el qui"},"footnotes":""},"categories":[9],"tags":[],"class_list":["post-13617","post","type-post","status-publish","format-standard","has-post-thumbnail","hentry","category-nacional"],"acf":[],"_links":{"self":[{"href":"https:\/\/www.opinionpublica.tv\/portada\/wp-json\/wp\/v2\/posts\/13617","targetHints":{"allow":["GET"]}}],"collection":[{"href":"https:\/\/www.opinionpublica.tv\/portada\/wp-json\/wp\/v2\/posts"}],"about":[{"href":"https:\/\/www.opinionpublica.tv\/portada\/wp-json\/wp\/v2\/types\/post"}],"author":[{"embeddable":true,"href":"https:\/\/www.opinionpublica.tv\/portada\/wp-json\/wp\/v2\/users\/6"}],"replies":[{"embeddable":true,"href":"https:\/\/www.opinionpublica.tv\/portada\/wp-json\/wp\/v2\/comments?post=13617"}],"version-history":[{"count":0,"href":"https:\/\/www.opinionpublica.tv\/portada\/wp-json\/wp\/v2\/posts\/13617\/revisions"}],"wp:featuredmedia":[{"embeddable":true,"href":"https:\/\/www.opinionpublica.tv\/portada\/wp-json\/wp\/v2\/media\/13616"}],"wp:attachment":[{"href":"https:\/\/www.opinionpublica.tv\/portada\/wp-json\/wp\/v2\/media?parent=13617"}],"wp:term":[{"taxonomy":"category","embeddable":true,"href":"https:\/\/www.opinionpublica.tv\/portada\/wp-json\/wp\/v2\/categories?post=13617"},{"taxonomy":"post_tag","embeddable":true,"href":"https:\/\/www.opinionpublica.tv\/portada\/wp-json\/wp\/v2\/tags?post=13617"}],"curies":[{"name":"wp","href":"https:\/\/api.w.org\/{rel}","templated":true}]}}