{"id":13475,"date":"2017-04-25T06:00:00","date_gmt":"2017-04-25T04:00:00","guid":{"rendered":"https:\/\/www.opinionpublica.tv\/portada\/2017\/04\/25\/investigarian-a-ex-candidata-de-morena-que-acepto-500-mp-para-amlo\/"},"modified":"2017-04-25T06:00:00","modified_gmt":"2017-04-25T04:00:00","slug":"investigarian-a-ex-candidata-de-morena-que-acepto-500-mp-para-amlo","status":"publish","type":"post","link":"https:\/\/www.opinionpublica.tv\/portada\/investigarian-a-ex-candidata-de-morena-que-acepto-500-mp-para-amlo\/","title":{"rendered":"Investigar\u00e1n a ex candidata por aceptar medio mill\u00f3n para AMLO"},"content":{"rendered":"<p><img fetchpriority=\"high\" decoding=\"async\" class=\" size-full wp-image-13474\" src=\"https:\/\/www.opinionpublica.tv\/portada\/wp-content\/uploads\/2017\/04\/ea16bf1ef10cb368a7558e7a2ca09b57.jpg\" alt=\"\" class=\"caption\" title=\"Eva Cadena Sandoval, recibiendo 500 mil pesos para Andr\u00e9s Manuel L\u00f3pez Obrador.\" width=\"1200\" height=\"675\" srcset=\"https:\/\/www.opinionpublica.tv\/portada\/wp-content\/uploads\/2017\/04\/ea16bf1ef10cb368a7558e7a2ca09b57.jpg 1200w, https:\/\/www.opinionpublica.tv\/portada\/wp-content\/uploads\/2017\/04\/ea16bf1ef10cb368a7558e7a2ca09b57-300x169.jpg 300w, https:\/\/www.opinionpublica.tv\/portada\/wp-content\/uploads\/2017\/04\/ea16bf1ef10cb368a7558e7a2ca09b57-1024x576.jpg 1024w, https:\/\/www.opinionpublica.tv\/portada\/wp-content\/uploads\/2017\/04\/ea16bf1ef10cb368a7558e7a2ca09b57-768x432.jpg 768w\" sizes=\"(max-width: 1200px) 100vw, 1200px\" \/><br \/>\n<!--more--><\/p>\n<p style=\"text-align: justify;\"><em>Ciudad de M\u00e9xico.- <\/em>En el Senado de la Rep\u00fablica exigen a las autoridades electorales y judiciales investigar la presunta\u00a0procedencia de m\u00e1s de 500 mil pesos que recibi\u00f3 la diputada local con licencia\u00a0Eva Cadena Sandoval, supuestamente para entregarlos a Andr\u00e9s Manuel L\u00f3pez Obrador.<\/p>\n<p style=\"text-align: justify;\">Pablo Escudero, presidente de la Mesa Directiva, llam\u00f3 al\u00a0l\u00edder de Morena\u00a0asumir la responsabilidad por los actos de sus candidatos, y a que acuda a la Fiscal\u00eda Especializada de Delitos Electorales, a declarar si recibi\u00f3 o no recibi\u00f3 el dinero.<\/p>\n<p style=\"text-align: justify;\">Es un pol\u00edtico que nunca ha querido reconocer que est\u00e1 rodeado, por lo menos en lo que hemos visto, de un grupo que est\u00e1 vinculado con la corrupci\u00f3n, que han cometido algunos delitos y algunos otros presuntos delitos y siempre trata de escudarse en el tema del complot o del cuatro o de que lo chamaquearon, pero nunca asume la responsabilidad de la corrupci\u00f3n que est\u00e1 en sus c\u00edrculos cercanos\u201d, dijo.<\/p>\n<p style=\"text-align: justify;\">El video donde aparece la legisladora de Morena recibiendo dicho recurso ocasion\u00f3 que se bajara de la contienda electoral por la presidencia municipal de Las Choapas, Veracruz.<\/p>\n<p style=\"text-align: justify;\">Al respecto, en el Senado se presentaron dos puntos de acuerdo. Uno de la bancada del PRI donde\u00a0exhorta a la PGR a realizar una investigaci\u00f3n\u00a0sobre los recursos; y llama a la\u00a0Fiscal\u00eda Especializada para la Atenci\u00f3n de Delitos Electorales\u00a0investigue presuntos hechos que podr\u00edan afectar la legalidad y equidad del proceso electoral de Veracruz 2016 \u2013 2017.<\/p>\n<p style=\"text-align: justify;\">La bancada del PAN tambi\u00e9n present\u00f3 un exhorto. Pide al\u00a0Consejo General del Instituto Nacional Electoral\u00a0integrar la investigaci\u00f3n correspondiente y que, a trav\u00e9s de sus \u00e1reas correspondientes, el INE solicite a la Secretar\u00eda de Hacienda y Cr\u00e9dito P\u00fablico un informe pormenorizado de las operaciones financieras presuntamente de Eva Cadena, entre otros llamados.<\/p>\n<p style=\"text-align: justify;\">La senadora Alejandra Barrales, presidenta nacional del PRD se sum\u00f3 al llamado, y acus\u00f3 que \u201cAndr\u00e9s Manuel L\u00f3pez Obrador no es el pol\u00edtico honesto que pregona\u201d.<\/p>\n<p style=\"text-align: justify;\">Me parece que no es un asunto de valoraciones personales, de juicios; es un hecho concreto y tambi\u00e9n de manera objetiva hay que revisar primero que esto se confirme, una vez que esto se confirme, que se realice una investigaci\u00f3n y que se llegue a fondo con este tema\u201d, dijo en entrevista.<\/p>\n<p style=\"text-align: justify;\">De igual manera, la C\u00e1mara de Diputados aprob\u00f3 un punto de acuerdo para exhortar a la\u00a0Fiscal\u00eda Especializada para la Atenci\u00f3n de Delitos Electorales\u00a0a que inicie la investigaci\u00f3n del origen y destino de\u00a0500 mil pesos entregados a Eva Cadena Sandoval,\u00a0diputada local y aspirante a la alcald\u00eda de Las Choapas, Veracruz, quien fue captada en un video recibiendo fajos de billetes en efectivo para supuestamente entreg\u00e1rselos a Andr\u00e9s Manuel L\u00f3pez Obrador.<\/p>\n<p style=\"text-align: justify;\">En medio de un intenso debate, incluso la coordinadora de la bancada de Morena, Roc\u00edo Nahle, dio su apoyo al punto de acuerdo y llam\u00f3 a que se investigue al diputado del PRI por Veracruz, Erick Lagos, quien asegur\u00f3, es el responsable.<\/p>\n<p style=\"text-align: justify;\">Ahorita a las once y media de la ma\u00f1ana presentamos una solicitud a la Fepade, que se investigue qui\u00e9n le dio el dinero a Eva Cadena, porque sali\u00f3 de un diputado del PRI, del PRI con Miguel \u00c1ngel Yunes. \u00bfDe qui\u00e9n? Erick Lagos oper\u00f3 con Miguel \u00c1ngel Yunes para entregar el dinero\u201d, coment\u00f3.<\/p>\n<p style=\"text-align: justify;\">El diputado del PRD, Guadalupe Acosta Naranjo, llam\u00f3 a los legisladores a sacar adelante los juicios pol\u00edticos pendientes.<\/p>\n<p style=\"text-align: justify;\">No tienen autoridad para hablar del tema. Si quieren tener autoridad para hablar del tema, saquemos los juicios pol\u00edticos, vayamos sobre los gobernadores corruptos. Metamos en verdad autoridad moral para tratar de temas, si no, es un esc\u00e1ndalo sin chiste\u201d, resalt\u00f3.<\/p>\n<p style=\"text-align: justify;\">Adem\u00e1s, a propuesta del PAN, se solicit\u00f3 que se sumen a dicha investigaci\u00f3n el INE, el SAT, la Unidad de Inteligencia Financiera de la Secretar\u00eda de Hacienda y la PGR a trav\u00e9s de la Subprocuradur\u00eda Especializada en Investigaci\u00f3n de la Delincuencia Organizada, para que en uso de sus facultades indaguen el origen y el destino del dinero entregado a la candidata de Morena. (Exc\u00e9lsior)<\/p>\n","protected":false},"excerpt":{"rendered":"","protected":false},"author":6,"featured_media":13474,"comment_status":"open","ping_status":"open","sticky":false,"template":"","format":"standard","meta":{"_acf_changed":false,"_monsterinsights_skip_tracking":false,"slim_seo":{"title":"Investigar\u00e1n a ex candidata por aceptar medio mill\u00f3n para AMLO - Opini\u00f3n P\u00fablica","description":"Ciudad de M\u00e9xico.- En el Senado de la Rep\u00fablica exigen a las autoridades electorales y judiciales investigar la presunta\u00a0procedencia de m\u00e1s de 500 mil pesos que"},"footnotes":""},"categories":[9],"tags":[],"class_list":["post-13475","post","type-post","status-publish","format-standard","has-post-thumbnail","hentry","category-nacional"],"acf":[],"_links":{"self":[{"href":"https:\/\/www.opinionpublica.tv\/portada\/wp-json\/wp\/v2\/posts\/13475","targetHints":{"allow":["GET"]}}],"collection":[{"href":"https:\/\/www.opinionpublica.tv\/portada\/wp-json\/wp\/v2\/posts"}],"about":[{"href":"https:\/\/www.opinionpublica.tv\/portada\/wp-json\/wp\/v2\/types\/post"}],"author":[{"embeddable":true,"href":"https:\/\/www.opinionpublica.tv\/portada\/wp-json\/wp\/v2\/users\/6"}],"replies":[{"embeddable":true,"href":"https:\/\/www.opinionpublica.tv\/portada\/wp-json\/wp\/v2\/comments?post=13475"}],"version-history":[{"count":0,"href":"https:\/\/www.opinionpublica.tv\/portada\/wp-json\/wp\/v2\/posts\/13475\/revisions"}],"wp:featuredmedia":[{"embeddable":true,"href":"https:\/\/www.opinionpublica.tv\/portada\/wp-json\/wp\/v2\/media\/13474"}],"wp:attachment":[{"href":"https:\/\/www.opinionpublica.tv\/portada\/wp-json\/wp\/v2\/media?parent=13475"}],"wp:term":[{"taxonomy":"category","embeddable":true,"href":"https:\/\/www.opinionpublica.tv\/portada\/wp-json\/wp\/v2\/categories?post=13475"},{"taxonomy":"post_tag","embeddable":true,"href":"https:\/\/www.opinionpublica.tv\/portada\/wp-json\/wp\/v2\/tags?post=13475"}],"curies":[{"name":"wp","href":"https:\/\/api.w.org\/{rel}","templated":true}]}}