{"id":13471,"date":"2017-04-25T06:00:00","date_gmt":"2017-04-25T04:00:00","guid":{"rendered":"https:\/\/www.opinionpublica.tv\/portada\/2017\/04\/25\/publica-sat-reglas-para-agilizar-importacion-de-autos-usados\/"},"modified":"2017-04-25T06:00:00","modified_gmt":"2017-04-25T04:00:00","slug":"publica-sat-reglas-para-agilizar-importacion-de-autos-usados","status":"publish","type":"post","link":"https:\/\/www.opinionpublica.tv\/portada\/publica-sat-reglas-para-agilizar-importacion-de-autos-usados\/","title":{"rendered":"Publica SAT reglas para agilizar importaci\u00f3n de autos usados"},"content":{"rendered":"<p><img fetchpriority=\"high\" decoding=\"async\" class=\" size-full wp-image-13470\" src=\"https:\/\/www.opinionpublica.tv\/portada\/wp-content\/uploads\/2017\/04\/5485c45cc87fde433a7b9fa754005ea6.jpg\" alt=\"\" class=\"caption\" title=\"Las nuevas reglas del SAT aumentar\u00e1n las ventas de autos usados en Ju\u00e1rez.\" width=\"520\" height=\"336\" srcset=\"https:\/\/www.opinionpublica.tv\/portada\/wp-content\/uploads\/2017\/04\/5485c45cc87fde433a7b9fa754005ea6.jpg 520w, https:\/\/www.opinionpublica.tv\/portada\/wp-content\/uploads\/2017\/04\/5485c45cc87fde433a7b9fa754005ea6-300x194.jpg 300w\" sizes=\"(max-width: 520px) 100vw, 520px\" \/><br \/>\n<!--more--><\/p>\n<p style=\"text-align: justify;\"><em>Ciudad Ju\u00e1rez, Chih.-<\/em> La ma\u00f1ana de este lunes, el Servicio de Administraci\u00f3n Tributaria (SAT) public\u00f3 nuevas reglas que permitir\u00e1n agilizar e incrementar la importaci\u00f3n de veh\u00edculos usados de los Estados Unidos.<\/p>\n<p style=\"text-align: justify;\">El nuevo esquema permitir\u00e1 hacer m\u00e1s de las 150 importaciones diarias que se ven\u00edan realizando, seg\u00fan explic\u00f3 el presidente de la Asociaci\u00f3n de Agentes Aduanales, Ernesto Rodr\u00edguez Gil.<\/p>\n<p style=\"text-align: justify;\">Explic\u00f3 que en este nuevo procedimiento se cambi\u00f3 el certificado que se utiliza para comprobar las condiciones f\u00edsico-mec\u00e1nicas de los autos a un documento que incluye un c\u00f3digo QR, que permitir\u00e1 que cada uno de los tr\u00e1mites reduzca su tiempo de dos horas a cinco o 10 minutos.<\/p>\n<p style=\"text-align: justify;\">Mencion\u00f3 que las nuevas reglas fueron publicadas antes de ponerse en operaci\u00f3n a trav\u00e9s del portal del SAT, por lo cual se espera que este viernes queden establecidas en el Diario Oficial de la Federaci\u00f3n para entrar en funcionamiento a partir del martes 2 de mayo.<\/p>\n<p style=\"text-align: justify;\">\u201cEsta medida permitir\u00e1 que los agentes aduanales y los vendedores de veh\u00edculos usados aumenten considerablemente sus ingresos\u201d, agreg\u00f3.<\/p>\n<p style=\"text-align: justify;\">Rodr\u00edguez Gil se\u00f1al\u00f3 que tambi\u00e9n se ampli\u00f3 en dos horas el periodo de tiempo para importar veh\u00edculos usados, ya que el horario de 9:00 a 12:00 horas se modific\u00f3 de las 8:00 de la ma\u00f1ana a la una de la tarde.<\/p>\n","protected":false},"excerpt":{"rendered":"","protected":false},"author":6,"featured_media":13470,"comment_status":"open","ping_status":"open","sticky":false,"template":"","format":"standard","meta":{"_acf_changed":false,"_monsterinsights_skip_tracking":false,"slim_seo":{"title":"Publica SAT reglas para agilizar importaci\u00f3n de autos usados - Opini\u00f3n P\u00fablica","description":"Ciudad Ju\u00e1rez, Chih.- La ma\u00f1ana de este lunes, el Servicio de Administraci\u00f3n Tributaria (SAT) public\u00f3 nuevas reglas que permitir\u00e1n agilizar e incrementar la imp"},"footnotes":""},"categories":[5],"tags":[],"class_list":["post-13471","post","type-post","status-publish","format-standard","has-post-thumbnail","hentry","category-frontera"],"acf":[],"_links":{"self":[{"href":"https:\/\/www.opinionpublica.tv\/portada\/wp-json\/wp\/v2\/posts\/13471","targetHints":{"allow":["GET"]}}],"collection":[{"href":"https:\/\/www.opinionpublica.tv\/portada\/wp-json\/wp\/v2\/posts"}],"about":[{"href":"https:\/\/www.opinionpublica.tv\/portada\/wp-json\/wp\/v2\/types\/post"}],"author":[{"embeddable":true,"href":"https:\/\/www.opinionpublica.tv\/portada\/wp-json\/wp\/v2\/users\/6"}],"replies":[{"embeddable":true,"href":"https:\/\/www.opinionpublica.tv\/portada\/wp-json\/wp\/v2\/comments?post=13471"}],"version-history":[{"count":0,"href":"https:\/\/www.opinionpublica.tv\/portada\/wp-json\/wp\/v2\/posts\/13471\/revisions"}],"wp:featuredmedia":[{"embeddable":true,"href":"https:\/\/www.opinionpublica.tv\/portada\/wp-json\/wp\/v2\/media\/13470"}],"wp:attachment":[{"href":"https:\/\/www.opinionpublica.tv\/portada\/wp-json\/wp\/v2\/media?parent=13471"}],"wp:term":[{"taxonomy":"category","embeddable":true,"href":"https:\/\/www.opinionpublica.tv\/portada\/wp-json\/wp\/v2\/categories?post=13471"},{"taxonomy":"post_tag","embeddable":true,"href":"https:\/\/www.opinionpublica.tv\/portada\/wp-json\/wp\/v2\/tags?post=13471"}],"curies":[{"name":"wp","href":"https:\/\/api.w.org\/{rel}","templated":true}]}}