{"id":13469,"date":"2017-04-25T06:00:00","date_gmt":"2017-04-25T04:00:00","guid":{"rendered":"https:\/\/www.opinionpublica.tv\/portada\/2017\/04\/25\/renuncia-auditor-electo-por-congreso-duro-dos-semanas\/"},"modified":"2017-04-25T06:00:00","modified_gmt":"2017-04-25T04:00:00","slug":"renuncia-auditor-electo-por-congreso-duro-dos-semanas","status":"publish","type":"post","link":"https:\/\/www.opinionpublica.tv\/portada\/renuncia-auditor-electo-por-congreso-duro-dos-semanas\/","title":{"rendered":"Renuncia auditor electo por el Congreso; dur\u00f3 dos semanas"},"content":{"rendered":"<p><img fetchpriority=\"high\" decoding=\"async\" class=\" size-full wp-image-13468\" src=\"https:\/\/www.opinionpublica.tv\/portada\/wp-content\/uploads\/2017\/04\/e1a89f0973eeaff28985139b86419a8b.jpg\" alt=\"\" class=\"caption\" title=\"Ignacio Rodr\u00edguez, ex auditor superior del Estado.\" width=\"600\" height=\"400\" srcset=\"https:\/\/www.opinionpublica.tv\/portada\/wp-content\/uploads\/2017\/04\/e1a89f0973eeaff28985139b86419a8b.jpg 600w, https:\/\/www.opinionpublica.tv\/portada\/wp-content\/uploads\/2017\/04\/e1a89f0973eeaff28985139b86419a8b-300x200.jpg 300w\" sizes=\"(max-width: 600px) 100vw, 600px\" \/><br \/>\n<!--more--><\/p>\n<p style=\"text-align: justify;\"><em>Chihuahua, Chih.-<\/em> Luego de la controversia surgida entre el gobernador de Chihuahua, Javier Corral y el Congreso local, este martes present\u00f3 su renuncia Ignacio Rodr\u00edguez, quien hab\u00eda sido designado como titular de la Auditor\u00eda Superior del Estado por la mayor\u00eda de los diputados el pasado 7 de abril.<\/p>\n<p style=\"text-align: justify;\">Trascendi\u00f3 que Armando Valenzuela continuar\u00e1 como auditor interino mientras se resuelve y publica una nueva convocatoria para que quienes aspiran a participar en dicho cargo.<\/p>\n<p style=\"text-align: justify;\">El nombramiento de Ignacio Rodr\u00edguez fue vetado por el gobernador Corral, debido a que en su registro como candidato a la Auditor\u00eda Superior omiti\u00f3 declarar que en el pasado proceso electoral de 2016, fue candidato suplente a una diputaci\u00f3n por el Partido Acci\u00f3n Nacional, lo cual est\u00e1 prohibido por la ley.<\/p>\n<p style=\"text-align: justify;\">A\u00fan as\u00ed, Ignacio Rodr\u00edguez asumi\u00f3 el cargo por m\u00e1s de dos semanas, lo cual gener\u00f3 una controversia entre el poder ejecutivo y legislativo, e incluso este lunes, se le impidi\u00f3 el acceso al edificio de la Auditor\u00eda Superior del Estado, pero la tarde de este martes, finalmente decidi\u00f3 renunciar al cargo.<\/p>\n<p style=\"text-align: justify;\">Como consecuencia de lo anterior, el Congreso del Estado deber\u00e1 reponer el proceso de selecci\u00f3n de un nuevo auditor para el cargo en menci\u00f3n, y mientras tanto, Armando Valenzuela permanecer\u00e1 en calidad de interino.<\/p>\n","protected":false},"excerpt":{"rendered":"","protected":false},"author":6,"featured_media":13468,"comment_status":"open","ping_status":"open","sticky":false,"template":"","format":"standard","meta":{"_acf_changed":false,"_monsterinsights_skip_tracking":false,"slim_seo":{"title":"Renuncia auditor electo por el Congreso; dur\u00f3 dos semanas - Opini\u00f3n P\u00fablica","description":"Chihuahua, Chih.- Luego de la controversia surgida entre el gobernador de Chihuahua, Javier Corral y el Congreso local, este martes present\u00f3 su renuncia Ignacio"},"footnotes":""},"categories":[4],"tags":[],"class_list":["post-13469","post","type-post","status-publish","format-standard","has-post-thumbnail","hentry","category-pulsopolitico"],"acf":[],"_links":{"self":[{"href":"https:\/\/www.opinionpublica.tv\/portada\/wp-json\/wp\/v2\/posts\/13469","targetHints":{"allow":["GET"]}}],"collection":[{"href":"https:\/\/www.opinionpublica.tv\/portada\/wp-json\/wp\/v2\/posts"}],"about":[{"href":"https:\/\/www.opinionpublica.tv\/portada\/wp-json\/wp\/v2\/types\/post"}],"author":[{"embeddable":true,"href":"https:\/\/www.opinionpublica.tv\/portada\/wp-json\/wp\/v2\/users\/6"}],"replies":[{"embeddable":true,"href":"https:\/\/www.opinionpublica.tv\/portada\/wp-json\/wp\/v2\/comments?post=13469"}],"version-history":[{"count":0,"href":"https:\/\/www.opinionpublica.tv\/portada\/wp-json\/wp\/v2\/posts\/13469\/revisions"}],"wp:featuredmedia":[{"embeddable":true,"href":"https:\/\/www.opinionpublica.tv\/portada\/wp-json\/wp\/v2\/media\/13468"}],"wp:attachment":[{"href":"https:\/\/www.opinionpublica.tv\/portada\/wp-json\/wp\/v2\/media?parent=13469"}],"wp:term":[{"taxonomy":"category","embeddable":true,"href":"https:\/\/www.opinionpublica.tv\/portada\/wp-json\/wp\/v2\/categories?post=13469"},{"taxonomy":"post_tag","embeddable":true,"href":"https:\/\/www.opinionpublica.tv\/portada\/wp-json\/wp\/v2\/tags?post=13469"}],"curies":[{"name":"wp","href":"https:\/\/api.w.org\/{rel}","templated":true}]}}