{"id":13449,"date":"2017-04-25T06:00:00","date_gmt":"2017-04-25T04:00:00","guid":{"rendered":"https:\/\/www.opinionpublica.tv\/portada\/2017\/04\/25\/se-repite-la-maxima-el-poder-es-para-poder-pero-corral-no-ha-podido\/"},"modified":"2017-04-25T06:00:00","modified_gmt":"2017-04-25T04:00:00","slug":"se-repite-la-maxima-el-poder-es-para-poder-pero-corral-no-ha-podido","status":"publish","type":"post","link":"https:\/\/www.opinionpublica.tv\/portada\/se-repite-la-maxima-el-poder-es-para-poder-pero-corral-no-ha-podido\/","title":{"rendered":"Se repite la m\u00e1xima: El poder es para poder&#8230; Pero Corral no ha podido"},"content":{"rendered":"<p style=\"text-align: justify;\">Sin respeto a las instituciones y a la autonom\u00eda que estas debieran gozar, el Gobierno del Estado y el Congreso local han entrado en una disputa sin cuartel por el control de la Auditor\u00eda Superior del Estado, a la que quieren copar cual bot\u00edn de guerra electoral, luego de que el gobernador Javier Corral pudiera deshacerse del titular de dicho organismo, Jes\u00fas Manuel Esparza al presionarlo y amenazarlo a trav\u00e9s de terceros con una serie de demandas para que dejara libre el cargo y lo pudiera asumir uno de los suyos.<\/p>\n<p><!--more--><\/p>\n<p style=\"text-align: justify;\">Se sabe que quien llevaba las cuentas de la campa\u00f1a del ahora mandatario estatal, Armando Valenzuela, fue el recomendado para que ocupara la titularidad de la ASE de manera interina, mientras se llevaba a cabo el proceso legal de selecci\u00f3n, para luego instalarlo ahora s\u00ed formalmente; pero les salieron mal las cuentas, o la negociaci\u00f3n (que no es el fuerte de esta administraci\u00f3n estatal) les fall\u00f3, y por mucho. El que result\u00f3 ganando fue la carta del principal grupo opositor del gobernador en el PAN, Ignacio Rodr\u00edguez Bejarano, arropado visiblemente por la mancuerna temporal del Coordinador de la bancada panista Miguel La Torre S\u00e1enz y la alcaldesa Maru Campos Galv\u00e1n.<\/p>\n<p style=\"text-align: justify;\">En el terreno pragm\u00e1tico pudi\u00e9ramos decir que la posici\u00f3n le corresponde designarla al gobernador Javier Corral, porque convencionalmente es el mandatario quien quita y pone los principales cargos, a\u00fan los que est\u00e1n fuera de su jurisdicci\u00f3n; legalmente dir\u00edamos que debe ser una decisi\u00f3n del Poder Legislativo porque es este el que tiene la facultad para hacerlo, y por lo tanto los diputados locales son los responsables de designarlo y de darle legitimidad a su nombramiento\u2026<\/p>\n<p style=\"text-align: justify;\">Parece que ah\u00ed persiste la discusi\u00f3n, sin embargo pol\u00edticamente se deduce con claridad que se trata de una lucha de poderes para ver quien gana la codiciada oficina encargada de auditar a los ayuntamientos, organismos aut\u00f3nomos, a instituciones que dependen del erario; y el problema est\u00e1 en lo siguiente, audita al propio Legislativo pero tambi\u00e9n al Ejecutivo y al Judicial, lo cual no es tolerable para quien se esfuerza por hacer notar que lleva las riendas del estado.<\/p>\n<p style=\"text-align: justify;\">Pero aqu\u00ed se esconde una falacia que debe ser expuesta con trasparencia para que no haya enga\u00f1o, sobretodo en el intento de querer demostrar totalmente lo contrario. Me explico:<\/p>\n<p style=\"text-align: justify;\">El gobernador ha declarado que pol\u00e9micas como esta, entre los diputados y el Ejecutivo es una consecuencia natural de una verdadera democracia, a lo cual no estamos acostumbrados los mexicanos y menos los chihuahuenses. Aqu\u00ed la expresi\u00f3n resultar\u00eda completamente genuina si \u00e9l no tuviera ning\u00fan inter\u00e9s por controlar la titularidad de la Auditor\u00eda Superior del Estado, pero s\u00ed la tiene, esta a la vista la intenci\u00f3n. Entonces \u00bfcu\u00e1l democracia? En todo caso el mandatario estatal estar\u00eda violando el principio b\u00e1sico de un gobierno libre y sobretodo democr\u00e1tico, que tiene que ver con la separaci\u00f3n de poderes. No hay y no puede haber verdad en donde se busca enga\u00f1ar con tama\u00f1a declaraci\u00f3n.<\/p>\n<p style=\"text-align: justify;\">A estas alturas ya han saltado varios voceros del primer bur\u00f3crata del estado defendiendo su postura, sancionando a los diputados que le jugaron una mala pasada \u201cal g\u00f3ber\u201d al designar a Nacho Rodr\u00edguez, y hasta han amenazado con las penas a que podr\u00edan hacerse acreedores por oponerse a las directrices de Javier Corral. Eso habla de las verdaderas intenciones del Ejecutivo en este asunto. Es algo as\u00ed como: \u201cqu\u00edtate t\u00fa para ponerme yo\u201d.<\/p>\n<p style=\"text-align: justify;\">Por otro lado. No estoy diciendo que a quienes impulsan ilegalmente a Nacho Rodr\u00edguez les asista la raz\u00f3n, \u00a0y no lo creo porque como expuse en los primeros p\u00e1rrafos, se trata de una lucha de poderes entre personajes del Partido Acci\u00f3n Nacional en donde lo que importa no es el mejor perfil para ocupar la gran responsabilidad que conlleva el ser auditor superior del estado sino, el ganar un espacio p\u00fablico para generar un coto de poder, mismo que se los puede proveer la ASE encargada de emitir informes sobre el gasto del Gobierno del estado y cada una de sus secretar\u00edas, coordinaciones y oficinas descentralizadas. \u00a0\u00a0\u00a0<\/p>\n<p style=\"text-align: justify;\">Se trata de un juego perverso en el cual nadie quiere asumir su responsabilidad como tal, por un lado el gobernador se cura en salud y pide que no nos asustemos con el conflicto porque es una situaci\u00f3n que se da en toda democracia, cuando sabemos que lo \u00fanico que busca es colocar a su gente de confianza como ya lo hizo al inicio de su gesti\u00f3n en el Tribunal Superior de Justicia del Estado al colocar en la presidencia a Julio Jim\u00e9nez Castro, reemplazando al anterior que hab\u00eda sido colocado por el gobierno pasado; o como sucedi\u00f3 en el Instituto de Transparencia, donde desplaz\u00f3 Rodolfo Leyva Mart\u00ednez, cuando \u00e9ste no sigui\u00f3 la l\u00ednea que le marcaban desde Palacio de Gobierno, y en su lugar dej\u00f3 a alguien menos inc\u00f3modo.<\/p>\n<p style=\"text-align: justify;\">As\u00ed lo ha hecho con otras instituciones que escapan a su competencia pero donde busca tener control. En todo caso debemos decir que el gobernador Javier Corral sigue una m\u00e1xima muy parecida a la que imperaba en la pasada administraci\u00f3n que dec\u00eda que \u201cel poder es para poder\u201d, el problema es que Corral no ha podido. \u00a0<\/p>\n<p style=\"text-align: justify;\">Por ello comparto las expresiones p\u00fablicas del representante de Movimiento de Regeneraci\u00f3n Nacional ante el Instituto Nacional Electoral, el abogado Sergio Gonz\u00e1lez Rojo, quien demanda se reinstale el proceso de selecci\u00f3n del auditor superior del estado ante las inconsistencias de la anterior selecci\u00f3n que dej\u00f3 como saldo la elecci\u00f3n de un personaje que es inelegible, por no poder cumplir con los requisitos establecidos en la convocatoria expedida el propio Congreso del Estado; por ejemplo el haber sido candidato en la pasada elecci\u00f3n, y que aun siendo candidato suplente a diputado, se cumple el impedimento para buscar la auditor\u00eda.<\/p>\n<p style=\"text-align: justify;\">Ah\u00ed est\u00e1 tambi\u00e9n su paso por la Secretar\u00eda de Finanzas del Comit\u00e9 Directivo Estatal del PAN, lo cual habr\u00eda omitido en su curr\u00edculum presentado al Congreso, pero hay evidencia y testigos de que Rodr\u00edguez Bejarano ocup\u00f3 dicho cargo, como el que actualmente ocupa en el Consejo Estatal del mismo partido, lo cual tambi\u00e9n lo inhabilita para ser candidato a la auditor\u00eda. T\u00e9cnicamente tambi\u00e9n est\u00e1 imposibilitado para ejercer el cago porque no tiene experiencia como auditor, aunque haya trabajado en \u00e1reas afines. Se trata de un traje que fue ordenado a la medida pero result\u00f3 mal hecho, no le qued\u00f3 y ahora tendr\u00e1 que reponerse el proceso para elegir de nuevo al auditor superior.<\/p>\n<p style=\"text-align: justify;\">El perfil de los candidatos a la ASE deber\u00e1n responder a la capacidad t\u00e9cnica para desempe\u00f1ar el cargo no a compadrazgos o a la influencias que puedan tener sus amigos que est\u00e1n en el gobierno; debe ser una persona desligada completamente de los que ostentan el poder, de lo contrario estaremos cayendo en la misma farsa que la actual administraci\u00f3n estatal tanto critic\u00f3 y censur\u00f3 a la anterior. El pr\u00f3ximo auditor del estado debe responder no al gobernador Javier Corral, no a los diputados que lo elijan, sino \u00fanicamente a los intereses del pueblo.<\/p>\n<p style=\"text-align: justify;\">PD. Me parece impostergable a\u00f1adir en esta ocasi\u00f3n una observaci\u00f3n a una mala, mal\u00edsima, estrategia de comunicaci\u00f3n adoptada por el gobernador Javier Corral y la Fiscal\u00eda General del Estado, puesto que en entrevistas y ruedas de prensa al mandatario le ha dado por \u201cadelantar\u201d datos polic\u00edacos, como el que tienen perfectamente ubicados a los asesinos de la periodista Miroslava Breach y que en cualquier momento ser\u00edan detenidos. A mi juicio, una lamentable y desatinada manera de comunicar investigaciones polic\u00edacas, como advirtiendo, como anunciando que les pisan los talones para que los aludidos tomen sus precauciones. En fin, un yerro m\u00e1s, pero muy grave por el tema tan sensible que se trata.<\/p>\n<p style=\"text-align: justify;\">Sugerencias y comentarios favor de hac\u00e9rmelos llegar a mi correo:\u00a0cruzp@terra.com.mx.<\/p>\n","protected":false},"excerpt":{"rendered":"<p>Sin respeto a las instituciones y a la autonom\u00eda que estas debieran gozar, el Gobierno del Estado y el Congreso local han entrado en una disputa sin cuartel por el control de la Auditor\u00eda Superior del Estado, a la que quieren copar cual bot\u00edn de guerra electoral, luego de que el gobernador Javier Corral pudiera [&hellip;]<\/p>\n","protected":false},"author":6,"featured_media":0,"comment_status":"open","ping_status":"open","sticky":false,"template":"","format":"standard","meta":{"_acf_changed":false,"_monsterinsights_skip_tracking":false,"slim_seo":{"title":"Se repite la m\u00e1xima: El poder es para poder... Pero Corral no ha podido - Opini\u00f3n P\u00fablica","description":"Sin respeto a las instituciones y a la autonom\u00eda que estas debieran gozar, el Gobierno del Estado y el Congreso local han entrado en una disputa sin cuartel por"},"footnotes":""},"categories":[34],"tags":[],"class_list":["post-13449","post","type-post","status-publish","format-standard","hentry","category-construyendo"],"acf":[],"_links":{"self":[{"href":"https:\/\/www.opinionpublica.tv\/portada\/wp-json\/wp\/v2\/posts\/13449","targetHints":{"allow":["GET"]}}],"collection":[{"href":"https:\/\/www.opinionpublica.tv\/portada\/wp-json\/wp\/v2\/posts"}],"about":[{"href":"https:\/\/www.opinionpublica.tv\/portada\/wp-json\/wp\/v2\/types\/post"}],"author":[{"embeddable":true,"href":"https:\/\/www.opinionpublica.tv\/portada\/wp-json\/wp\/v2\/users\/6"}],"replies":[{"embeddable":true,"href":"https:\/\/www.opinionpublica.tv\/portada\/wp-json\/wp\/v2\/comments?post=13449"}],"version-history":[{"count":0,"href":"https:\/\/www.opinionpublica.tv\/portada\/wp-json\/wp\/v2\/posts\/13449\/revisions"}],"wp:attachment":[{"href":"https:\/\/www.opinionpublica.tv\/portada\/wp-json\/wp\/v2\/media?parent=13449"}],"wp:term":[{"taxonomy":"category","embeddable":true,"href":"https:\/\/www.opinionpublica.tv\/portada\/wp-json\/wp\/v2\/categories?post=13449"},{"taxonomy":"post_tag","embeddable":true,"href":"https:\/\/www.opinionpublica.tv\/portada\/wp-json\/wp\/v2\/tags?post=13449"}],"curies":[{"name":"wp","href":"https:\/\/api.w.org\/{rel}","templated":true}]}}