{"id":13432,"date":"2017-04-23T06:00:00","date_gmt":"2017-04-23T04:00:00","guid":{"rendered":"https:\/\/www.opinionpublica.tv\/portada\/2017\/04\/23\/corrupcion-por-omision\/"},"modified":"2017-04-23T06:00:00","modified_gmt":"2017-04-23T04:00:00","slug":"corrupcion-por-omision","status":"publish","type":"post","link":"https:\/\/www.opinionpublica.tv\/portada\/corrupcion-por-omision\/","title":{"rendered":"Corrupci\u00f3n por omisi\u00f3n"},"content":{"rendered":"<p style=\"text-align: justify;\">No s\u00f3lo quien comete peculado es corrupto, sino quien lo permite por omisi\u00f3n de su funci\u00f3n. Que el ex gobernador Javier Duarte haya sido detenido en Guatemala es una buena noticia, pero tambi\u00e9n una oportunidad para castigar a quienes permitieron que tal fen\u00f3meno de abuso y degradaci\u00f3n moral ocurriera.<\/p>\n<p><!--more--><\/p>\n<p style=\"text-align: justify;\">Que Duarte guste de caballos y casas en Valle de Bravo o que su esposa disfrute comprar en boutiques de Madison Avenue en Nueva York ser\u00eda un asunto personal e irrelevante si hubiese tenido contrapesos que evitaran que tales gustos se convirtieran en un realidad.<\/p>\n<p style=\"text-align: justify;\">Uno de esos contrapesos es el \u00d3rgano de Fiscalizaci\u00f3n Superior de Veracruz (Orfis), el cual tiene la misi\u00f3n de revisar las cuentas p\u00fablicas del gobierno estatal. Aunque las irregularidades en el manejo presupuestario empezaron desde hace a\u00f1os \u2013la Auditor\u00eda Superior de la Federaci\u00f3n (ASF) as\u00ed lo ha se\u00f1alado en sus informes anuales\u2013, fue hasta 2016 \u2013despu\u00e9s de que Animal Pol\u00edtico publicara las operaciones irregulares de Duarte con empresas fantasma\u2013 que el Orfis interpuso 10 demandas penales en contra de funcionarios de aquella administraci\u00f3n.<\/p>\n<p style=\"text-align: justify;\">\u00bfPor qu\u00e9 tard\u00f3 tanto en hacerlo y no logr\u00f3 detectar antes lo que s\u00ed logr\u00f3 Animal Pol\u00edtico mediante una investigaci\u00f3n period\u00edstica?<\/p>\n<p style=\"text-align: justify;\">Otro responsable directo es el Congreso del Estado. Su Comisi\u00f3n de Vigilancia es la responsable pol\u00edtica de que los hallazgos del Orfis lleven a denuncias de hechos y que \u00e9stas se investiguen por la Fiscal\u00eda General de Justicia del Estado de Veracruz. \u00bfD\u00f3nde estaban los diputados de esa comisi\u00f3n durante las dos legislaturas del sexenio de Javier Duarte?<\/p>\n<p style=\"text-align: justify;\">Asimismo, la Comisi\u00f3n de Hacienda es la responsable de revisar el avance del ejercicio del gasto p\u00fablico y de aprobar el presupuesto anual con base en evaluaciones de la calidad, cantidad y legalidad del ejercicio de los a\u00f1os previos. \u00bfJam\u00e1s detect\u00f3 los desv\u00edos que hizo el gobernador? \u00bfPor qu\u00e9 fueron omisos los integrantes de esa comisi\u00f3n legislativa?<\/p>\n<p style=\"text-align: justify;\">La Procuradur\u00eda General de la Republica tambi\u00e9n fue omisa. Para octubre del a\u00f1o pasado, la ASF hab\u00eda presentado \u2013a lo largo de varios a\u00f1os\u2013 60 denuncias en contra del gobierno de Duarte por el desv\u00edo de 60 mil millones de pesos de fondos federales. La orden de aprehensi\u00f3n girada en contra del exgobernador en octubre del a\u00f1o pasado se logr\u00f3 gracias a 32 expedientes armados por el Servicio de Administraci\u00f3n Tributaria.<\/p>\n<p style=\"text-align: justify;\">Sin embargo, la PGR no hizo lo conducente para investigar los hechos denunciados. \u00bfCu\u00e1ntos recursos se habr\u00edan ahorrado con una acci\u00f3n oportuna del Ministerio P\u00fablico?<\/p>\n<p style=\"text-align: justify;\">La C\u00e1mara de Diputados federal tambi\u00e9n lo fue, pues es responsable pol\u00edtica de garantizar el buen uso de las transferencias federales a las entidades del pa\u00eds.\u00a0<\/p>\n<p style=\"text-align: justify;\">\u00c9sta debi\u00f3 exigir a la PGR que se llevaran a cabo las investigaciones por las denuncias que hab\u00eda interpuesto la ASF, pero hizo muy poco para ello. Asimismo, cada a\u00f1o aprobaba las transferencias federales del Ramo 33 a pesar de las irregularidades detectadas en los ejercicios previos.<\/p>\n<p style=\"text-align: justify;\">\u00bfDe qu\u00e9 sirve la aprobaci\u00f3n del presupuesto si no se castiga con menores recursos a quienes gastan mal? Por cierto, un extesorero del gobierno de Duarte, Antonio Tarek, es actualmente diputado federal y, aunque ha iniciado su proceso de desafuero, contin\u00faa en el cargo.<\/p>\n<p style=\"text-align: justify;\">Y finalmente, el presidente de la Rep\u00fablica. Como jefe de Estado y l\u00edder pol\u00edtico del partido del se\u00f1or Duarte debi\u00f3 tener la informaci\u00f3n para conocer los excesos del exgobernador y \u2013con la ascendencia pol\u00edtica que ten\u00eda\u2013 contener a su compa\u00f1ero y amigo.<\/p>\n<p style=\"text-align: justify;\">\u00bfPor qu\u00e9 no lo hizo, si adem\u00e1s ese comportamiento da\u00f1aba severamente a su partido, al punto de que perdi\u00f3 la gubernatura en 2016? \u00bfPor qu\u00e9 a pesar de las advertencias que muchos l\u00edderes del PRI le hicieron \u2013seg\u00fan se comenta en privado\u2013 esper\u00f3 tanto hasta que la p\u00e9rdida fue estrepitosa y puede constituir, adem\u00e1s, una bola de nieve imparable hacia 2018?<\/p>\n<p style=\"text-align: justify;\">Algunos diputados de oposici\u00f3n se\u00f1alaron que pedir\u00e1n la intervenci\u00f3n del Sistema Nacional Anticorrupci\u00f3n para castigar al exgobernador.<\/p>\n<p style=\"text-align: justify;\">Pero ning\u00fan sistema funciona correctamente si las partes no realizan su labor de manera cotidiana, revisando documentos, haciendo sumas y restas, y pidiendo castigo donde haya delito. El gran problema de la corrupci\u00f3n desbordada que padece M\u00e9xico es que todas las partes del sistema han abdicado de su funci\u00f3n para prevenirla y combatirla (esa es la llamada impunidad generalizada).<\/p>\n<p style=\"text-align: justify;\">Castigar a Duarte ejemplarmente significar\u00eda no s\u00f3lo sentenciarlo sino castigar a toda la cadena de omisos que con su silencio permitieron uno de los mayores abusos de la vida p\u00fablica mexicana.<\/p>\n<p style=\"text-align: justify;\"><strong>Twitter:<\/strong>\u00a0<a href=\"http:\/\/www.twitter.com\/LCUgalde\">@LCUgalde<\/a><\/p>\n","protected":false},"excerpt":{"rendered":"<p>No s\u00f3lo quien comete peculado es corrupto, sino quien lo permite por omisi\u00f3n de su funci\u00f3n. Que el ex gobernador Javier Duarte haya sido detenido en Guatemala es una buena noticia, pero tambi\u00e9n una oportunidad para castigar a quienes permitieron que tal fen\u00f3meno de abuso y degradaci\u00f3n moral ocurriera.<\/p>\n","protected":false},"author":6,"featured_media":0,"comment_status":"open","ping_status":"open","sticky":false,"template":"","format":"standard","meta":{"_acf_changed":false,"_monsterinsights_skip_tracking":false,"slim_seo":{"title":"Corrupci\u00f3n por omisi\u00f3n - Opini\u00f3n P\u00fablica","description":"No s\u00f3lo quien comete peculado es corrupto, sino quien lo permite por omisi\u00f3n de su funci\u00f3n. Que el ex gobernador Javier Duarte haya sido detenido en Guatemala e"},"footnotes":""},"categories":[23],"tags":[],"class_list":["post-13432","post","type-post","status-publish","format-standard","hentry","category-democracia-eficaz"],"acf":[],"_links":{"self":[{"href":"https:\/\/www.opinionpublica.tv\/portada\/wp-json\/wp\/v2\/posts\/13432","targetHints":{"allow":["GET"]}}],"collection":[{"href":"https:\/\/www.opinionpublica.tv\/portada\/wp-json\/wp\/v2\/posts"}],"about":[{"href":"https:\/\/www.opinionpublica.tv\/portada\/wp-json\/wp\/v2\/types\/post"}],"author":[{"embeddable":true,"href":"https:\/\/www.opinionpublica.tv\/portada\/wp-json\/wp\/v2\/users\/6"}],"replies":[{"embeddable":true,"href":"https:\/\/www.opinionpublica.tv\/portada\/wp-json\/wp\/v2\/comments?post=13432"}],"version-history":[{"count":0,"href":"https:\/\/www.opinionpublica.tv\/portada\/wp-json\/wp\/v2\/posts\/13432\/revisions"}],"wp:attachment":[{"href":"https:\/\/www.opinionpublica.tv\/portada\/wp-json\/wp\/v2\/media?parent=13432"}],"wp:term":[{"taxonomy":"category","embeddable":true,"href":"https:\/\/www.opinionpublica.tv\/portada\/wp-json\/wp\/v2\/categories?post=13432"},{"taxonomy":"post_tag","embeddable":true,"href":"https:\/\/www.opinionpublica.tv\/portada\/wp-json\/wp\/v2\/tags?post=13432"}],"curies":[{"name":"wp","href":"https:\/\/api.w.org\/{rel}","templated":true}]}}