{"id":13106,"date":"2017-04-08T06:00:00","date_gmt":"2017-04-08T04:00:00","guid":{"rendered":"https:\/\/www.opinionpublica.tv\/portada\/2017\/04\/08\/ex-director-de-adquisiciones-de-duarte-reclama-diputacion-ante-tribunal-electoral\/"},"modified":"2017-04-08T06:00:00","modified_gmt":"2017-04-08T04:00:00","slug":"ex-director-de-adquisiciones-de-duarte-reclama-diputacion-ante-tribunal-electoral","status":"publish","type":"post","link":"https:\/\/www.opinionpublica.tv\/portada\/ex-director-de-adquisiciones-de-duarte-reclama-diputacion-ante-tribunal-electoral\/","title":{"rendered":"Ex director de Adquisiciones de Duarte reclama diputaci\u00f3n ante Tribunal Electoral"},"content":{"rendered":"<p><img fetchpriority=\"high\" decoding=\"async\" class=\" size-full wp-image-13105\" src=\"https:\/\/www.opinionpublica.tv\/portada\/wp-content\/uploads\/2017\/04\/e20c927e4963fe7b9deb655043ca88a7.jpg\" alt=\"\" class=\"caption\" title=\"Antonio Enrique Tar\u00edn Garc\u00eda, ex funcionario del gobierno de C\u00e9sar Duarte.\" width=\"980\" height=\"617\" srcset=\"https:\/\/www.opinionpublica.tv\/portada\/wp-content\/uploads\/2017\/04\/e20c927e4963fe7b9deb655043ca88a7.jpg 980w, https:\/\/www.opinionpublica.tv\/portada\/wp-content\/uploads\/2017\/04\/e20c927e4963fe7b9deb655043ca88a7-300x189.jpg 300w, https:\/\/www.opinionpublica.tv\/portada\/wp-content\/uploads\/2017\/04\/e20c927e4963fe7b9deb655043ca88a7-768x484.jpg 768w\" sizes=\"(max-width: 980px) 100vw, 980px\" \/><br \/>\n<!--more--><\/p>\n<p style=\"text-align: justify;\"><em>Ciudad de M\u00e9xico.-<\/em> Antonio Enrique Tar\u00edn Garc\u00eda, ex director de Adquisiciones durante la gesti\u00f3n del ex gobernador de Chihuahua, C\u00e9sar Duarte J\u00e1quez, y suplente del fallecido legislador Carlos Hermosillo, interpuso un juicio para la protecci\u00f3n de sus derechos pol\u00edtico electorales, luego de la negativa de la Mesa Directiva de San L\u00e1zaro para tomarle protesta como diputado federal del Noveno Distrito de esta entidad.<\/p>\n<p style=\"text-align: justify;\">El juicio fue promovido ante el Tribunal Electoral del Poder Judicial de la Federaci\u00f3n (TEPJF), y en \u00e9ste exige el cumplimiento de sus derechos como ciudadano para rendir protesta en la C\u00e1mara de Diputados.<\/p>\n<p style=\"text-align: justify;\">La demanda ante el TEPJF fue presentada el pasado tres de abril, y el secretario general de Acuerdos de la Sala Superior, admiti\u00f3 la demanda y la turn\u00f3 con el n\u00famero de expediente SUP-JDC-201\/2017 a Janine M. Ot\u00e1lora Malassis, presidenta de la Sala Superior del Tribunal Electoral del Poder Judicial de la Federaci\u00f3n.<\/p>\n<p style=\"text-align: justify;\">En la demanda interpuesta se\u00f1ala como responsables como autoridades a los Integrantes de la Mesa Directiva de la LXIII Legislatura de la C\u00e1mara de Diputados, a su presidenta Guadalupe Murgu\u00eda y al Fiscal General del Estado de Chihuahua, C\u00e9sar Augusto Peniche.<\/p>\n<p style=\"text-align: justify;\">La demanda ya se encuentra en etapa de instrucci\u00f3n, puede tardar entre cuatro y ocho semanas en resolverse, seg\u00fan la propia estad\u00edstica de los juicios para la protecci\u00f3n de los derechos pol\u00edtico-electorales del ciudadano, que ha desahogado el mismo Tribunal Electoral, por lo cual ya requiri\u00f3 por oficio a la presidenta de la C\u00e1mara de Diputados y al fiscal de Chihuahua, para que contesten dicha demanda.<\/p>\n<p style=\"text-align: justify;\">Es importante se\u00f1alar que el pasado 28 y 29 de marzo, Antonio Tar\u00edn fue esc\u00e1ndalo nacional porque lleg\u00f3 a la C\u00e1mara de Diputados a tomar protesta, pero ese mismo d\u00eda la Fiscal\u00eda de Chihuahua le inform\u00f3 a la C\u00e1mara de Diputados que el ex funcionario estatal contaba con una orden de aprehensi\u00f3n.<\/p>\n<p style=\"text-align: justify;\">Ante la negativa de que se convirtiera en diputado federal y obtuviera fuero constitucional, Tar\u00edn Garc\u00eda, permaneci\u00f3 cerca de 28 horas atrincherado en el recinto legislativo, y sali\u00f3 del lugar hasta que consigui\u00f3 una suspensi\u00f3n provisional de un juez federal de la Ciudad de M\u00e9xico.<\/p>\n","protected":false},"excerpt":{"rendered":"","protected":false},"author":6,"featured_media":13105,"comment_status":"open","ping_status":"open","sticky":false,"template":"","format":"standard","meta":{"_acf_changed":false,"_monsterinsights_skip_tracking":false,"slim_seo":{"title":"Ex director de Adquisiciones de Duarte reclama diputaci\u00f3n ante Tribunal Electoral - Opini\u00f3n P\u00fablica","description":"Ciudad de M\u00e9xico.- Antonio Enrique Tar\u00edn Garc\u00eda, ex director de Adquisiciones durante la gesti\u00f3n del ex gobernador de Chihuahua, C\u00e9sar Duarte J\u00e1quez, y suplente"},"footnotes":""},"categories":[3],"tags":[],"class_list":["post-13106","post","type-post","status-publish","format-standard","has-post-thumbnail","hentry","category-principal"],"acf":[],"_links":{"self":[{"href":"https:\/\/www.opinionpublica.tv\/portada\/wp-json\/wp\/v2\/posts\/13106","targetHints":{"allow":["GET"]}}],"collection":[{"href":"https:\/\/www.opinionpublica.tv\/portada\/wp-json\/wp\/v2\/posts"}],"about":[{"href":"https:\/\/www.opinionpublica.tv\/portada\/wp-json\/wp\/v2\/types\/post"}],"author":[{"embeddable":true,"href":"https:\/\/www.opinionpublica.tv\/portada\/wp-json\/wp\/v2\/users\/6"}],"replies":[{"embeddable":true,"href":"https:\/\/www.opinionpublica.tv\/portada\/wp-json\/wp\/v2\/comments?post=13106"}],"version-history":[{"count":0,"href":"https:\/\/www.opinionpublica.tv\/portada\/wp-json\/wp\/v2\/posts\/13106\/revisions"}],"wp:featuredmedia":[{"embeddable":true,"href":"https:\/\/www.opinionpublica.tv\/portada\/wp-json\/wp\/v2\/media\/13105"}],"wp:attachment":[{"href":"https:\/\/www.opinionpublica.tv\/portada\/wp-json\/wp\/v2\/media?parent=13106"}],"wp:term":[{"taxonomy":"category","embeddable":true,"href":"https:\/\/www.opinionpublica.tv\/portada\/wp-json\/wp\/v2\/categories?post=13106"},{"taxonomy":"post_tag","embeddable":true,"href":"https:\/\/www.opinionpublica.tv\/portada\/wp-json\/wp\/v2\/tags?post=13106"}],"curies":[{"name":"wp","href":"https:\/\/api.w.org\/{rel}","templated":true}]}}