{"id":13098,"date":"2017-04-08T06:00:00","date_gmt":"2017-04-08T04:00:00","guid":{"rendered":"https:\/\/www.opinionpublica.tv\/portada\/2017\/04\/08\/exponen-proyectos-de-negocio-estudiantes-de-la-utcj\/"},"modified":"2017-04-08T06:00:00","modified_gmt":"2017-04-08T04:00:00","slug":"exponen-proyectos-de-negocio-estudiantes-de-la-utcj","status":"publish","type":"post","link":"https:\/\/www.opinionpublica.tv\/portada\/exponen-proyectos-de-negocio-estudiantes-de-la-utcj\/","title":{"rendered":"Exponen proyectos de negocio estudiantes de la UTCJ"},"content":{"rendered":"<p><img fetchpriority=\"high\" decoding=\"async\" class=\" size-full wp-image-13097\" src=\"https:\/\/www.opinionpublica.tv\/portada\/wp-content\/uploads\/2017\/04\/b34df335407ce8f131920c1ba6021914.jpg\" alt=\"\" class=\"caption\" title=\"Estudiantes de la UTCJ exponen proyectos productivos.\" width=\"332\" height=\"240\" srcset=\"https:\/\/www.opinionpublica.tv\/portada\/wp-content\/uploads\/2017\/04\/b34df335407ce8f131920c1ba6021914.jpg 332w, https:\/\/www.opinionpublica.tv\/portada\/wp-content\/uploads\/2017\/04\/b34df335407ce8f131920c1ba6021914-300x217.jpg 300w\" sizes=\"(max-width: 332px) 100vw, 332px\" \/><br \/>\n<!--more--><\/p>\n<p style=\"text-align: justify;\"><em>Ciudad Ju\u00e1rez, Chih.-<\/em> Planes de negocios tan variados como un autocine; un bar con tem\u00e1tica para diferentes gustos; venta de cerveza artesanal; corte de cabello para ni\u00f1os y un peculiar local con venta de donas, se expusieron a detalle en teor\u00eda y a trav\u00e9s de un stand con los productos a la vista de los invitados en la UTCJ.<\/p>\n<p style=\"text-align: justify;\">Todo esto fue parte del trabajo final de los estudiantes de T\u00e9cnico Superior Universitario en Desarrollo de Negocios de la Universidad Tecnol\u00f3gica de Ciudad Ju\u00e1rez, para la asignatura \u201cPlanes de Negocios\u201d que imparte el profesor Roberto Guti\u00e9rrez.<\/p>\n<p style=\"text-align: justify;\">Cada uno de los cinco equipos de estudiantes present\u00f3 su plan de negocios incluyendo el detalle contable, financiero, de mercadotecnia y pormenores como estudio de mercado, proyecci\u00f3n de ventas e incluso la promoci\u00f3n principalmente a trav\u00e9s de redes sociales.<\/p>\n<p style=\"text-align: justify;\">Al concluir con la presentaci\u00f3n de proyectos, el profesor quien adem\u00e1s es asesor de grupo, agradeci\u00f3 la dedicaci\u00f3n que tuvieron los estudiantes para trabajar su plan de negocios durante el cuatrimestre y destac\u00f3 el avance que los j\u00f3venes demostraron a trav\u00e9s de su carrera en TSU.<\/p>\n<p style=\"text-align: justify;\">La presentaci\u00f3n tuvo la particularidad de que la exposici\u00f3n de trabajos tuvo como p\u00fablico a amigos y familiares de los estudiantes que acudieron a la Aula Magna de la UTCJ para escuchar el fruto de su trabajo.<\/p>\n<p style=\"text-align: justify;\">Incluso los invitados participaron de la exposici\u00f3n de los estudiantes, pues al concluir dieron sus puntos de vista, acerca de la proyecci\u00f3n de negocios de los expositores.<\/p>\n<p style=\"text-align: justify;\">El tutor destac\u00f3 la importancia de que los futuros desarrolladores de negocios hagan planes de este tipo, ya que de cada diez PYMES que se surgen, 7 u 8 mueren antes de cumplir el a\u00f1o, esto como consecuencia de la falta de un plan de negocios, como que el que presentaron los estudiantes.<\/p>\n<p style=\"text-align: justify;\">Cada plan de negocios se present\u00f3 adem\u00e1s en un libro y en un stand, donde cada proyecto se materializ\u00f3 para exponerse a sus invitados.<\/p>\n","protected":false},"excerpt":{"rendered":"","protected":false},"author":6,"featured_media":13097,"comment_status":"open","ping_status":"open","sticky":false,"template":"","format":"standard","meta":{"_acf_changed":false,"_monsterinsights_skip_tracking":false,"slim_seo":{"title":"Exponen proyectos de negocio estudiantes de la UTCJ - Opini\u00f3n P\u00fablica","description":"Ciudad Ju\u00e1rez, Chih.- Planes de negocios tan variados como un autocine; un bar con tem\u00e1tica para diferentes gustos; venta de cerveza artesanal; corte de cabello"},"footnotes":""},"categories":[5],"tags":[],"class_list":["post-13098","post","type-post","status-publish","format-standard","has-post-thumbnail","hentry","category-frontera"],"acf":[],"_links":{"self":[{"href":"https:\/\/www.opinionpublica.tv\/portada\/wp-json\/wp\/v2\/posts\/13098","targetHints":{"allow":["GET"]}}],"collection":[{"href":"https:\/\/www.opinionpublica.tv\/portada\/wp-json\/wp\/v2\/posts"}],"about":[{"href":"https:\/\/www.opinionpublica.tv\/portada\/wp-json\/wp\/v2\/types\/post"}],"author":[{"embeddable":true,"href":"https:\/\/www.opinionpublica.tv\/portada\/wp-json\/wp\/v2\/users\/6"}],"replies":[{"embeddable":true,"href":"https:\/\/www.opinionpublica.tv\/portada\/wp-json\/wp\/v2\/comments?post=13098"}],"version-history":[{"count":0,"href":"https:\/\/www.opinionpublica.tv\/portada\/wp-json\/wp\/v2\/posts\/13098\/revisions"}],"wp:featuredmedia":[{"embeddable":true,"href":"https:\/\/www.opinionpublica.tv\/portada\/wp-json\/wp\/v2\/media\/13097"}],"wp:attachment":[{"href":"https:\/\/www.opinionpublica.tv\/portada\/wp-json\/wp\/v2\/media?parent=13098"}],"wp:term":[{"taxonomy":"category","embeddable":true,"href":"https:\/\/www.opinionpublica.tv\/portada\/wp-json\/wp\/v2\/categories?post=13098"},{"taxonomy":"post_tag","embeddable":true,"href":"https:\/\/www.opinionpublica.tv\/portada\/wp-json\/wp\/v2\/tags?post=13098"}],"curies":[{"name":"wp","href":"https:\/\/api.w.org\/{rel}","templated":true}]}}