{"id":13095,"date":"2017-04-08T06:00:00","date_gmt":"2017-04-08T04:00:00","guid":{"rendered":"https:\/\/www.opinionpublica.tv\/portada\/2017\/04\/08\/efemerides-8-de-abril\/"},"modified":"2017-04-08T06:00:00","modified_gmt":"2017-04-08T04:00:00","slug":"efemerides-8-de-abril","status":"publish","type":"post","link":"https:\/\/www.opinionpublica.tv\/portada\/efemerides-8-de-abril\/","title":{"rendered":"Efem\u00e9rides 8 de abril"},"content":{"rendered":"<img fetchpriority=\"high\" decoding=\"async\" class=\" size-full wp-image-13094\" src=\"https:\/\/www.opinionpublica.tv\/portada\/wp-content\/uploads\/2017\/04\/e2b4bc8724380ed5713cdc09048ff6d0.jpg\" alt=\"\" class=\"caption\" title=\"Mar\u00eda F\u00e9lix, tambi\u00e9n conocida en M\u00e9xico como \"La Do\u00f1a\".\" width=\"624\" height=\"351\" srcset=\"https:\/\/www.opinionpublica.tv\/portada\/wp-content\/uploads\/2017\/04\/e2b4bc8724380ed5713cdc09048ff6d0.jpg 624w, https:\/\/www.opinionpublica.tv\/portada\/wp-content\/uploads\/2017\/04\/e2b4bc8724380ed5713cdc09048ff6d0-300x169.jpg 300w\" sizes=\"(max-width: 624px) 100vw, 624px\" \/>\n<p style=\"text-align: justify;\">Un d\u00eda 8 de abril como hoy, pero del a\u00f1o 2002, fallece la actriz mexicana Mar\u00eda F\u00e9lix, considerada como una de las mujeres m\u00e1s bellas del mundo y uno de los m\u00e1ximos s\u00edmbolos de la \u00e9poca de oro del cine mexicano.<\/p>\n<p><!--more--><\/p>\n<p style=\"text-align: justify;\"><strong>Otras Efem\u00e9rides:<\/strong><\/p>\n<p style=\"text-align: justify;\">1548.- Batalla de Joaquijaguana (Per\u00fa). Alfonso de Alvarado y Pedro de Lagasca derrotan a las fuerzas de Gonzalo Pizarro, en rebeld\u00eda contra el rey de Espa\u00f1a.<\/p>\n<p style=\"text-align: justify;\">1847.- Nace Jer\u00f3nimo de la Ossa, poeta e ingeniero paname\u00f1o, autor de la letra del himno nacional de su pa\u00eds.<\/p>\n<p style=\"text-align: justify;\">1848.- Fallece Gaetano Donizetti, compositor italiano.<\/p>\n<p style=\"text-align: justify;\">1862, se celebra la Conferencia de Orizaba, en la que ingleses y espa\u00f1oles deciden retirar sus tropas de M\u00e9xico y dejar a los franceses obrar por su cuenta.<\/p>\n<p style=\"text-align: justify;\">1898.- Una escuadra espa\u00f1ola, al mando del almirante Cervera, sale de C\u00e1diz para participar en la guerra de Cuba.<\/p>\n<p style=\"text-align: justify;\">1902.- Tratado chinoruso por el que Rusia se compromete a abandonar Manchuria.<\/p>\n<p style=\"text-align: justify;\">1904.- Convenio entre Gran Breta\u00f1a y Francia por el que el primer pa\u00eds reconoce al segundo libertad de acci\u00f3n en Marruecos, a condici\u00f3n de que respete las posesiones y derechos espa\u00f1oles en \u00c1frica.<\/p>\n<p style=\"text-align: justify;\">1907.- Las \u00faltimas tropas japonesas abandonan Manchuria.<\/p>\n<p style=\"text-align: justify;\">1914.- Nace Mar\u00eda F\u00e9lix, actriz mexicana.<\/p>\n<p style=\"text-align: justify;\">1928.- Fallece Roberto J. Payr\u00f3, escritor argentino.<\/p>\n<p style=\"text-align: justify;\">1931.- Nace John Gavin, actor estadounidense de cine.<\/p>\n<p style=\"text-align: justify;\">1938.- Nace Kofi Annan, ghan\u00e9s, ex secretario general de la ONU.<\/p>\n<p style=\"text-align: justify;\">1939.- Espa\u00f1a se retira de la Sociedad de Naciones.<\/p>\n<p style=\"text-align: justify;\">1941.- Nace Ram\u00f3n Bautista \u00abPalito\u00bb Ortega, cantante y pol\u00edtico argentino.<\/p>\n<p style=\"text-align: justify;\">1948.- Las l\u00edneas a\u00e9reas de Suecia, Noruega y Dinamarca se fusionan para formar la SAS.<\/p>\n<p style=\"text-align: justify;\">1950.- Fallece Vaslav Nijinsky, bailar\u00edn ruso.<\/p>\n<p style=\"text-align: justify;\">1969.- Nace Dulce Pontes, cantante portuguesa.<\/p>\n<p style=\"text-align: justify;\">1971.- La C\u00e1mara de Diputados de Chile aprueba la expropiaci\u00f3n de empresas estadounidenses.<\/p>\n<p style=\"text-align: justify;\">1973.- Fallece Pablo Ruiz Picasso, pintor espa\u00f1ol.<\/p>\n<p style=\"text-align: justify;\">1982.- Siria cierra su frontera con Irak y clausura el oleoducto que lleva el petr\u00f3leo iraqu\u00ed al Mediterr\u00e1neo.<\/p>\n<p style=\"text-align: justify;\">1984.- La escritora Elena Quiroga ingresa en la Academia Espa\u00f1ola de la Lengua.<\/p>\n<p style=\"text-align: justify;\">1986.- El industrial griego Dimitris Angelopoulos es asesinado en el centro de Atenas por la Organizaci\u00f3n Revolucionaria 17 de Noviembre.<\/p>\n<p style=\"text-align: justify;\">1989.- La SWAPO ordena a sus guerrillas que se retiren del territorio de Namibia para facilitar un compromiso de paz.<\/p>\n<p style=\"text-align: justify;\">1990.- Joszef Antall, l\u00edder del Foro Democr\u00e1tico, vence en las primeras elecciones democr\u00e1ticas celebradas en Hungr\u00eda en cuarenta a\u00f1os.<\/p>\n<p style=\"text-align: justify;\">1993.- La Asamblea General de la ONU aprueba la admisi\u00f3n de la ex rep\u00fablica yugoslava de Macedonia, que es el 181 miembro de la organizaci\u00f3n.<\/p>\n<p style=\"text-align: justify;\">&#8211; Fallece Marian Anderson, cantante estadounidense de \u00f3pera.<\/p>\n<p style=\"text-align: justify;\">1994.- Juan Pablo II inaugura la restaurada Capilla Sixtina, cuyas obras de restauraci\u00f3n duraron trece a\u00f1os.<\/p>\n<p style=\"text-align: justify;\">1996.- Fallece Leon Klimovski, cineasta argentino.<\/p>\n<p style=\"text-align: justify;\">1999.- El poeta Jos\u00e9 Hierro es elegido miembro de la Real Academia Espa\u00f1ola.<\/p>\n<p style=\"text-align: justify;\">2000.- Fallece Claire Trevor, actriz de cine.<\/p>\n<p style=\"text-align: justify;\">2003.- Tres periodistas, entre ellos el c\u00e1mara espa\u00f1ol Jos\u00e9 Couso, mueren en Bagdad. Dos de ellos al alcanzar un proyectil norteamericano el hotel en el que se hospedaban y otro, en el ataque contra la sede del canal de televisi\u00f3n qatar\u00ed Al Yazira.<\/p>\n<p style=\"text-align: justify;\">2004.- El presidente argelino, Abdelaziz Buteflika, es reelegido para un nuevo mandato quinquenal.<\/p>\n<p style=\"text-align: justify;\">2005.- Se celebran los funerales por el Papa Juan Pablo II en Roma, a los que asisten los Reyes de Espa\u00f1a y otros mandatarios.<\/p>\n","protected":false},"excerpt":{"rendered":"<p>Un d\u00eda 8 de abril como hoy, pero del a\u00f1o 2002, fallece la actriz mexicana Mar\u00eda F\u00e9lix, considerada como una de las mujeres m\u00e1s bellas del mundo y uno de los m\u00e1ximos s\u00edmbolos de la \u00e9poca de oro del cine mexicano.<\/p>\n","protected":false},"author":6,"featured_media":13094,"comment_status":"open","ping_status":"open","sticky":false,"template":"","format":"standard","meta":{"_acf_changed":false,"_monsterinsights_skip_tracking":false,"slim_seo":{"title":"Efem\u00e9rides 8 de abril - Opini\u00f3n P\u00fablica","description":"Un d\u00eda 8 de abril como hoy, pero del a\u00f1o 2002, fallece la actriz mexicana Mar\u00eda F\u00e9lix, considerada como una de las mujeres m\u00e1s bellas del mundo y uno de los m\u00e1x"},"footnotes":""},"categories":[27],"tags":[],"class_list":["post-13095","post","type-post","status-publish","format-standard","has-post-thumbnail","hentry","category-un-dia-como-hoy"],"acf":[],"_links":{"self":[{"href":"https:\/\/www.opinionpublica.tv\/portada\/wp-json\/wp\/v2\/posts\/13095","targetHints":{"allow":["GET"]}}],"collection":[{"href":"https:\/\/www.opinionpublica.tv\/portada\/wp-json\/wp\/v2\/posts"}],"about":[{"href":"https:\/\/www.opinionpublica.tv\/portada\/wp-json\/wp\/v2\/types\/post"}],"author":[{"embeddable":true,"href":"https:\/\/www.opinionpublica.tv\/portada\/wp-json\/wp\/v2\/users\/6"}],"replies":[{"embeddable":true,"href":"https:\/\/www.opinionpublica.tv\/portada\/wp-json\/wp\/v2\/comments?post=13095"}],"version-history":[{"count":0,"href":"https:\/\/www.opinionpublica.tv\/portada\/wp-json\/wp\/v2\/posts\/13095\/revisions"}],"wp:featuredmedia":[{"embeddable":true,"href":"https:\/\/www.opinionpublica.tv\/portada\/wp-json\/wp\/v2\/media\/13094"}],"wp:attachment":[{"href":"https:\/\/www.opinionpublica.tv\/portada\/wp-json\/wp\/v2\/media?parent=13095"}],"wp:term":[{"taxonomy":"category","embeddable":true,"href":"https:\/\/www.opinionpublica.tv\/portada\/wp-json\/wp\/v2\/categories?post=13095"},{"taxonomy":"post_tag","embeddable":true,"href":"https:\/\/www.opinionpublica.tv\/portada\/wp-json\/wp\/v2\/tags?post=13095"}],"curies":[{"name":"wp","href":"https:\/\/api.w.org\/{rel}","templated":true}]}}