{"id":12802,"date":"2017-03-29T07:00:00","date_gmt":"2017-03-29T05:00:00","guid":{"rendered":"https:\/\/www.opinionpublica.tv\/portada\/2017\/03\/29\/solicitan-ficha-roja-a-interpol-para-buscar-a-cesar-duarte-en-140-paises\/"},"modified":"2017-03-29T07:00:00","modified_gmt":"2017-03-29T05:00:00","slug":"solicitan-ficha-roja-a-interpol-para-buscar-a-cesar-duarte-en-140-paises","status":"publish","type":"post","link":"https:\/\/www.opinionpublica.tv\/portada\/solicitan-ficha-roja-a-interpol-para-buscar-a-cesar-duarte-en-140-paises\/","title":{"rendered":"Solicitan ficha roja a Interpol para buscar a C\u00e9sar Duarte en 140 pa\u00edses"},"content":{"rendered":"<p><img fetchpriority=\"high\" decoding=\"async\" class=\" size-full wp-image-12801\" src=\"https:\/\/www.opinionpublica.tv\/portada\/wp-content\/uploads\/2017\/03\/7c5969ed5283be8d3c301644535f9099.jpg\" alt=\"\" class=\"caption\" title=\"C\u00e9sar Duarte, ex gobernador pri\u00edsta de Chihuahua.\" width=\"600\" height=\"364\" srcset=\"https:\/\/www.opinionpublica.tv\/portada\/wp-content\/uploads\/2017\/03\/7c5969ed5283be8d3c301644535f9099.jpg 600w, https:\/\/www.opinionpublica.tv\/portada\/wp-content\/uploads\/2017\/03\/7c5969ed5283be8d3c301644535f9099-300x182.jpg 300w\" sizes=\"(max-width: 600px) 100vw, 600px\" \/><br \/>\n<!--more--><\/p>\n<p style=\"text-align: justify;\">La\u00a0Procuradur\u00eda General de la Rep\u00fablica (PGR)\u00a0confirm\u00f3 la noche de este mi\u00e9rcoles la orden de aprehensi\u00f3n en contra del\u00a0ex gobernador de Chihuahua, C\u00e9sar Horacio Duarte J\u00e1quez\u00a0y la petici\u00f3n que se realiz\u00f3 a la Interpol para que sea emitida la ficha roja en 140 pa\u00edses, con la finalidad de reunir esfuerzos internacionales que permitan localizar y capturar al pol\u00edtico pri\u00edsta.<\/p>\n<p style=\"text-align: justify;\">La instancia federal indic\u00f3 que se notific\u00f3 a la\u00a0Direcci\u00f3n General de Asuntos Policiales Internacionales de la Interpol\u00a0en torno a los requerimientos de colaboraci\u00f3n con motivo de \u00a0la orden girada por el Juez de Control del Distrito Judicial de Morelos, Chihuahua, para que el ex gobernador sea localizado y detenido por su probable responsabilidad en el delito de peculado.<\/p>\n<p style=\"text-align: justify;\">De acuerdo a los datos presentados en el documento emitido por la autoridad judicial estatal, de manera inmediata se procedi\u00f3 a solicitar la Notificaci\u00f3n Roja a la Secretar\u00eda General de Interpol, con sede en Lyon, Francia\u201d, indic\u00f3 una ficha informativa.<\/p>\n<p style=\"text-align: justify;\">Asimismo, se especific\u00f3 que la notificaci\u00f3n aparecer\u00e1 en el sistema\u00a0hasta 24 horas despu\u00e9s de hacerse la formal petici\u00f3n.<\/p>\n<p style=\"text-align: justify;\">Con informaci\u00f3n de Exc\u00e9lsior.<\/p>\n","protected":false},"excerpt":{"rendered":"","protected":false},"author":6,"featured_media":12801,"comment_status":"open","ping_status":"open","sticky":false,"template":"","format":"standard","meta":{"_acf_changed":false,"_monsterinsights_skip_tracking":false,"slim_seo":{"title":"Solicitan ficha roja a Interpol para buscar a C\u00e9sar Duarte en 140 pa\u00edses - Opini\u00f3n P\u00fablica","description":"La\u00a0Procuradur\u00eda General de la Rep\u00fablica (PGR)\u00a0confirm\u00f3 la noche de este mi\u00e9rcoles la orden de aprehensi\u00f3n en contra del\u00a0ex gobernador de Chihuahua, C\u00e9sar Horaci"},"footnotes":""},"categories":[3],"tags":[],"class_list":["post-12802","post","type-post","status-publish","format-standard","has-post-thumbnail","hentry","category-principal"],"acf":[],"_links":{"self":[{"href":"https:\/\/www.opinionpublica.tv\/portada\/wp-json\/wp\/v2\/posts\/12802","targetHints":{"allow":["GET"]}}],"collection":[{"href":"https:\/\/www.opinionpublica.tv\/portada\/wp-json\/wp\/v2\/posts"}],"about":[{"href":"https:\/\/www.opinionpublica.tv\/portada\/wp-json\/wp\/v2\/types\/post"}],"author":[{"embeddable":true,"href":"https:\/\/www.opinionpublica.tv\/portada\/wp-json\/wp\/v2\/users\/6"}],"replies":[{"embeddable":true,"href":"https:\/\/www.opinionpublica.tv\/portada\/wp-json\/wp\/v2\/comments?post=12802"}],"version-history":[{"count":0,"href":"https:\/\/www.opinionpublica.tv\/portada\/wp-json\/wp\/v2\/posts\/12802\/revisions"}],"wp:featuredmedia":[{"embeddable":true,"href":"https:\/\/www.opinionpublica.tv\/portada\/wp-json\/wp\/v2\/media\/12801"}],"wp:attachment":[{"href":"https:\/\/www.opinionpublica.tv\/portada\/wp-json\/wp\/v2\/media?parent=12802"}],"wp:term":[{"taxonomy":"category","embeddable":true,"href":"https:\/\/www.opinionpublica.tv\/portada\/wp-json\/wp\/v2\/categories?post=12802"},{"taxonomy":"post_tag","embeddable":true,"href":"https:\/\/www.opinionpublica.tv\/portada\/wp-json\/wp\/v2\/tags?post=12802"}],"curies":[{"name":"wp","href":"https:\/\/api.w.org\/{rel}","templated":true}]}}