{"id":12792,"date":"2017-03-29T07:00:00","date_gmt":"2017-03-29T05:00:00","guid":{"rendered":"https:\/\/www.opinionpublica.tv\/portada\/2017\/03\/29\/el-estado-perpetra-mas-de-la-mitad-de-agresiones-contra-periodistas-articulo-19\/"},"modified":"2017-03-29T07:00:00","modified_gmt":"2017-03-29T05:00:00","slug":"el-estado-perpetra-mas-de-la-mitad-de-agresiones-contra-periodistas-articulo-19","status":"publish","type":"post","link":"https:\/\/www.opinionpublica.tv\/portada\/el-estado-perpetra-mas-de-la-mitad-de-agresiones-contra-periodistas-articulo-19\/","title":{"rendered":"Estado perpetra m\u00e1s de la mitad de agresiones contra periodistas: Art\u00edculo 19"},"content":{"rendered":"<p><img fetchpriority=\"high\" decoding=\"async\" class=\" size-full wp-image-12791\" src=\"https:\/\/www.opinionpublica.tv\/portada\/wp-content\/uploads\/2017\/03\/dd883c3dc241deb905703e1ba3950f94.jpg\" alt=\"\" class=\"caption\" title=\"El ejercicio del periodismo es catalogado como oficio de alto riesgo en M\u00e9xico.\" width=\"514\" height=\"305\" srcset=\"https:\/\/www.opinionpublica.tv\/portada\/wp-content\/uploads\/2017\/03\/dd883c3dc241deb905703e1ba3950f94.jpg 514w, https:\/\/www.opinionpublica.tv\/portada\/wp-content\/uploads\/2017\/03\/dd883c3dc241deb905703e1ba3950f94-300x178.jpg 300w\" sizes=\"(max-width: 514px) 100vw, 514px\" \/><br \/>\n<!--more--><\/p>\n<p style=\"text-align: justify;\">La impunidad en 99.75% de los asesinatos y agresiones contra periodistas en M\u00e9xico evidencia las omisiones y complicidad del Estado mexicano a la hora de inhibir el derecho a la informaci\u00f3n y libre expresi\u00f3n, concluye\u00a0<a href=\"https:\/\/twitter.com\/article19mex?lang=es\">Art\u00edculo 19.<\/a>\u00a0Adem\u00e1s, se\u00f1ala esta organizaci\u00f3n, m\u00e1s de la mitad de los ataques a comunicadores los perpetra el Estado.<\/p>\n<p style=\"text-align: justify;\">Datos de la organizaci\u00f3n civil se\u00f1alan que en los \u00faltimos\u00a06 a\u00f1os, la Fiscal\u00eda Especial para la Atenci\u00f3n de Delitos cometidos contra la Libertad de Expresi\u00f3n, s\u00f3lo ha resuelto tres casos de agresiones contra periodistas\u00a0pese a haber abierto m\u00e1s de\u00a0800 investigaciones. Indagatorias que no corresponden con las 2 mil 20 agresiones contra periodistas\u00a0registradas en el mismo periodo, n\u00famero que evidencia una alta cifra negra de ataques contra comunicadores no registrados.<\/p>\n<p style=\"text-align: justify;\">La violencia contra la prensa no va a cesar mientras no se combata la impunidad\u00bb, dijo Ana Cristina Ruelas, directora de la oficina de Art\u00edculo 19 para M\u00e9xico y Centroam\u00e9rica.<\/p>\n<p style=\"text-align: justify;\">Agreg\u00f3 que \u00abnunca antes se hab\u00edan registrado tantas agresiones\u00bb, luego de que en 2016 se asentaron\u00a0426 agresiones contra comunicadores, y de \u00e9stas, \u00abse document\u00f3 que el\u00a053% fueron perpetradas por agentes del Estado\u00bb, incluyendo dos ejecuciones extrajudiciales, seg\u00fan un adelanto del informe\u00a0<em>Libertades en Resistencia<\/em>.<\/p>\n<p style=\"text-align: justify;\">En la \u00faltima d\u00e9cada\u00a0han desaparecido al menos 23 periodistas. Tan s\u00f3lo en lo que va del sexenio de Enrique Pe\u00f1a Nieto han sido\u00a0asesinados 30 periodistas.<\/p>\n<p style=\"text-align: justify;\">En este sentido, Ruelas se\u00f1al\u00f3 que en los \u00faltimos 4 a\u00f1os del actual sexenio de Enrique Pe\u00f1a Nieto se ha documentado\u00a0un aumento de la violencia institucional ocho veces mayor, respecto a 2012, \u00faltimo a\u00f1o del sexenio del panista Felipe Calder\u00f3n.<\/p>\n<p style=\"text-align: justify;\">Una situaci\u00f3n que, de acuerdo con Leopoldo Maldonado, oficial de Protecci\u00f3n y Defensa de Art\u00edculo 19, evidencia la\u00a0complicidad del Estado en los ataques\u00a0contra periodistas en M\u00e9xico.<\/p>\n<p style=\"text-align: justify;\">\u00abUno de los peores problemas que enfrenta esta omisi\u00f3n, y esta complicidad en que se convierte dicha omisi\u00f3n por parte del Estado en materia de agresiones contra la prensa, es la\u00a0impunidad\u00bb, se\u00f1ala.<\/p>\n<p style=\"text-align: justify;\">\u00abInstituciones sobran, leyes sobran, recursos sobran. Lo que hace falta es voluntad. Por eso lo que tenemos ahorita es un cascar\u00f3n, un supuesto esquema de protecci\u00f3n\u00bb, agrega.<\/p>\n<p style=\"text-align: justify;\">En este contexto, Art\u00edculo 19 consider\u00f3 que \u00abla censura gubernamental\u00bb en leyes como la del Archivo General de la Naci\u00f3n (que pretende borrar datos de archivos hist\u00f3ricos), leyes &#8216;antimemes&#8217; (con las cuales se castiga con c\u00e1rcel la manipulaci\u00f3n de im\u00e1genes) o los delitos de ultraje (con los cuales cualquier insulto a la autoridad se castiga tambi\u00e9n con c\u00e1rcel), muestran c\u00f3mo es que, desde el marco normativo, se\u00a0pretende inhibir el derecho de expresi\u00f3n de los mexicanos.<\/p>\n<p style=\"text-align: justify;\">Otro de los casos m\u00e1s comunes para \u00abinhibir el ejercicio period\u00edstico\u00bb, seg\u00fan Art\u00edculo 19, tiene que ver con las\u00a0demandas por da\u00f1os moral contra comunicadores.\u00a0En este sentido, record\u00f3 que personajes como la periodista Ana Lilia P\u00e9rez lleva ya 7 a\u00f1os de litigio sin que se resuelva el caso (tras una demanda del panista Juan Bueno Torio ), similar a lo que ocurre con otros periodistas y analistas como Carmen Aristegui (demandada por Joaqu\u00edn Vargas, due\u00f1o de MVS) o Sergio Aguayo (demandado por el exgobernador de Coahuila, Humberto Moreira).<\/p>\n<p style=\"text-align: justify;\">En este sentido, Art\u00edculo 19 tambi\u00e9n apunt\u00f3 que en lo que va del actual sexenio de Pe\u00f1a, se increment\u00f3 en ocho veces este tipo de demandas respecto al sexenio de Felipe Calder\u00f3n.<\/p>\n<p style=\"text-align: justify;\">The Huffington Post.<\/p>\n","protected":false},"excerpt":{"rendered":"","protected":false},"author":6,"featured_media":12791,"comment_status":"open","ping_status":"open","sticky":false,"template":"","format":"standard","meta":{"_acf_changed":false,"_monsterinsights_skip_tracking":false,"slim_seo":{"title":"Estado perpetra m\u00e1s de la mitad de agresiones contra periodistas: Art\u00edculo 19 - Opini\u00f3n P\u00fablica","description":"La impunidad en 99.75% de los asesinatos y agresiones contra periodistas en M\u00e9xico evidencia las omisiones y complicidad del Estado mexicano a la hora de inhibi"},"footnotes":""},"categories":[3],"tags":[],"class_list":["post-12792","post","type-post","status-publish","format-standard","has-post-thumbnail","hentry","category-principal"],"acf":[],"_links":{"self":[{"href":"https:\/\/www.opinionpublica.tv\/portada\/wp-json\/wp\/v2\/posts\/12792","targetHints":{"allow":["GET"]}}],"collection":[{"href":"https:\/\/www.opinionpublica.tv\/portada\/wp-json\/wp\/v2\/posts"}],"about":[{"href":"https:\/\/www.opinionpublica.tv\/portada\/wp-json\/wp\/v2\/types\/post"}],"author":[{"embeddable":true,"href":"https:\/\/www.opinionpublica.tv\/portada\/wp-json\/wp\/v2\/users\/6"}],"replies":[{"embeddable":true,"href":"https:\/\/www.opinionpublica.tv\/portada\/wp-json\/wp\/v2\/comments?post=12792"}],"version-history":[{"count":0,"href":"https:\/\/www.opinionpublica.tv\/portada\/wp-json\/wp\/v2\/posts\/12792\/revisions"}],"wp:featuredmedia":[{"embeddable":true,"href":"https:\/\/www.opinionpublica.tv\/portada\/wp-json\/wp\/v2\/media\/12791"}],"wp:attachment":[{"href":"https:\/\/www.opinionpublica.tv\/portada\/wp-json\/wp\/v2\/media?parent=12792"}],"wp:term":[{"taxonomy":"category","embeddable":true,"href":"https:\/\/www.opinionpublica.tv\/portada\/wp-json\/wp\/v2\/categories?post=12792"},{"taxonomy":"post_tag","embeddable":true,"href":"https:\/\/www.opinionpublica.tv\/portada\/wp-json\/wp\/v2\/tags?post=12792"}],"curies":[{"name":"wp","href":"https:\/\/api.w.org\/{rel}","templated":true}]}}