{"id":12764,"date":"2017-03-27T07:00:00","date_gmt":"2017-03-27T05:00:00","guid":{"rendered":"https:\/\/www.opinionpublica.tv\/portada\/2017\/03\/27\/europa-en-riesgo-de-muerte-papa-francisco\/"},"modified":"2017-03-27T07:00:00","modified_gmt":"2017-03-27T05:00:00","slug":"europa-en-riesgo-de-muerte-papa-francisco","status":"publish","type":"post","link":"https:\/\/www.opinionpublica.tv\/portada\/europa-en-riesgo-de-muerte-papa-francisco\/","title":{"rendered":"Europa en riesgo de muerte; asegura Papa Francisco"},"content":{"rendered":"<p><img fetchpriority=\"high\" decoding=\"async\" class=\" size-full wp-image-12763\" src=\"https:\/\/www.opinionpublica.tv\/portada\/wp-content\/uploads\/2017\/03\/e3e43e64ef51c1e045494b824af806e9.jpg\" alt=\"\" class=\"caption\" title=\"Papa Francisco, obispo de Roma.\" width=\"321\" height=\"223\" srcset=\"https:\/\/www.opinionpublica.tv\/portada\/wp-content\/uploads\/2017\/03\/e3e43e64ef51c1e045494b824af806e9.jpg 321w, https:\/\/www.opinionpublica.tv\/portada\/wp-content\/uploads\/2017\/03\/e3e43e64ef51c1e045494b824af806e9-300x208.jpg 300w\" sizes=\"(max-width: 321px) 100vw, 321px\" \/><br \/>\n<!--more--><\/p>\n<p style=\"text-align: justify;\">\u00abEuropa se encuentra en riesgo de muerte\u00bb. El\u00a0<a href=\"http:\/\/www.huffingtonpost.es\/news\/papa-francisco\/\">papa Francisco<\/a>\u00a0ha rebajado el tono pero no ha abandonado el esp\u00edritu cr\u00edtico hacia la\u00a0<a href=\"http:\/\/www.huffingtonpost.es\/news\/ue\/\">Uni\u00f3n Europea<\/a>. En la Sala Regia del Vaticano, donde ha recibido a los l\u00edderes comunitarios que celebran en Roma el 60 aniversario de<a href=\"https:\/\/es.wikipedia.org\/wiki\/Tratados_de_Roma\">\u00a0los tratados fundacionales de la UE<\/a>, el pont\u00edfice ha lanzado esta advertencia y ha alertado a los mandatarios sobre las tendencias que apuntan a la disgregaci\u00f3n del\u00a0<em>club\u00a0<\/em>europeo.<\/p>\n<p style=\"text-align: justify;\">\u00abCuando un cuerpo pierde su sentido de la direcci\u00f3n y no es capaz de mirar hacia adelante, experimenta una regresi\u00f3n, y a la larga, corre el riesgo de morir\u00bb, ha aseverado Jorge Bergoglio, al tiempo que ha subrayado la identidad \u00abmulticultural\u00bb de la Uni\u00f3n Europea y ha reclamado de los l\u00edderes una nueva visi\u00f3n para el futuro, basada en la solidaridad que fue uno de los pilares de su creaci\u00f3n.<\/p>\n<p style=\"text-align: justify;\">El papa ha apuntado que\u00a0<a href=\"http:\/\/www.huffingtonpost.es\/news\/crisis-migratoria\/\">las crisis econ\u00f3mica y migratoria<\/a>\u00a0y\u00a0<a href=\"http:\/\/www.huffingtonpost.es\/2017\/01\/27\/estrategia-combatir-populismo_n_14059506.html\">el ascenso del populismo<\/a>son retos que los 27 pueden superar, pero pueden convertirse en letales si no se afrontan. En ese sentido, ha prevenido contra \u00abla tentaci\u00f3n de reducir los ideales fundacionales de la Uni\u00f3n a las exigencias productivas, econ\u00f3micas y financieras\u00bb.<\/p>\n<p style=\"text-align: justify;\">El sumo pont\u00edfice ha repasado los principios de solidaridad de los que dotaron a la Europa reci\u00e9n salida de la II Guerra Mundial los padres fundadores que promovieron los tratados,\u00a0<a href=\"http:\/\/internacional.elpais.com\/internacional\/2017\/03\/24\/actualidad\/1490356909_685389.html\">cuya firma en Roma en 1957 la Uni\u00f3n conmemora el s\u00e1bado en la capital italiana<\/a>.<\/p>\n<p style=\"text-align: justify;\">El papa ha se\u00f1alado que Europa \u00abno es un conjunto de normas que cumplir, o un manual de protocolos y procedimientos que seguir\u00bb, y apel\u00f3 a las ense\u00f1anzas de aquellos \u00abpadres fundadores\u00bb. \u00abA menudo se olvida tambi\u00e9n otra gran conquista fruto de la solidaridad sancionada el 25 de marzo de 1957: el tiempo de paz m\u00e1s largo de los \u00faltimos siglos\u00bb, ha continuado el papa.<\/p>\n<p style=\"text-align: justify;\">Francisco ha considerado que los sesenta a\u00f1os se consideran como \u00abel tiempo de la plena madurez\u00bb. \u00abUna edad crucial en la que estamos llamados de nuevo a revisarnos. Tambi\u00e9n hoy, la Uni\u00f3n Europea est\u00e1 llamada a un replanteamiento, a curar los inevitables achaques que vienen con los a\u00f1os y a encontrar nuevas v\u00edas para continuar su propio camino\u00bb, ha dicho.<\/p>\n<p style=\"text-align: justify;\">Pero, ha subrayado, la UE \u00abno tiene ante ella una inevitable vejez,\u00a0<a href=\"http:\/\/www.huffingtonpost.es\/2017\/03\/01\/populismos-europa_n_15077616.html\">sino la posibilidad de una nueva juventud<\/a>. Su \u00e9xito depender\u00e1 de la voluntad de trabajar una vez m\u00e1s juntos y del deseo de apostar por el futuro\u00bb. \u00abEso significa no tener miedo a tomar decisiones eficaces, para responder a los problemas reales de las personas y para resistir el paso del tiempo\u00bb, ha agregado.<\/p>\n<p style=\"text-align: justify;\">El papa se ha referido al origen multicultural de Europa al a\u00f1adir que su historia est\u00e1 marcada por \u00abel encuentro con otros pueblos y culturas\u00bb, y ha instado adem\u00e1s a considerar que la solidaridad es \u00abel ant\u00eddoto m\u00e1s eficaz contra los modernos populismos\u00bb.<\/p>\n<p style=\"text-align: justify;\">No pod\u00eda faltar la referencia a la \u00abgrave crisis migratoria\u00bb que afronta la Uni\u00f3n, y el papa advirti\u00f3 de que no es solo \u00abun problema num\u00e9rico, econ\u00f3mico o de seguridad\u00bb, sino que \u00e9l llama a Europa a plantearse qu\u00e9 cultura est\u00e1 en condiciones de proponer.<\/p>\n<p style=\"text-align: justify;\">\u00abParece como si el bienestar conseguido le hubiera recortado las alas y le hubiera hecho bajar la mirada\u00bb,\u00a0<a href=\"http:\/\/www.huffingtonpost.es\/2017\/03\/20\/un-ano-del-pacto-de-la-verguenza-entre-la-ue-y-turquia-que-e_a_21903091\/?utm_hp_ref=es-ue\">ha agregado sobre la actitud con la que Europa afronta sus desaf\u00edos<\/a>\u00a0en el siglo XXI.<\/p>\n<p style=\"text-align: justify;\">Y ha mencionado el riesgo de los populismos, que \u00abflorecen precisamente por el ego\u00edsmo, que nos encierra en un c\u00edrculo estrecho y asfixiante y no nos permite superar la estrechez de los propios pensamientos ni \u00abmirar m\u00e1s all\u00e1\u00bb.<\/p>\n<p style=\"text-align: justify;\">El papa ha dicho que Europa \u00abes una familia de pueblos y, como en toda buena familia, existen susceptibilidades diferentes, pero todos podr\u00e1n crecer en la medida en que est\u00e9n unidos. La Uni\u00f3n Europea nace como unidad de las diferencias\u00bb.<\/p>\n","protected":false},"excerpt":{"rendered":"","protected":false},"author":6,"featured_media":12763,"comment_status":"open","ping_status":"open","sticky":false,"template":"","format":"standard","meta":{"_acf_changed":false,"_monsterinsights_skip_tracking":false,"slim_seo":{"title":"Europa en riesgo de muerte; asegura Papa Francisco - Opini\u00f3n P\u00fablica","description":"\"Europa se encuentra en riesgo de muerte\". El\u00a0 papa Francisco \u00a0ha rebajado el tono pero no ha abandonado el esp\u00edritu cr\u00edtico hacia la\u00a0 Uni\u00f3n Europea . En la Sal"},"footnotes":""},"categories":[11],"tags":[],"class_list":["post-12764","post","type-post","status-publish","format-standard","has-post-thumbnail","hentry","category-tendencias"],"acf":[],"_links":{"self":[{"href":"https:\/\/www.opinionpublica.tv\/portada\/wp-json\/wp\/v2\/posts\/12764","targetHints":{"allow":["GET"]}}],"collection":[{"href":"https:\/\/www.opinionpublica.tv\/portada\/wp-json\/wp\/v2\/posts"}],"about":[{"href":"https:\/\/www.opinionpublica.tv\/portada\/wp-json\/wp\/v2\/types\/post"}],"author":[{"embeddable":true,"href":"https:\/\/www.opinionpublica.tv\/portada\/wp-json\/wp\/v2\/users\/6"}],"replies":[{"embeddable":true,"href":"https:\/\/www.opinionpublica.tv\/portada\/wp-json\/wp\/v2\/comments?post=12764"}],"version-history":[{"count":0,"href":"https:\/\/www.opinionpublica.tv\/portada\/wp-json\/wp\/v2\/posts\/12764\/revisions"}],"wp:featuredmedia":[{"embeddable":true,"href":"https:\/\/www.opinionpublica.tv\/portada\/wp-json\/wp\/v2\/media\/12763"}],"wp:attachment":[{"href":"https:\/\/www.opinionpublica.tv\/portada\/wp-json\/wp\/v2\/media?parent=12764"}],"wp:term":[{"taxonomy":"category","embeddable":true,"href":"https:\/\/www.opinionpublica.tv\/portada\/wp-json\/wp\/v2\/categories?post=12764"},{"taxonomy":"post_tag","embeddable":true,"href":"https:\/\/www.opinionpublica.tv\/portada\/wp-json\/wp\/v2\/tags?post=12764"}],"curies":[{"name":"wp","href":"https:\/\/api.w.org\/{rel}","templated":true}]}}