{"id":12551,"date":"2017-03-19T07:00:00","date_gmt":"2017-03-19T06:00:00","guid":{"rendered":"https:\/\/www.opinionpublica.tv\/portada\/2017\/03\/19\/trimestre-17-eventos-de-pesadilla\/"},"modified":"2017-03-19T07:00:00","modified_gmt":"2017-03-19T06:00:00","slug":"trimestre-17-eventos-de-pesadilla","status":"publish","type":"post","link":"https:\/\/www.opinionpublica.tv\/portada\/trimestre-17-eventos-de-pesadilla\/","title":{"rendered":"Trimestre 17, eventos de pesadilla"},"content":{"rendered":"<p style=\"text-align: justify;\">Tradicionalmente hago cada tres meses una relaci\u00f3n de los eventos que m\u00e1s impactaron, ya sea en la vida de los ciudadanos o en la agenda de los medios de comunicaci\u00f3n; sin embargo pocas veces he tenido que concentrar la atenci\u00f3n en dos eventos preocupantes, uno, local que en su momento gener\u00f3 la mayor movilizaci\u00f3n de enojo como fue el incremento al precio de las gasolinas.<\/p>\n<p><!--more--><\/p>\n<p style=\"text-align: justify;\">Y otro, global, ya advertido, que es la llegada de Donald Trump a la presidencia de EUA con un discurso y un estilo que lo menos que se le puede llamar es ofensivo hacia los mexicanos que viven en ese pa\u00eds con el gran delito de trabajar, producir o s\u00f3lo vivir en ese pa\u00eds sin su permiso, llam\u00e1ndolos delincuentes y equipar\u00e1ndolos a violadores, narcotraficantes o terroristas que, si bien existen, son la inmensa minor\u00eda y son mucho menos que los que existen ya en ese pa\u00eds sin ser inmigrantes. Bien, los eventos son:<\/p>\n<p style=\"text-align: justify;\">Una serie de explosiones en un mercado de juegos pirot\u00e9cnicos en el pueblo Tultepec en Edomex dej\u00f3 decenas de heridos y varios muertos en diciembre.<\/p>\n<p style=\"text-align: justify;\">Un alza considerable en el precio de la gasolina provoc\u00f3 protestas, saqueos y bloqueos de vialidades, las autoridades detuvieron a m\u00e1s de 250 personas por robos y actos de vandalismo en todo el pa\u00eds.<\/p>\n<p style=\"text-align: justify;\">Donald Trump toma posesi\u00f3n como presidente de Estados Unidos y firma decretos para renegociar el TLCAN, construir un muro en la frontera con M\u00e9xico; y retira a EU del Acuerdo Comercial Transpac\u00edfico, entre muchos otros. Millones de mujeres marchan en Estados Unidos y el mundo contra Trump al d\u00eda siguiente de su inicio de gobierno y en M\u00e9xico se organiza una marcha en febrero que convoca a decenas de miles a manifestarse, tanto contra las pol\u00edticas de Trump como por los niveles de corrupci\u00f3n que se ha alcanzado en los distintos gobiernos en M\u00e9xico. En s\u00f3lo ocho d\u00edas de su gesti\u00f3n Trump pierde 50% de aprobaci\u00f3n.<\/p>\n<p style=\"text-align: justify;\">La automotriz Ford cancela inversi\u00f3n en M\u00e9xico a instancias de Trump, que adem\u00e1s amaga a General Motors y otras compa\u00f1\u00edas con impuestos adicionales por fabricar productos en M\u00e9xico.<\/p>\n<p style=\"text-align: justify;\">Enrique Pe\u00f1a Nieto suspende una reuni\u00f3n prevista con Trump, la decisi\u00f3n llega despu\u00e9s de que el estadounidense firm\u00f3 la orden de construir un muro en la frontera; pa\u00edses europeos se solidarizan con M\u00e9xico.<\/p>\n<p style=\"text-align: justify;\">Regresa al gabinete Luis Videgaray que ahora asume la Secretar\u00eda de Relaciones Exteriores en sustituci\u00f3n de Claudia Ruiz Massieu; Mar\u00eda Cristina Garc\u00eda Cepeda es nombrada secretaria de Cultura por la muerte de su titular Rafael Tovar y de Teresa.<\/p>\n<p style=\"text-align: justify;\">Aprueban en la Ciudad de M\u00e9xico su primera Constituci\u00f3n, que entrar\u00e1 en vigor el 17 de septiembre del 2018, excepto por los temas de materia electoral.<\/p>\n<p style=\"text-align: justify;\">Un grupo de especialistas designa a los cinco ciudadanos que integrar\u00e1n el comit\u00e9 anticorrupci\u00f3n: Mariclaire Acosta, Alfonso Hern\u00e1ndez, Jos\u00e9 Octavio L\u00f3pez Presa, Luis Manuel P\u00e9rez de Acha y Jacqueline Peschard. Estos nombramientos no son sujetos de veto del gobierno ni de los legisladores.<\/p>\n<p style=\"text-align: justify;\">Arranca el proceso electoral 2017 para gobernador en Estado de M\u00e9xico, Coahuila y Nayarit, y para alcaldes en Veracruz.<\/p>\n<p style=\"text-align: justify;\">Joaqu\u00edn el Chapo Guzm\u00e1n es extraditado a Estados Unidos. Y en sentido contrario ese pa\u00eds extradita a M\u00e9xico al exgobernador Mario Villanueva; aqu\u00ed purgar\u00e1 17 a\u00f1os de prisi\u00f3n que le restan a la sentencia de 22 a\u00f1os por narcotr\u00e1fico.<\/p>\n<p style=\"text-align: justify;\">Aprueba el Senado el uso de marihuana medicinal; este resultado estaba previsto pero no se dio el brinco a la discusi\u00f3n sobre la aprobaci\u00f3n del uso recreativo.<\/p>\n<p style=\"text-align: justify;\">Balacera en un bar de Playa del Carmen, Quintana Roo, deja cinco muertos y tres detenidos; d\u00edas despu\u00e9s balean la Fiscal\u00eda en Canc\u00fan en ese mismo estado. En Monterrey un estudiante de secundaria dispar\u00f3 contra una maestra y compa\u00f1eros, para luego dispararse \u00e9l mismo, horas despu\u00e9s falleci\u00f3.<\/p>\n<p style=\"text-align: justify;\">En Tepic, Nayarit, por dos d\u00edas consecutivos se enfrentan delincuentes y polic\u00edas, se registran varios muertos entre ellos Juan Francisco Patr\u00f3n alias H2 y Francisco Daniel o Daniel Isaac Silva alias H9, presuntos l\u00edderes del narcotr\u00e1fico; este evento hace ver nuevamente la necesidad de aprobar una ley de seguridad interior que d\u00e9 un marco legal a la actuaci\u00f3n de las Fuerzas Armadas en el combate a la delincuencia organizada.<\/p>\n<p style=\"text-align: justify;\">En el \u00e1mbito internacional: Antonio Guterres es nombrado nuevo secretario general de la ONU; renuncia el primer ministro de Italia; en Argentina, Cristina Fern\u00e1ndez de Kirchner es procesada y en Surcorea se destituye a la presidenta, ambas por corrupci\u00f3n; se realiza la primera vuelta presidencial en Ecuador, el candidato del partido en el gobierno Lenin Moreno estuvo a d\u00e9cimas de vencer pero los resultados muestran que se realizar\u00e1 una segunda vuelta contra el opositor Guillermo Laso el 2 de abril.<\/p>\n<p style=\"text-align: justify;\">El \u00faltimo d\u00eda del trimestre Trump dio su primer discurso ante el congreso y ratific\u00f3 sus posturas proponiendo medidas antiinmigratorias y la inmediata construcci\u00f3n de su nefasto muro.<\/p>\n<p style=\"text-align: justify;\">El trimestre 17 de los 24 para los que se eligi\u00f3 al actual gobierno no fue tranquilo, aparecieron problemas antes inexistentes como inflaci\u00f3n y migraci\u00f3n, particularmente esta \u00faltima ha generado un sentimiento de unidad y de preocupaci\u00f3n por los mexicanos que viven en EUA, pero hoy viven escondidos, con temor y con riesgo de que sus familias sean separadas o sean v\u00edctimas de grupos racistas que si bien ya exist\u00edan, hoy se sienten motivados por el tono y el discurso de su presidente, la noche empez\u00f3.<\/p>\n<p style=\"text-align: justify;\"><a href=\"mailto:rcampos@consulta.com.mx\">rcampos@consulta.com.mx<\/a><\/p>\n","protected":false},"excerpt":{"rendered":"<p>Tradicionalmente hago cada tres meses una relaci\u00f3n de los eventos que m\u00e1s impactaron, ya sea en la vida de los ciudadanos o en la agenda de los medios de comunicaci\u00f3n; sin embargo pocas veces he tenido que concentrar la atenci\u00f3n en dos eventos preocupantes, uno, local que en su momento gener\u00f3 la mayor movilizaci\u00f3n de [&hellip;]<\/p>\n","protected":false},"author":6,"featured_media":0,"comment_status":"open","ping_status":"open","sticky":false,"template":"","format":"standard","meta":{"_acf_changed":false,"_monsterinsights_skip_tracking":false,"slim_seo":{"title":"Trimestre 17, eventos de pesadilla - Opini\u00f3n P\u00fablica","description":"Tradicionalmente hago cada tres meses una relaci\u00f3n de los eventos que m\u00e1s impactaron, ya sea en la vida de los ciudadanos o en la agenda de los medios de comuni"},"footnotes":""},"categories":[35],"tags":[],"class_list":["post-12551","post","type-post","status-publish","format-standard","hentry","category-roy-campos-opina"],"acf":[],"_links":{"self":[{"href":"https:\/\/www.opinionpublica.tv\/portada\/wp-json\/wp\/v2\/posts\/12551","targetHints":{"allow":["GET"]}}],"collection":[{"href":"https:\/\/www.opinionpublica.tv\/portada\/wp-json\/wp\/v2\/posts"}],"about":[{"href":"https:\/\/www.opinionpublica.tv\/portada\/wp-json\/wp\/v2\/types\/post"}],"author":[{"embeddable":true,"href":"https:\/\/www.opinionpublica.tv\/portada\/wp-json\/wp\/v2\/users\/6"}],"replies":[{"embeddable":true,"href":"https:\/\/www.opinionpublica.tv\/portada\/wp-json\/wp\/v2\/comments?post=12551"}],"version-history":[{"count":0,"href":"https:\/\/www.opinionpublica.tv\/portada\/wp-json\/wp\/v2\/posts\/12551\/revisions"}],"wp:attachment":[{"href":"https:\/\/www.opinionpublica.tv\/portada\/wp-json\/wp\/v2\/media?parent=12551"}],"wp:term":[{"taxonomy":"category","embeddable":true,"href":"https:\/\/www.opinionpublica.tv\/portada\/wp-json\/wp\/v2\/categories?post=12551"},{"taxonomy":"post_tag","embeddable":true,"href":"https:\/\/www.opinionpublica.tv\/portada\/wp-json\/wp\/v2\/tags?post=12551"}],"curies":[{"name":"wp","href":"https:\/\/api.w.org\/{rel}","templated":true}]}}