{"id":12483,"date":"2017-03-16T07:00:00","date_gmt":"2017-03-16T06:00:00","guid":{"rendered":"https:\/\/www.opinionpublica.tv\/portada\/2017\/03\/16\/la-proteccion-de-la-vida-es-un-derecho-humano\/"},"modified":"2017-03-16T07:00:00","modified_gmt":"2017-03-16T06:00:00","slug":"la-proteccion-de-la-vida-es-un-derecho-humano","status":"publish","type":"post","link":"https:\/\/www.opinionpublica.tv\/portada\/la-proteccion-de-la-vida-es-un-derecho-humano\/","title":{"rendered":"La protecci\u00f3n de la vida es un derecho humano"},"content":{"rendered":"<p style=\"text-align: justify;\">En esta entrega voy a escribir de algo que, por desgracia, se ha convertido en tab\u00fa, a pesar de que la inmensa mayor\u00eda de la poblaci\u00f3n est\u00e1 en contra de ello. El tema es el aborto.<\/p>\n<p><!--more--><\/p>\n<p style=\"text-align: justify;\">Nuestra Constituci\u00f3n General de la Rep\u00fablica establece en su art\u00edculo 1\u00ba el reconocimiento de los derechos humanos consagrados en los tratados internacionales, otorgando garant\u00edas para su protecci\u00f3n. El mismo art\u00edculo, constitucional se basa la determinaci\u00f3n de que los tratados internacionales est\u00e1n en el mismo rango que la Constituci\u00f3n, conforme lo ha dispuesto la Suprema Corte de Justicia de la Naci\u00f3n.<\/p>\n<p style=\"text-align: justify;\">Ahora bien, existe controversia de si existe en una mujer el derecho de abortar el producto de la gestaci\u00f3n, conforme a los tratados internacionales que protegen derechos humanos. La conclusi\u00f3n al respecto, es que no hay tratado alguno que establezca este supuesto derecho. Al contrario, hay innumerables disposiciones emanadas de los tratados que protegen el derecho a la vida, como el m\u00e1s esencial derecho humano.<\/p>\n<p style=\"text-align: justify;\">Ahora bien, respecto a este \u00faltimo derecho, hay suma controversia sobre cu\u00e1ndo empieza la vida en un ser humano, si la vida empieza en el momento de la concepci\u00f3n. Los estudios cient\u00edficos han determinado que la vida empieza con la fusi\u00f3n del \u00f3vulo con el espermatozoide. La ciencia nos dice que una vez que el espermatozoide ingresa en el gameto femenino, los pron\u00facleos masculino y femenino entran en contacto estrecho y replican su ADN.<\/p>\n<p style=\"text-align: justify;\">Esa uni\u00f3n genera una nueva c\u00e9lula llamada cigoto. Hay quienes opinan que un cigoto no es un ser humano, pero debemos considerar que cuando el cigoto crece se transforma en embri\u00f3n y cuando el embri\u00f3n crece, se transforma en feto, y cuando el feto nace es un bebe. Si este desarrollo se interrumpe en cualquier etapa de su desarrollo un ser humano no llega a nacer, y por lo tanto, la vida se acaba.<\/p>\n<p style=\"text-align: justify;\">La discusi\u00f3n del tema es amplia y apasionada, pero se reduce a si una mujer, en un supuesto ejercicio de libertad sobre lo que pasa en su cuerpo, tiene el derecho de dar por terminado su embarazo. Por el otro lado, se manifiesta que la vida es un derecho humano garantizado por la ley, que defiende la sociedad para su propia subsistencia y desarrollo, que no puede ser terminada por el deseo de una madre en ciernes ejerciendo ese supuesto derecho a \u201chacer lo que quiera con su cuerpo\u201d.<\/p>\n<p style=\"text-align: justify;\">Para justificar el aborto, hay amplias razones, si el embarazo se debe a un delito como el incesto o la violaci\u00f3n, si es por motivos de salud de la madre, si se pone en peligro la subsistencia del n\u00facleo familiar con un nuevo miembro, si deriva de relaciones extramaritales, si es de alto riesgo por la edad de la madre, si el feto viene defectuoso.<\/p>\n<p style=\"text-align: justify;\">En fin, hay muchos pretextos, supuestamente racionales, para justificar el aborto. Pero lo que m\u00e1s se pone a discusi\u00f3n, es que la prohibici\u00f3n del aborto afecta la salud de la madre, porque acude a m\u00e9todos clandestinos para terminar con su embarazo, y con un aborto practicado de una manera terap\u00e9utica, se salvan vidas.<\/p>\n<p style=\"text-align: justify;\">En cuanto a estad\u00edsticas sobre el n\u00famero de abortos cometidos en M\u00e9xico, tenemos las de la Ciudad de M\u00e9xico, en donde se aprob\u00f3 la realizaci\u00f3n de abortos con recursos p\u00fablicos, como una \u201cmedida de salud para proteger a las madres que lo deseen\u201d. Tenemos que en dicha entidad se despenaliz\u00f3 el aborto en el a\u00f1o 2007, permiti\u00e9ndose el mismo de una manera inducida hasta las doce semanas de embarazo.<\/p>\n<p style=\"text-align: justify;\">Las cifras de abortos llevados a cabo en cl\u00ednicas p\u00fablicas en la Ciudad de M\u00e9xico son grandes, de 2007 a 2016 se han llevado a cabo 170,703 abortos, sin contar los que se han llevado a cabo en cl\u00ednicas privadas.<\/p>\n<p style=\"text-align: justify;\">En efecto, las cifras son espeluznantes, sobre todo que no se han desarrollado pol\u00edticas p\u00fablicas para impedir que las mujeres aborten, a trav\u00e9s de procedimientos de adopci\u00f3n que pueden salvar literalmente miles de vidas humanas o, si se quiere, miles de \u201cunidades biol\u00f3gicas que devendr\u00e1n en seres humanos\u201d.<\/p>\n<p style=\"text-align: justify;\">La postura de los que somos derecho-humanistas, es que la vida se debe de proteger desde la concepci\u00f3n, sea la misma un ser humano o no lo sea, pero lo que s\u00ed es, es que de ah\u00ed derivar\u00e1 un ser humano completo, y eso debe ser tutelado por el Estado, para la subsistencia de la especie y para beneficio de la sociedad.<\/p>\n<p style=\"text-align: justify;\">Permitir esta interrupci\u00f3n atenta con la esencia misma de nuestra especie desde un punto de vista biol\u00f3gico, atenta contra un ser indefenso que no tiene culpa alguna m\u00e1s que la circunstancia de su madre. Nosotros, como seres humanos tenemos el deber \u00e9tico, moral y solidario de proteger la vida en nuestra especie.<\/p>\n","protected":false},"excerpt":{"rendered":"<p>En esta entrega voy a escribir de algo que, por desgracia, se ha convertido en tab\u00fa, a pesar de que la inmensa mayor\u00eda de la poblaci\u00f3n est\u00e1 en contra de ello. El tema es el aborto.<\/p>\n","protected":false},"author":6,"featured_media":0,"comment_status":"open","ping_status":"open","sticky":false,"template":"","format":"standard","meta":{"_acf_changed":false,"_monsterinsights_skip_tracking":false,"slim_seo":{"title":"La protecci\u00f3n de la vida es un derecho humano - Opini\u00f3n P\u00fablica","description":"En esta entrega voy a escribir de algo que, por desgracia, se ha convertido en tab\u00fa, a pesar de que la inmensa mayor\u00eda de la poblaci\u00f3n est\u00e1 en contra de ello. E"},"footnotes":""},"categories":[17],"tags":[],"class_list":["post-12483","post","type-post","status-publish","format-standard","hentry","category-ultima-instancia"],"acf":[],"_links":{"self":[{"href":"https:\/\/www.opinionpublica.tv\/portada\/wp-json\/wp\/v2\/posts\/12483","targetHints":{"allow":["GET"]}}],"collection":[{"href":"https:\/\/www.opinionpublica.tv\/portada\/wp-json\/wp\/v2\/posts"}],"about":[{"href":"https:\/\/www.opinionpublica.tv\/portada\/wp-json\/wp\/v2\/types\/post"}],"author":[{"embeddable":true,"href":"https:\/\/www.opinionpublica.tv\/portada\/wp-json\/wp\/v2\/users\/6"}],"replies":[{"embeddable":true,"href":"https:\/\/www.opinionpublica.tv\/portada\/wp-json\/wp\/v2\/comments?post=12483"}],"version-history":[{"count":0,"href":"https:\/\/www.opinionpublica.tv\/portada\/wp-json\/wp\/v2\/posts\/12483\/revisions"}],"wp:attachment":[{"href":"https:\/\/www.opinionpublica.tv\/portada\/wp-json\/wp\/v2\/media?parent=12483"}],"wp:term":[{"taxonomy":"category","embeddable":true,"href":"https:\/\/www.opinionpublica.tv\/portada\/wp-json\/wp\/v2\/categories?post=12483"},{"taxonomy":"post_tag","embeddable":true,"href":"https:\/\/www.opinionpublica.tv\/portada\/wp-json\/wp\/v2\/tags?post=12483"}],"curies":[{"name":"wp","href":"https:\/\/api.w.org\/{rel}","templated":true}]}}