{"id":12431,"date":"2017-03-13T07:00:00","date_gmt":"2017-03-13T06:00:00","guid":{"rendered":"https:\/\/www.opinionpublica.tv\/portada\/2017\/03\/13\/efemerides-13-de-marzo\/"},"modified":"2017-03-13T07:00:00","modified_gmt":"2017-03-13T06:00:00","slug":"efemerides-13-de-marzo","status":"publish","type":"post","link":"https:\/\/www.opinionpublica.tv\/portada\/efemerides-13-de-marzo\/","title":{"rendered":"Efem\u00e9rides 13 de marzo"},"content":{"rendered":"<img fetchpriority=\"high\" decoding=\"async\" class=\" size-full wp-image-12430\" src=\"https:\/\/www.opinionpublica.tv\/portada\/wp-content\/uploads\/2017\/03\/6cd106c6c9eaae691a91562dec3d04eb.jpg\" alt=\"\" class=\"caption\" title=\"John F. Kennedy, primer presidente irland\u00e9s cat\u00f3lico de Estados Unidos.\" width=\"600\" height=\"400\" srcset=\"https:\/\/www.opinionpublica.tv\/portada\/wp-content\/uploads\/2017\/03\/6cd106c6c9eaae691a91562dec3d04eb.jpg 600w, https:\/\/www.opinionpublica.tv\/portada\/wp-content\/uploads\/2017\/03\/6cd106c6c9eaae691a91562dec3d04eb-300x200.jpg 300w\" sizes=\"(max-width: 600px) 100vw, 600px\" \/>\n<p style=\"text-align: justify;\">Un d\u00eda 13 de marzo como hoy, pero de 1961, el presidente estadounidense, John F. Kennedy, propone la uni\u00f3n de los pueblos del hemisferio en una \u00abAlianza para el Progreso\u00bb.<\/p>\n<p><!--more--><\/p>\n<p style=\"text-align: justify;\"><strong>Otras Efem\u00e9rides:<\/strong><\/p>\n<p style=\"text-align: justify;\">1813.- Se crea el escudo argentino.<\/p>\n<p style=\"text-align: justify;\">1821.- Muere Juan Germ\u00e1n Roscio, pol\u00edtico y jurista venezolano.<\/p>\n<p style=\"text-align: justify;\">1844.- Carlos Antonio L\u00f3pez es designado presidente constitucional de Paraguay.<\/p>\n<p style=\"text-align: justify;\">1850.- Muere Juan Mart\u00edn de Puyrred\u00f3n, militar argentino.<\/p>\n<p style=\"text-align: justify;\">1869.- Nace Ram\u00f3n Men\u00e9ndez Pidal, investigador de la Literatura e Historia de Espa\u00f1a.<\/p>\n<p style=\"text-align: justify;\">1881.- Asesinado el zar Alejandro II de Rusia.<\/p>\n<p style=\"text-align: justify;\">1906.- Muere Susan B. Anthony, estadounidense iniciadora de la campa\u00f1a para la obtenci\u00f3n del voto femenino en su pa\u00eds.<\/p>\n<p style=\"text-align: justify;\">1925.- Tratado Hay-Quesada entre Cuba y EU por el que este \u00faltimo pa\u00eds renuncia a la posesi\u00f3n de la isla de los Pinos en favor de Cuba.<\/p>\n<p style=\"text-align: justify;\">1926.- Nace Carlos Roberto Reina, pol\u00edtico hondure\u00f1o.<\/p>\n<p style=\"text-align: justify;\">1933.- Joseph Goebbels es nombrado ministro de Propaganda del III Reich.<\/p>\n<p style=\"text-align: justify;\">1937.- Manuel Seraf\u00edn Pichardo, diplom\u00e1tico y poeta cubano.<\/p>\n<p style=\"text-align: justify;\">1963.- Nace Fito P\u00e1ez, m\u00fasico argentino.<\/p>\n<p style=\"text-align: justify;\">1972.- Llega a Madrid el ex presidente argentino Arturo Frondizi para entrevistarse con el tambi\u00e9n ex presidente Juan Domingo Per\u00f3n.<\/p>\n<p style=\"text-align: justify;\">1979.- Golpe de Estado pro castrista en la isla de Granada.<\/p>\n<p style=\"text-align: justify;\">Maurice Bishop desplaza del poder al primer ministro, Eric Gairy, ausente del pa\u00eds.<\/p>\n<p style=\"text-align: justify;\">1986.- La sonda espacial \u00abGiotto\u00bb se aproxima a menos de 500 kil\u00f3metros del n\u00facleo del cometa Halley.<\/p>\n<p style=\"text-align: justify;\">1988.- Primeras elecciones para alcaldes en la historia de Colombia.<\/p>\n<p style=\"text-align: justify;\">1989.- La UNESCO se suma a la conmemoraci\u00f3n del V Centenario del Descubrimiento de Am\u00e9rica.<\/p>\n<p style=\"text-align: justify;\">1990.- Ertha Pascal Trouillot, la primera mujer nombrada juez en su pa\u00eds, toma posesi\u00f3n de la Presidencia de Hait\u00ed.<\/p>\n<p style=\"text-align: justify;\">1990.- El presidente de EU, George Bush, levanta el embargo econ\u00f3mico impuesto a Nicaragua cinco a\u00f1os antes por su predecesor, Ronald Reagan.<\/p>\n<p style=\"text-align: justify;\">1992.- Un terremoto en Turqu\u00eda de 6.3 grados en la escala de Richter causa 500 muertos y 300 heridos.<\/p>\n<p style=\"text-align: justify;\">1993.- Muere Jos\u00e9 Antonio Gabriel y Gal\u00e1n, escritor espa\u00f1ol.<\/p>\n<p style=\"text-align: justify;\">1994.- El Partido Liberal gana las elecciones legislativas en Colombia con el 46 por cien de los votos.<\/p>\n<p style=\"text-align: justify;\">1995.- Concluye en Copenhague la I Cumbre Mundial sobre Desarrollo Social, con la aprobaci\u00f3n de algunos acuerdos contra la pobreza y la marginaci\u00f3n, as\u00ed como para garantizar los derechos del trabajador, la mujer y el ni\u00f1o.<\/p>\n<p style=\"text-align: justify;\">1997.- Se radicalizan los conflictos laborales y las protestas estudiantiles contra la gesti\u00f3n econ\u00f3mica del presidente de Venezuela, Rafael Caldera.<\/p>\n<p style=\"text-align: justify;\">1999.- Mueren 13 personas en un atentado con bombas incendiarias en un centro comercial de Estambul (Turqu\u00eda).<\/p>\n<p style=\"text-align: justify;\">2002.- Muere Hans-Georg Gadamer, fil\u00f3sofo alem\u00e1n.<\/p>\n<p style=\"text-align: justify;\">2005.- Hu Jintao se convierte en el nuevo hombre fuerte del r\u00e9gimen chino tras la celebraci\u00f3n de la Asamblea Nacional Popular.<\/p>\n<p style=\"text-align: justify;\">2009.- Muere Blanca Varela, poetisa peruana.<\/p>\n<p style=\"text-align: justify;\">2009.- EU dejar\u00e1 de llamar \u00abcombatientes enemigos\u00bb a los detenidos en Guant\u00e1namo y anuncia que revisar\u00e1 la pol\u00edtica aplicada a quienes sean capturados en conflictos armados u operaciones antiterroristas.<\/p>\n<p style=\"text-align: justify;\">2009.- Un hospital de Sevilla realiza, con \u00e9xito, el primer trasplante del mundo de sangre del cord\u00f3n umbilical a un ni\u00f1o enfermo donado por su hermano seleccionado gen\u00e9ticamente.<\/p>\n","protected":false},"excerpt":{"rendered":"<p>Un d\u00eda 13 de marzo como hoy, pero de 1961, el presidente estadounidense, John F. Kennedy, propone la uni\u00f3n de los pueblos del hemisferio en una \u00abAlianza para el Progreso\u00bb.<\/p>\n","protected":false},"author":6,"featured_media":12430,"comment_status":"open","ping_status":"open","sticky":false,"template":"","format":"standard","meta":{"_acf_changed":false,"_monsterinsights_skip_tracking":false,"slim_seo":{"title":"Efem\u00e9rides 13 de marzo - Opini\u00f3n P\u00fablica","description":"Un d\u00eda 13 de marzo como hoy, pero de 1961, el presidente estadounidense, John F. Kennedy, propone la uni\u00f3n de los pueblos del hemisferio en una \"Alianza para el"},"footnotes":""},"categories":[27],"tags":[],"class_list":["post-12431","post","type-post","status-publish","format-standard","has-post-thumbnail","hentry","category-un-dia-como-hoy"],"acf":[],"_links":{"self":[{"href":"https:\/\/www.opinionpublica.tv\/portada\/wp-json\/wp\/v2\/posts\/12431","targetHints":{"allow":["GET"]}}],"collection":[{"href":"https:\/\/www.opinionpublica.tv\/portada\/wp-json\/wp\/v2\/posts"}],"about":[{"href":"https:\/\/www.opinionpublica.tv\/portada\/wp-json\/wp\/v2\/types\/post"}],"author":[{"embeddable":true,"href":"https:\/\/www.opinionpublica.tv\/portada\/wp-json\/wp\/v2\/users\/6"}],"replies":[{"embeddable":true,"href":"https:\/\/www.opinionpublica.tv\/portada\/wp-json\/wp\/v2\/comments?post=12431"}],"version-history":[{"count":0,"href":"https:\/\/www.opinionpublica.tv\/portada\/wp-json\/wp\/v2\/posts\/12431\/revisions"}],"wp:featuredmedia":[{"embeddable":true,"href":"https:\/\/www.opinionpublica.tv\/portada\/wp-json\/wp\/v2\/media\/12430"}],"wp:attachment":[{"href":"https:\/\/www.opinionpublica.tv\/portada\/wp-json\/wp\/v2\/media?parent=12431"}],"wp:term":[{"taxonomy":"category","embeddable":true,"href":"https:\/\/www.opinionpublica.tv\/portada\/wp-json\/wp\/v2\/categories?post=12431"},{"taxonomy":"post_tag","embeddable":true,"href":"https:\/\/www.opinionpublica.tv\/portada\/wp-json\/wp\/v2\/tags?post=12431"}],"curies":[{"name":"wp","href":"https:\/\/api.w.org\/{rel}","templated":true}]}}