{"id":12283,"date":"2017-03-06T07:00:00","date_gmt":"2017-03-06T06:00:00","guid":{"rendered":"https:\/\/www.opinionpublica.tv\/portada\/2017\/03\/06\/empieza-este-martes-campana-de-vacunacion-en-la-ciudad-de-chihuahua\/"},"modified":"2017-03-06T07:00:00","modified_gmt":"2017-03-06T06:00:00","slug":"empieza-este-martes-campana-de-vacunacion-en-la-ciudad-de-chihuahua","status":"publish","type":"post","link":"https:\/\/www.opinionpublica.tv\/portada\/empieza-este-martes-campana-de-vacunacion-en-la-ciudad-de-chihuahua\/","title":{"rendered":"Inicia este martes campa\u00f1a de vacunaci\u00f3n en Chihuahua capital"},"content":{"rendered":"<p><img fetchpriority=\"high\" decoding=\"async\" class=\" size-full wp-image-12282\" src=\"https:\/\/www.opinionpublica.tv\/portada\/wp-content\/uploads\/2017\/03\/38f1cb47d6363a37fc9a07d9af8f86c7.jpg\" alt=\"\" width=\"720\" height=\"405\" srcset=\"https:\/\/www.opinionpublica.tv\/portada\/wp-content\/uploads\/2017\/03\/38f1cb47d6363a37fc9a07d9af8f86c7.jpg 720w, https:\/\/www.opinionpublica.tv\/portada\/wp-content\/uploads\/2017\/03\/38f1cb47d6363a37fc9a07d9af8f86c7-300x169.jpg 300w\" sizes=\"(max-width: 720px) 100vw, 720px\" \/><br \/>\n<!--more--><\/p>\n<p style=\"text-align: justify;\">A partir de este martes, la Secretar\u00eda de la Salud dar\u00e1 inicio con la campa\u00f1a de vacunaci\u00f3n en los centros deportivos municipales de la ciudad de Chihuahua, donde ser\u00e1n aplicadas dosis contra la poliomelitis, sarampi\u00f3n, rub\u00e9ola, parotiditis, hepatitis B y t\u00e9tano.<\/p>\n<p style=\"text-align: justify;\">El director del Instituto Municipal de Cultura F\u00edsica y Deportes, Orlando Villalobos Se\u00e1\u00f1ez, inform\u00f3 que se instalar\u00e1n dos m\u00f3dulos de vacunaci\u00f3n en zonas estrat\u00e9gicas de la ciudad.<\/p>\n<p style=\"text-align: justify;\">El primer m\u00f3dulo se colocar\u00e1 el martes en el Centro Deportivo Norte, en la calle R\u00edo Sacramento entre las calles 43 y 45 en el horario de 9:00 a las 13:00 horas. El segundo punto de vacunaci\u00f3n se instalar\u00e1 en el Centro Deportivo Tricentenario que est\u00e1 sobre la Av. Homero en la colonia Revoluci\u00f3n en el mismo horario.<\/p>\n","protected":false},"excerpt":{"rendered":"","protected":false},"author":6,"featured_media":12282,"comment_status":"open","ping_status":"open","sticky":false,"template":"","format":"standard","meta":{"_acf_changed":false,"_monsterinsights_skip_tracking":false,"slim_seo":{"title":"Inicia este martes campa\u00f1a de vacunaci\u00f3n en Chihuahua capital - Opini\u00f3n P\u00fablica","description":"A partir de este martes, la Secretar\u00eda de la Salud dar\u00e1 inicio con la campa\u00f1a de vacunaci\u00f3n en los centros deportivos municipales de la ciudad de Chihuahua, don"},"footnotes":""},"categories":[4],"tags":[],"class_list":["post-12283","post","type-post","status-publish","format-standard","has-post-thumbnail","hentry","category-pulsopolitico"],"acf":[],"_links":{"self":[{"href":"https:\/\/www.opinionpublica.tv\/portada\/wp-json\/wp\/v2\/posts\/12283","targetHints":{"allow":["GET"]}}],"collection":[{"href":"https:\/\/www.opinionpublica.tv\/portada\/wp-json\/wp\/v2\/posts"}],"about":[{"href":"https:\/\/www.opinionpublica.tv\/portada\/wp-json\/wp\/v2\/types\/post"}],"author":[{"embeddable":true,"href":"https:\/\/www.opinionpublica.tv\/portada\/wp-json\/wp\/v2\/users\/6"}],"replies":[{"embeddable":true,"href":"https:\/\/www.opinionpublica.tv\/portada\/wp-json\/wp\/v2\/comments?post=12283"}],"version-history":[{"count":0,"href":"https:\/\/www.opinionpublica.tv\/portada\/wp-json\/wp\/v2\/posts\/12283\/revisions"}],"wp:featuredmedia":[{"embeddable":true,"href":"https:\/\/www.opinionpublica.tv\/portada\/wp-json\/wp\/v2\/media\/12282"}],"wp:attachment":[{"href":"https:\/\/www.opinionpublica.tv\/portada\/wp-json\/wp\/v2\/media?parent=12283"}],"wp:term":[{"taxonomy":"category","embeddable":true,"href":"https:\/\/www.opinionpublica.tv\/portada\/wp-json\/wp\/v2\/categories?post=12283"},{"taxonomy":"post_tag","embeddable":true,"href":"https:\/\/www.opinionpublica.tv\/portada\/wp-json\/wp\/v2\/tags?post=12283"}],"curies":[{"name":"wp","href":"https:\/\/api.w.org\/{rel}","templated":true}]}}