{"id":12255,"date":"2017-03-05T07:00:00","date_gmt":"2017-03-05T06:00:00","guid":{"rendered":"https:\/\/www.opinionpublica.tv\/portada\/2017\/03\/05\/lopez-obrador-estara-este-lunes-en-el-paso-texas\/"},"modified":"2017-03-05T07:00:00","modified_gmt":"2017-03-05T06:00:00","slug":"lopez-obrador-estara-este-lunes-en-el-paso-texas","status":"publish","type":"post","link":"https:\/\/www.opinionpublica.tv\/portada\/lopez-obrador-estara-este-lunes-en-el-paso-texas\/","title":{"rendered":"L\u00f3pez Obrador estar\u00e1 este lunes en El Paso"},"content":{"rendered":"<p><img fetchpriority=\"high\" decoding=\"async\" class=\" size-full wp-image-12254\" src=\"https:\/\/www.opinionpublica.tv\/portada\/wp-content\/uploads\/2017\/03\/0273437318a610d4316228b2a7cbfdc0.jpg\" alt=\"\" class=\"caption\" title=\"Pase\u00f1os estar\u00e1n con L\u00f3pez Obrador en la Plaza San Jacinto.\" width=\"960\" height=\"500\" srcset=\"https:\/\/www.opinionpublica.tv\/portada\/wp-content\/uploads\/2017\/03\/0273437318a610d4316228b2a7cbfdc0.jpg 960w, https:\/\/www.opinionpublica.tv\/portada\/wp-content\/uploads\/2017\/03\/0273437318a610d4316228b2a7cbfdc0-300x156.jpg 300w, https:\/\/www.opinionpublica.tv\/portada\/wp-content\/uploads\/2017\/03\/0273437318a610d4316228b2a7cbfdc0-768x400.jpg 768w\" sizes=\"(max-width: 960px) 100vw, 960px\" \/><br \/>\n<!--more--><\/p>\n<p style=\"text-align: justify;\">El precandidato presidencial y presidente del partido Morena, Andr\u00e9s Manuel L\u00f3pez Obrador estar\u00e1 este lunes en El Paso, Texas, donde iniciar\u00e1 una gira proselitista por varias ciudades norteamericanas.<\/p>\n<p style=\"text-align: justify;\">El dos veces candidato presidencial de M\u00e9xico se reunir\u00e1 con agrupaciones afines este lunes en la Plaza San Jacinto a las cinco de la tarde, seg\u00fan los organizadores del movimiento denominado \u2018Todos unidos en apoyo a la comunidad mexicana migrante\u2019.<\/p>\n<p style=\"text-align: justify;\">Los organizadores aseguraron que esta gira no forma parte de una campa\u00f1a pol\u00edtica, pero fijar\u00e1n su postura sobre la situaci\u00f3n que viven miles de mexicanos en Estados Unidos.<\/p>\n<p style=\"text-align: justify;\">Rafael Espino, coordinador de la gira y redes sociales, se\u00f1al\u00f3 que esta visita es para decir a los estadounidenses\u00a0que los inmigrantes no son sus enemigos, y que est\u00e1n trabajando en M\u00e9xico para que los compatriotas tengan mejores oportunidades de vida, empleo y educaci\u00f3n.<\/p>\n<p style=\"text-align: justify;\">\u201cQueremos decirles que se est\u00e1 trabajando en la protecci\u00f3n de sus derechos por la hostilidad que reciben en este pa\u00eds por parte del gobierno en turno\u201d, dijo.<\/p>\n<p style=\"text-align: justify;\">Espino agreg\u00f3 que el pr\u00f3ximo 14 de marzo, L\u00f3pez Obrador sostendr\u00e1 una entrevista con el comisionado de Derechos Humanos de la ONU en Nueva York, para denunciar la violaci\u00f3n de los derechos humanos de los migrantes mexicanos por parte de la administraci\u00f3n de Donald Trump.<\/p>\n","protected":false},"excerpt":{"rendered":"","protected":false},"author":6,"featured_media":12254,"comment_status":"open","ping_status":"open","sticky":false,"template":"","format":"standard","meta":{"_acf_changed":false,"_monsterinsights_skip_tracking":false,"slim_seo":{"title":"L\u00f3pez Obrador estar\u00e1 este lunes en El Paso - Opini\u00f3n P\u00fablica","description":"El precandidato presidencial y presidente del partido Morena, Andr\u00e9s Manuel L\u00f3pez Obrador estar\u00e1 este lunes en El Paso, Texas, donde iniciar\u00e1 una gira proseliti"},"footnotes":""},"categories":[3],"tags":[],"class_list":["post-12255","post","type-post","status-publish","format-standard","has-post-thumbnail","hentry","category-principal"],"acf":[],"_links":{"self":[{"href":"https:\/\/www.opinionpublica.tv\/portada\/wp-json\/wp\/v2\/posts\/12255","targetHints":{"allow":["GET"]}}],"collection":[{"href":"https:\/\/www.opinionpublica.tv\/portada\/wp-json\/wp\/v2\/posts"}],"about":[{"href":"https:\/\/www.opinionpublica.tv\/portada\/wp-json\/wp\/v2\/types\/post"}],"author":[{"embeddable":true,"href":"https:\/\/www.opinionpublica.tv\/portada\/wp-json\/wp\/v2\/users\/6"}],"replies":[{"embeddable":true,"href":"https:\/\/www.opinionpublica.tv\/portada\/wp-json\/wp\/v2\/comments?post=12255"}],"version-history":[{"count":0,"href":"https:\/\/www.opinionpublica.tv\/portada\/wp-json\/wp\/v2\/posts\/12255\/revisions"}],"wp:featuredmedia":[{"embeddable":true,"href":"https:\/\/www.opinionpublica.tv\/portada\/wp-json\/wp\/v2\/media\/12254"}],"wp:attachment":[{"href":"https:\/\/www.opinionpublica.tv\/portada\/wp-json\/wp\/v2\/media?parent=12255"}],"wp:term":[{"taxonomy":"category","embeddable":true,"href":"https:\/\/www.opinionpublica.tv\/portada\/wp-json\/wp\/v2\/categories?post=12255"},{"taxonomy":"post_tag","embeddable":true,"href":"https:\/\/www.opinionpublica.tv\/portada\/wp-json\/wp\/v2\/tags?post=12255"}],"curies":[{"name":"wp","href":"https:\/\/api.w.org\/{rel}","templated":true}]}}