{"id":12198,"date":"2017-03-03T07:00:00","date_gmt":"2017-03-03T06:00:00","guid":{"rendered":"https:\/\/www.opinionpublica.tv\/portada\/2017\/03\/03\/pretende-trump-separar-a-madres-de-hijos-si-cruzan-ilegalmente-la-frontera\/"},"modified":"2017-03-03T07:00:00","modified_gmt":"2017-03-03T06:00:00","slug":"pretende-trump-separar-a-madres-de-hijos-si-cruzan-ilegalmente-la-frontera","status":"publish","type":"post","link":"https:\/\/www.opinionpublica.tv\/portada\/pretende-trump-separar-a-madres-de-hijos-si-cruzan-ilegalmente-la-frontera\/","title":{"rendered":"Pretende Trump separar a madres de hijos si cruzan ilegalmente la frontera"},"content":{"rendered":"<p><img fetchpriority=\"high\" decoding=\"async\" class=\" size-full wp-image-12197\" src=\"https:\/\/www.opinionpublica.tv\/portada\/wp-content\/uploads\/2017\/03\/e6b691b2d203a262367d6413a0da0fa5.jpg\" alt=\"\" class=\"caption\" title=\"Los ni\u00f1os ser\u00edan puestos bajo custodia del Departamento de Salud y Servicios Humanos.\" width=\"664\" height=\"498\" srcset=\"https:\/\/www.opinionpublica.tv\/portada\/wp-content\/uploads\/2017\/03\/e6b691b2d203a262367d6413a0da0fa5.jpg 664w, https:\/\/www.opinionpublica.tv\/portada\/wp-content\/uploads\/2017\/03\/e6b691b2d203a262367d6413a0da0fa5-300x225.jpg 300w\" sizes=\"(max-width: 664px) 100vw, 664px\" \/><br \/>\n<!--more--><\/p>\n<p style=\"text-align: justify;\">Mujeres y ni\u00f1os\u00a0que\u00a0crucen juntos ilegalmente\u00a0hacia\u00a0Estados Unidos podr\u00edan ser\u00a0separados\u00a0por las\u00a0autoridades estadounidenses\u00a0bajo una propuesta\u00a0considerada por el\u00a0Departamento de Seguridad Nacional, seg\u00fan tres funcionarios.<\/p>\n<p style=\"text-align: justify;\">Parte de la raz\u00f3n de la propuesta es disuadir a las madres de emigrar a Estados Unidos con sus hijos, explicaron a Reuters los funcionarios consultados, quienes dijeron haber sido informados sobre el plan del gobierno del presidente Donald Trump de adoptar esta medida.<\/p>\n<p style=\"text-align: justify;\">El cambio de pol\u00edtica permitir\u00eda al gobierno mantener a los padres en custodia mientras tratan de evitar la deportaci\u00f3n o esperan por las audiencias de asilo.<\/p>\n<p style=\"text-align: justify;\">Los ni\u00f1os ser\u00edan puestos bajo una custodia especial del Departamento de Salud y Servicios Humanos, bajo el m\u00e9todo menos restrictivo posible hasta que puedan ser cuidados por un familiar estadunidense o un tutor designado por el Estado.<\/p>\n<p style=\"text-align: justify;\">Actualmente, las familias que tratan de evitar la deportaci\u00f3n o piden asilo en general son liberados con rapidez y se les permite quedarse en Estados Unidos hasta que sus casos son resueltos. Una decisi\u00f3n de una corte de apelaciones federal impide una detenci\u00f3n prolongada en el caso de los menores.<\/p>\n<p style=\"text-align: justify;\">El presidente Donald Trump pidi\u00f3 el fin de la pol\u00edtica conocida como \u00abcapturar y liberar\u00bb, en la que a los inmigrantes que cruzan la frontera de forma ilegal se les permite vivir en el pa\u00eds mientras esperan que se desarrolle el proceso legal.<\/p>\n<p style=\"text-align: justify;\">Dos funcionarios fueron informados de la propuesta a comienzos de febrero por el jefe de la divisi\u00f3n de Asilo de los Servicios de Inmigraci\u00f3n, John Lafferty. La tercera fuente dijo que el Departamento de Seguridad Nacional considera separar a las mujeres de los ni\u00f1os, pero destac\u00f3 que todav\u00eda no se ha tomado una decisi\u00f3n al respecto.<\/p>\n<p style=\"text-align: justify;\">Funcionarios estadunidenses no respondieron a pedidos de comentarios.<\/p>\n<p style=\"text-align: justify;\">Unos 54 mil ni\u00f1os y sus guardianes fueron detenidos entre el 31 de octubre de 2016 y el 31 de enero, cifra que duplica a los capturados en el mismo periodo hace un a\u00f1o.<\/p>\n<p style=\"text-align: justify;\">Los republicanos en el Congreso se\u00f1alan que las mujeres est\u00e1n dispuestas a pasar por el peligroso viaje a trav\u00e9s de la frontera con sus hijos porque saben que ser\u00e1n liberadas r\u00e1pidamente y que pueden pasar a\u00f1os para que el proceso llegue a la justicia.<\/p>\n<p style=\"text-align: justify;\">Defensores de los derechos humanos dicen que la violencia en Am\u00e9rica Central fuerza a las madres a emigrar, por lo que se les debe otorgar el estatus de asiladas.<\/p>\n<p style=\"text-align: justify;\">El secretario del Departamento de Seguridad Nacional, John Kelly, le orden\u00f3 la semana pasada a los agentes de inmigraci\u00f3n que deporten o acusen con cargos criminales a los padres que faciliten el tr\u00e1fico ilegal de sus hijos.<\/p>\n<p style=\"text-align: justify;\">Muchos padres que llegan a la frontera entre Estados Unidos y M\u00e9xico con sus hijos le pagan a los llamados \u00abcoyotes\u00bb para que los gu\u00eden a trav\u00e9s de la peligrosa zona.<\/p>\n","protected":false},"excerpt":{"rendered":"","protected":false},"author":6,"featured_media":12197,"comment_status":"open","ping_status":"open","sticky":false,"template":"","format":"standard","meta":{"_acf_changed":false,"_monsterinsights_skip_tracking":false,"slim_seo":{"title":"Pretende Trump separar a madres de hijos si cruzan ilegalmente la frontera - Opini\u00f3n P\u00fablica","description":"Mujeres y ni\u00f1os\u00a0que\u00a0crucen juntos ilegalmente\u00a0hacia\u00a0Estados Unidos podr\u00edan ser\u00a0separados\u00a0por las\u00a0autoridades estadounidenses\u00a0bajo una propuesta\u00a0considerada por"},"footnotes":""},"categories":[3],"tags":[],"class_list":["post-12198","post","type-post","status-publish","format-standard","has-post-thumbnail","hentry","category-principal"],"acf":[],"_links":{"self":[{"href":"https:\/\/www.opinionpublica.tv\/portada\/wp-json\/wp\/v2\/posts\/12198","targetHints":{"allow":["GET"]}}],"collection":[{"href":"https:\/\/www.opinionpublica.tv\/portada\/wp-json\/wp\/v2\/posts"}],"about":[{"href":"https:\/\/www.opinionpublica.tv\/portada\/wp-json\/wp\/v2\/types\/post"}],"author":[{"embeddable":true,"href":"https:\/\/www.opinionpublica.tv\/portada\/wp-json\/wp\/v2\/users\/6"}],"replies":[{"embeddable":true,"href":"https:\/\/www.opinionpublica.tv\/portada\/wp-json\/wp\/v2\/comments?post=12198"}],"version-history":[{"count":0,"href":"https:\/\/www.opinionpublica.tv\/portada\/wp-json\/wp\/v2\/posts\/12198\/revisions"}],"wp:featuredmedia":[{"embeddable":true,"href":"https:\/\/www.opinionpublica.tv\/portada\/wp-json\/wp\/v2\/media\/12197"}],"wp:attachment":[{"href":"https:\/\/www.opinionpublica.tv\/portada\/wp-json\/wp\/v2\/media?parent=12198"}],"wp:term":[{"taxonomy":"category","embeddable":true,"href":"https:\/\/www.opinionpublica.tv\/portada\/wp-json\/wp\/v2\/categories?post=12198"},{"taxonomy":"post_tag","embeddable":true,"href":"https:\/\/www.opinionpublica.tv\/portada\/wp-json\/wp\/v2\/tags?post=12198"}],"curies":[{"name":"wp","href":"https:\/\/api.w.org\/{rel}","templated":true}]}}