{"id":12195,"date":"2017-03-03T07:00:00","date_gmt":"2017-03-03T06:00:00","guid":{"rendered":"https:\/\/www.opinionpublica.tv\/portada\/2017\/03\/03\/decomisan-130-kilos-de-marihuana-en-guadalupe-y-calvo\/"},"modified":"2017-03-03T07:00:00","modified_gmt":"2017-03-03T06:00:00","slug":"decomisan-130-kilos-de-marihuana-en-guadalupe-y-calvo","status":"publish","type":"post","link":"https:\/\/www.opinionpublica.tv\/portada\/decomisan-130-kilos-de-marihuana-en-guadalupe-y-calvo\/","title":{"rendered":"Decomisan 130 kilos de marihuana en Guadalupe y Calvo"},"content":{"rendered":"<p><img fetchpriority=\"high\" decoding=\"async\" class=\" size-full wp-image-12194\" src=\"https:\/\/www.opinionpublica.tv\/portada\/wp-content\/uploads\/2017\/03\/2e1abb0378a484af906ffe76429bee29.jpg\" alt=\"\" width=\"1200\" height=\"778\" srcset=\"https:\/\/www.opinionpublica.tv\/portada\/wp-content\/uploads\/2017\/03\/2e1abb0378a484af906ffe76429bee29.jpg 1200w, https:\/\/www.opinionpublica.tv\/portada\/wp-content\/uploads\/2017\/03\/2e1abb0378a484af906ffe76429bee29-300x195.jpg 300w, https:\/\/www.opinionpublica.tv\/portada\/wp-content\/uploads\/2017\/03\/2e1abb0378a484af906ffe76429bee29-1024x664.jpg 1024w, https:\/\/www.opinionpublica.tv\/portada\/wp-content\/uploads\/2017\/03\/2e1abb0378a484af906ffe76429bee29-768x498.jpg 768w\" sizes=\"(max-width: 1200px) 100vw, 1200px\" \/><br \/>\n<!--more--><\/p>\n<p style=\"text-align: justify;\">Durante un operativo coordinado contra el crimen organizado, elementos de la Polic\u00eda Estatal \u00danica aseguraron 130 kilogramos de marihuana, los cuales se encontraban en un inmueble deshabitado en el municipio de Guadalupe y Calvo.<\/p>\n<p style=\"text-align: justify;\">Este operativo tuvo lugar este jueves luego de un recorrido de prevenci\u00f3n y vigilancia en la brecha que conduce a la comunidad de Nabogame, en donde los agentes vieron a una persona salir corriendo de una vivienda abandonada luego de notar la presencia policial.<\/p>\n<p style=\"text-align: justify;\">Tras revisar el inmueble, los elementos estatales encontraron varios costales, as\u00ed como cuatro envoltorios confeccionados con cinta canela, los cuales conten\u00edan marihuana lista para su distribuci\u00f3n.<\/p>\n<p style=\"text-align: justify;\">Los costales fueron asegurados y los hechos reportados a la Procuradur\u00eda General de la Rep\u00fablica, la cual continuar\u00e1 las investigaciones correspondientes, pues la posesi\u00f3n de tal cantidad de droga se trata de un delito federal.<\/p>\n","protected":false},"excerpt":{"rendered":"","protected":false},"author":4,"featured_media":12194,"comment_status":"open","ping_status":"open","sticky":false,"template":"","format":"standard","meta":{"_acf_changed":false,"_monsterinsights_skip_tracking":false,"slim_seo":{"title":"Decomisan 130 kilos de marihuana en Guadalupe y Calvo - Opini\u00f3n P\u00fablica","description":"Durante un operativo coordinado contra el crimen organizado, elementos de la Polic\u00eda Estatal \u00danica aseguraron 130 kilogramos de marihuana, los cuales se encontr"},"footnotes":""},"categories":[4],"tags":[],"class_list":["post-12195","post","type-post","status-publish","format-standard","has-post-thumbnail","hentry","category-pulsopolitico"],"acf":[],"_links":{"self":[{"href":"https:\/\/www.opinionpublica.tv\/portada\/wp-json\/wp\/v2\/posts\/12195","targetHints":{"allow":["GET"]}}],"collection":[{"href":"https:\/\/www.opinionpublica.tv\/portada\/wp-json\/wp\/v2\/posts"}],"about":[{"href":"https:\/\/www.opinionpublica.tv\/portada\/wp-json\/wp\/v2\/types\/post"}],"author":[{"embeddable":true,"href":"https:\/\/www.opinionpublica.tv\/portada\/wp-json\/wp\/v2\/users\/4"}],"replies":[{"embeddable":true,"href":"https:\/\/www.opinionpublica.tv\/portada\/wp-json\/wp\/v2\/comments?post=12195"}],"version-history":[{"count":0,"href":"https:\/\/www.opinionpublica.tv\/portada\/wp-json\/wp\/v2\/posts\/12195\/revisions"}],"wp:featuredmedia":[{"embeddable":true,"href":"https:\/\/www.opinionpublica.tv\/portada\/wp-json\/wp\/v2\/media\/12194"}],"wp:attachment":[{"href":"https:\/\/www.opinionpublica.tv\/portada\/wp-json\/wp\/v2\/media?parent=12195"}],"wp:term":[{"taxonomy":"category","embeddable":true,"href":"https:\/\/www.opinionpublica.tv\/portada\/wp-json\/wp\/v2\/categories?post=12195"},{"taxonomy":"post_tag","embeddable":true,"href":"https:\/\/www.opinionpublica.tv\/portada\/wp-json\/wp\/v2\/tags?post=12195"}],"curies":[{"name":"wp","href":"https:\/\/api.w.org\/{rel}","templated":true}]}}