{"id":12185,"date":"2017-03-03T07:00:00","date_gmt":"2017-03-03T06:00:00","guid":{"rendered":"https:\/\/www.opinionpublica.tv\/portada\/2017\/03\/03\/asaltan-a-mujer-sobre-la-triunfo-de-la-republica\/"},"modified":"2017-03-03T07:00:00","modified_gmt":"2017-03-03T06:00:00","slug":"asaltan-a-mujer-sobre-la-triunfo-de-la-republica","status":"publish","type":"post","link":"https:\/\/www.opinionpublica.tv\/portada\/asaltan-a-mujer-sobre-la-triunfo-de-la-republica\/","title":{"rendered":"Asaltan a mujer sobre la Triunfo de la Rep\u00fablica"},"content":{"rendered":"<p><img fetchpriority=\"high\" decoding=\"async\" class=\" size-full wp-image-12184\" src=\"https:\/\/www.opinionpublica.tv\/portada\/wp-content\/uploads\/2017\/03\/ca16e908d28b769f473b071da0db5399.jpg\" alt=\"\" width=\"640\" height=\"553\" srcset=\"https:\/\/www.opinionpublica.tv\/portada\/wp-content\/uploads\/2017\/03\/ca16e908d28b769f473b071da0db5399.jpg 640w, https:\/\/www.opinionpublica.tv\/portada\/wp-content\/uploads\/2017\/03\/ca16e908d28b769f473b071da0db5399-300x259.jpg 300w\" sizes=\"(max-width: 640px) 100vw, 640px\" \/><br \/>\n<!--more--><\/p>\n<p style=\"text-align: justify;\">Este viernes una empleada del \u00e1rea administrativa de una empresa de radio sufri\u00f3 un asalto a las afueras de un banco, ubicado sobre la Avenida de las Am\u00e9ricas y Paseo Triunfo de la Republica.<\/p>\n<p style=\"text-align: justify;\">Seg\u00fan la informaci\u00f3n emitida, el hecho ocurri\u00f3 en la sucursal de seguros Banorte en este cruce, cuando la mujer descendi\u00f3 de su veh\u00edculo para depositar alrededor de 70 mil pesos de pago de seguros. En ese momento, la victima fue agredida por dos j\u00f3venes de alrededor 25 a\u00f1os, quienes la despojaron del dinero a punta de pistola.<\/p>\n<p style=\"text-align: justify;\">En el forcejeo la mujer resulto con una torcedura en la mano, al momento de que los delincuentes le quitaran el dinero. Se reporta que tambi\u00e9n dispararon contra la mujer durante el ataque.<\/p>\n<p style=\"text-align: justify;\">Al lugar acudieron elementos de la Polic\u00eda Municipal y agentes Ministeriales los cuales comenzaron con las investigaciones del caso.<\/p>\n<p style=\"text-align: justify;\">A su vez implementaron un operativo para dar con el paradero de los asaltantes, y hasta el momento no se reporta alguna detenci\u00f3n.<\/p>\n","protected":false},"excerpt":{"rendered":"","protected":false},"author":4,"featured_media":12184,"comment_status":"open","ping_status":"open","sticky":false,"template":"","format":"standard","meta":{"_acf_changed":false,"_monsterinsights_skip_tracking":false,"slim_seo":{"title":"Asaltan a mujer sobre la Triunfo de la Rep\u00fablica - Opini\u00f3n P\u00fablica","description":"Este viernes una empleada del \u00e1rea administrativa de una empresa de radio sufri\u00f3 un asalto a las afueras de un banco, ubicado sobre la Avenida de las Am\u00e9ricas y"},"footnotes":""},"categories":[5],"tags":[],"class_list":["post-12185","post","type-post","status-publish","format-standard","has-post-thumbnail","hentry","category-frontera"],"acf":[],"_links":{"self":[{"href":"https:\/\/www.opinionpublica.tv\/portada\/wp-json\/wp\/v2\/posts\/12185","targetHints":{"allow":["GET"]}}],"collection":[{"href":"https:\/\/www.opinionpublica.tv\/portada\/wp-json\/wp\/v2\/posts"}],"about":[{"href":"https:\/\/www.opinionpublica.tv\/portada\/wp-json\/wp\/v2\/types\/post"}],"author":[{"embeddable":true,"href":"https:\/\/www.opinionpublica.tv\/portada\/wp-json\/wp\/v2\/users\/4"}],"replies":[{"embeddable":true,"href":"https:\/\/www.opinionpublica.tv\/portada\/wp-json\/wp\/v2\/comments?post=12185"}],"version-history":[{"count":0,"href":"https:\/\/www.opinionpublica.tv\/portada\/wp-json\/wp\/v2\/posts\/12185\/revisions"}],"wp:featuredmedia":[{"embeddable":true,"href":"https:\/\/www.opinionpublica.tv\/portada\/wp-json\/wp\/v2\/media\/12184"}],"wp:attachment":[{"href":"https:\/\/www.opinionpublica.tv\/portada\/wp-json\/wp\/v2\/media?parent=12185"}],"wp:term":[{"taxonomy":"category","embeddable":true,"href":"https:\/\/www.opinionpublica.tv\/portada\/wp-json\/wp\/v2\/categories?post=12185"},{"taxonomy":"post_tag","embeddable":true,"href":"https:\/\/www.opinionpublica.tv\/portada\/wp-json\/wp\/v2\/tags?post=12185"}],"curies":[{"name":"wp","href":"https:\/\/api.w.org\/{rel}","templated":true}]}}