{"id":12181,"date":"2017-03-03T07:00:00","date_gmt":"2017-03-03T06:00:00","guid":{"rendered":"https:\/\/www.opinionpublica.tv\/portada\/2017\/03\/03\/videgaray-inaugura-centro-de-defensoria-en-nueva-york\/"},"modified":"2017-03-03T07:00:00","modified_gmt":"2017-03-03T06:00:00","slug":"videgaray-inaugura-centro-de-defensoria-en-nueva-york","status":"publish","type":"post","link":"https:\/\/www.opinionpublica.tv\/portada\/videgaray-inaugura-centro-de-defensoria-en-nueva-york\/","title":{"rendered":"Videgaray inaugura centro de defensor\u00eda en Nueva York"},"content":{"rendered":"<p><img fetchpriority=\"high\" decoding=\"async\" class=\" size-full wp-image-12180\" src=\"https:\/\/www.opinionpublica.tv\/portada\/wp-content\/uploads\/2017\/03\/b67888e0facbbea13fb2f398298735ca.jpg\" alt=\"\" class=\"caption\" title=\"Luis Videgaray este viernes en Nueva York.\" width=\"510\" height=\"379\" srcset=\"https:\/\/www.opinionpublica.tv\/portada\/wp-content\/uploads\/2017\/03\/b67888e0facbbea13fb2f398298735ca.jpg 510w, https:\/\/www.opinionpublica.tv\/portada\/wp-content\/uploads\/2017\/03\/b67888e0facbbea13fb2f398298735ca-300x223.jpg 300w\" sizes=\"(max-width: 510px) 100vw, 510px\" \/><br \/>\n<!--more--><\/p>\n<p style=\"text-align: justify;\">El canciller mexicano Luis Videgaray inaugur\u00f3 este viernes el centro de defensor\u00eda del Consulado General de M\u00e9xico en Nueva York.<\/p>\n<p style=\"text-align: justify;\">A trav\u00e9s de Twitter, se difundi\u00f3 que en el acto estuvieron presentes el Subsecretario para Am\u00e9rica del Norte, Carlos Sada, y el C\u00f3nsul General de M\u00e9xico en Nueva York, Diego G\u00f3mez Pickering.<\/p>\n<p style=\"text-align: justify;\">De manera simult\u00e1nea, las 50 representaciones de M\u00e9xico en Estados Unidos inauguraron estos centros de defensor\u00eda de manera simb\u00f3lica, con stands de pl\u00e1stico con logos de la dependencia, que empleados consulares han calificado de mera improvisaci\u00f3n.<\/p>\n<p style=\"text-align: justify;\">En Twitter, Rebeca Vargas, presidenta de la US-Mexico Foundation, difundi\u00f3 im\u00e1genes del Secretario de Relaciones Exteriores haciendo entrega de un acta de nacimiento.<\/p>\n<p style=\"text-align: justify;\">El objetivo de los centros de defensor\u00eda, a los cuales les ser\u00e1n asignados 291.6 millones de pesos, es atender las necesidades de orientaci\u00f3n y representaci\u00f3n legal de los mexicanos en EU, con una red de abogados consultores, cl\u00ednicas de derecho migratorio, organizaciones de litigio y pro migrantes.<\/p>\n<p style=\"text-align: justify;\">De manera oficial, la Secretar\u00eda de Relaciones Exteriores no ha difundido que el Canciller se encuentra en Nueva York.<\/p>\n<p style=\"text-align: justify;\">Con informaci\u00f3n de Reforma.<\/p>\n","protected":false},"excerpt":{"rendered":"","protected":false},"author":6,"featured_media":12180,"comment_status":"open","ping_status":"open","sticky":false,"template":"","format":"standard","meta":{"_acf_changed":false,"_monsterinsights_skip_tracking":false,"slim_seo":{"title":"Videgaray inaugura centro de defensor\u00eda en Nueva York - Opini\u00f3n P\u00fablica","description":"El canciller mexicano Luis Videgaray inaugur\u00f3 este viernes el centro de defensor\u00eda del Consulado General de M\u00e9xico en Nueva York. A trav\u00e9s de Twitter, se difund"},"footnotes":""},"categories":[24],"tags":[],"class_list":["post-12181","post","type-post","status-publish","format-standard","has-post-thumbnail","hentry","category-estados-unidos"],"acf":[],"_links":{"self":[{"href":"https:\/\/www.opinionpublica.tv\/portada\/wp-json\/wp\/v2\/posts\/12181","targetHints":{"allow":["GET"]}}],"collection":[{"href":"https:\/\/www.opinionpublica.tv\/portada\/wp-json\/wp\/v2\/posts"}],"about":[{"href":"https:\/\/www.opinionpublica.tv\/portada\/wp-json\/wp\/v2\/types\/post"}],"author":[{"embeddable":true,"href":"https:\/\/www.opinionpublica.tv\/portada\/wp-json\/wp\/v2\/users\/6"}],"replies":[{"embeddable":true,"href":"https:\/\/www.opinionpublica.tv\/portada\/wp-json\/wp\/v2\/comments?post=12181"}],"version-history":[{"count":0,"href":"https:\/\/www.opinionpublica.tv\/portada\/wp-json\/wp\/v2\/posts\/12181\/revisions"}],"wp:featuredmedia":[{"embeddable":true,"href":"https:\/\/www.opinionpublica.tv\/portada\/wp-json\/wp\/v2\/media\/12180"}],"wp:attachment":[{"href":"https:\/\/www.opinionpublica.tv\/portada\/wp-json\/wp\/v2\/media?parent=12181"}],"wp:term":[{"taxonomy":"category","embeddable":true,"href":"https:\/\/www.opinionpublica.tv\/portada\/wp-json\/wp\/v2\/categories?post=12181"},{"taxonomy":"post_tag","embeddable":true,"href":"https:\/\/www.opinionpublica.tv\/portada\/wp-json\/wp\/v2\/tags?post=12181"}],"curies":[{"name":"wp","href":"https:\/\/api.w.org\/{rel}","templated":true}]}}